{"id":1579,"date":"2016-06-09T15:48:32","date_gmt":"2016-06-09T19:48:32","guid":{"rendered":"http:\/\/blogdalucianaoliveira.com.br\/blog\/?p=1579"},"modified":"2016-06-09T15:48:32","modified_gmt":"2016-06-09T19:48:32","slug":"juiz-demora-19-anos-pra-mandar-cumprir-liminar-e-conflito-agrario-pode-ser-pior-que-o-de-corumbiara","status":"publish","type":"post","link":"http:\/\/blogdalucianaoliveira.com.br\/blog\/2016\/06\/09\/juiz-demora-19-anos-pra-mandar-cumprir-liminar-e-conflito-agrario-pode-ser-pior-que-o-de-corumbiara\/","title":{"rendered":"Juiz demora 19 anos pra mandar cumprir liminar e conflito agr\u00e1rio pode ser pior que o de Corumbiara"},"content":{"rendered":"<p><img data-recalc-dims=\"1\" loading=\"lazy\" decoding=\"async\" data-attachment-id=\"1580\" data-permalink=\"http:\/\/blogdalucianaoliveira.com.br\/blog\/2016\/06\/09\/juiz-demora-19-anos-pra-mandar-cumprir-liminar-e-conflito-agrario-pode-ser-pior-que-o-de-corumbiara\/image-341\/\" data-orig-file=\"https:\/\/i0.wp.com\/blogdalucianaoliveira.com.br\/blog\/wp-content\/uploads\/2016\/06\/image-37.jpeg?fit=3264%2C2448\" data-orig-size=\"3264,2448\" data-comments-opened=\"0\" data-image-meta=\"{&quot;aperture&quot;:&quot;2.2&quot;,&quot;credit&quot;:&quot;&quot;,&quot;camera&quot;:&quot;iPhone 6&quot;,&quot;caption&quot;:&quot;&quot;,&quot;created_timestamp&quot;:&quot;1465467049&quot;,&quot;copyright&quot;:&quot;&quot;,&quot;focal_length&quot;:&quot;4.15&quot;,&quot;iso&quot;:&quot;100&quot;,&quot;shutter_speed&quot;:&quot;0.0333333333333&quot;,&quot;title&quot;:&quot;&quot;,&quot;orientation&quot;:&quot;1&quot;}\" data-image-title=\"image\" data-image-description=\"\" data-image-caption=\"\" data-medium-file=\"https:\/\/i0.wp.com\/blogdalucianaoliveira.com.br\/blog\/wp-content\/uploads\/2016\/06\/image-37.jpeg?fit=300%2C225\" data-large-file=\"https:\/\/i0.wp.com\/blogdalucianaoliveira.com.br\/blog\/wp-content\/uploads\/2016\/06\/image-37.jpeg?fit=600%2C450\" src=\"https:\/\/i0.wp.com\/blogdalucianaoliveira.com.br\/blog\/wp-content\/uploads\/2016\/06\/image-37.jpeg?resize=600%2C450\" alt=\"image\" width=\"600\" height=\"450\" class=\"alignnone size-full wp-image-1580\" srcset=\"https:\/\/i0.wp.com\/blogdalucianaoliveira.com.br\/blog\/wp-content\/uploads\/2016\/06\/image-37.jpeg?w=3264 3264w, https:\/\/i0.wp.com\/blogdalucianaoliveira.com.br\/blog\/wp-content\/uploads\/2016\/06\/image-37.jpeg?resize=300%2C225 300w, https:\/\/i0.wp.com\/blogdalucianaoliveira.com.br\/blog\/wp-content\/uploads\/2016\/06\/image-37.jpeg?resize=768%2C576 768w, https:\/\/i0.wp.com\/blogdalucianaoliveira.com.br\/blog\/wp-content\/uploads\/2016\/06\/image-37.jpeg?resize=400%2C300 400w, https:\/\/i0.wp.com\/blogdalucianaoliveira.com.br\/blog\/wp-content\/uploads\/2016\/06\/image-37.jpeg?w=1200 1200w, https:\/\/i0.wp.com\/blogdalucianaoliveira.com.br\/blog\/wp-content\/uploads\/2016\/06\/image-37.jpeg?w=1800 1800w\" sizes=\"auto, (max-width: 600px) 100vw, 600px\" \/><\/p>\n<p>Em Audi\u00eancia P\u00fablica realizada na manh\u00e3 desta quinta feira, proposta pelos deputados Lazinho da Fetagro e Cleiton Roque, com a participa\u00e7\u00e3o do Programa Terra Legal do INCRA, da Comiss\u00e3o Pastoral da Terra, da Ouvidoria Agr\u00e1ria Nacional, da Vice-Prefeita e do Vice-Presidente da C\u00e2mara Municipal de Candeias do Jamari, de todos os vereadores de Candeias do Jamari, al\u00e9m de cerca de 100 pequenos e m\u00e9dios produtores da Linha 45, a Assembl\u00e9ia Legislativa debateu o conflito agr\u00e1rio envolvendo os antigos seringais Lago da Brasileira e Escalerita, na regi\u00e3o do Rio Jamari, pr\u00f3ximo \u00e0 UHE de Samuel.<\/p>\n<p>\u00c9 a primeira vez que h\u00e1 um esfor\u00e7o conjunto para debater e buscar solu\u00e7\u00f5es para o lit\u00edgio possess\u00f3rio que envolve cerca de duas mil fam\u00edlias que vivem nas por\u00e7\u00f5es de terra conhecidas como lago da Brasileira e Escalerita, ao longo da linha 45.<\/p>\n<p>A regi\u00e3o mais parece um distrito urbano com v\u00e1rios estabelecimentos comerciais e industrias instalado na Vila Nova Samuel.<br \/>\nA preocupa\u00e7\u00e3o n\u00e3o \u00e9 \u00e0 toa, pois caso se cumpra a liminar de reintegra\u00e7\u00e3o de posse deferida ainda no ano de 1997, ora suspensa, pode ocorrer uma trag\u00e9dia pior que a conhecida como O Massacre de Corumbiara em 1995, quando um conflito envolvendo policiais militares e um grupo de sem-terra resultou na morte de 12 pessoas.<\/p>\n<p>A A\u00e7\u00e3o de Manuten\u00e7\u00e3o de Posse, posteriormente convertida em A\u00e7\u00e3o de Reintegra\u00e7\u00e3o, foi proposta por Aldo Castanheira, \u00e0 \u00e9poca ex-desembargador que reclamava o direito sobre cerca de oito mil hectares havia d\u00e9cadas ocupados com posses imemoriais.<\/p>\n<p>A desocupa\u00e7\u00e3o foi determinada por for\u00e7a de uma liminar deferida h\u00e1 19 anos e em dezembro de 2015 o mesmo juiz que concedeu a ordem, mandou cumprir, ap\u00f3s o processo passar 10 anos na Justi\u00e7a Federal.<\/p>\n<p>\u201cO provimento liminar de uma demanda depende de dois elementos jur\u00eddicos b\u00e1sicos: o fumus boni iuris, que significa a fuma\u00e7a do bom direito, a perspectiva do direito e, o periculum in mora, ou seja, o perigo da demora.  O novo C\u00f3digo de Processo Civil que inova ao tratar especificamente do lit\u00edgio possess\u00f3rio coletivo trouxe tamb\u00e9m a Tutela de Urg\u00eancia que \u00e9 um termo mais simplificado. Onde \u00e9 que est\u00e1 a urg\u00eancia em se cumprir uma liminar deferida h\u00e1 19 anos? Em lugar nenhum! Nem no plano de um mandado jur\u00eddico, nem no plano social,\u201d disse Ernande Segismundo, advogado que atua desde o in\u00edcio na causa na defesa dos posseiros.<\/p>\n<p>Al\u00e9m da demora injustific\u00e1vel do judici\u00e1rio em cumprir a liminar, o que imp\u00f4s ao lit\u00edgio o perigo de consequ\u00eancias tr\u00e1gicas, o advogado questiona a legitimidade do autor e a decis\u00e3o que \u00e9 desproporcional ao pedido, pois autoriza a reintegra\u00e7\u00e3o de mais de 20 mil hectares, quando apenas cerca de 8 mil s\u00e3o discutidos na A\u00e7\u00e3o.<\/p>\n<p>\u201cEsse processo \u00e9 envolto em mist\u00e9rios que precisam ser esclarecidos. Estamos diante de uma situa\u00e7\u00e3o que requer extrema preocupa\u00e7\u00e3o, pois s\u00e3o milhares de pessoas que produzem h\u00e1 d\u00e9cadas contra um demandante que nunca produziu nada. <\/p>\n<p>\u00c9 imprescind\u00edvel averiguar a autenticidade de dois t\u00edtulos conferidos pelo Estado do Amazonas, um em 1902 e outro em 1907, afinal, a terra tem que cumprir sua finalidade social\u201d, ressaltou o advogado dos posseiros.<\/p>\n","protected":false},"excerpt":{"rendered":"<p>Em Audi\u00eancia P\u00fablica realizada na manh\u00e3 desta quinta feira, proposta pelos deputados Lazinho da Fetagro e Cleiton Roque, com a participa\u00e7\u00e3o do Programa Terra Legal do INCRA, da Comiss\u00e3o Pastoral da Terra, da Ouvidoria Agr\u00e1ria Nacional, da Vice-Prefeita e do Vice-Presidente da C\u00e2mara Municipal de Candeias do Jamari, de todos os vereadores de Candeias do&#8230;<a class=\"more-link\" href=\"http:\/\/blogdalucianaoliveira.com.br\/blog\/2016\/06\/09\/juiz-demora-19-anos-pra-mandar-cumprir-liminar-e-conflito-agrario-pode-ser-pior-que-o-de-corumbiara\/\">Continue a leitura <span class=\"meta-nav\">&raquo;<\/span><\/a><\/p>\n","protected":false},"author":1,"featured_media":0,"comment_status":"closed","ping_status":"open","sticky":false,"template":"","format":"standard","meta":{"_exactmetrics_skip_tracking":false,"_exactmetrics_sitenote_active":false,"_exactmetrics_sitenote_note":"","_exactmetrics_sitenote_category":0,"jetpack_post_was_ever_published":false,"_jetpack_newsletter_access":"","_jetpack_dont_email_post_to_subs":false,"_jetpack_newsletter_tier_id":0,"_jetpack_memberships_contains_paywalled_content":false,"_jetpack_memberships_contains_paid_content":false,"footnotes":"","jetpack_publicize_message":"","jetpack_publicize_feature_enabled":true,"jetpack_social_post_already_shared":true,"jetpack_social_options":{"image_generator_settings":{"template":"highway","enabled":false},"version":2}},"categories":[1],"tags":[],"class_list":["post-1579","post","type-post","status-publish","format-standard","hentry","category-notas"],"jetpack_publicize_connections":[],"jetpack_sharing_enabled":true,"jetpack_featured_media_url":"","jetpack_shortlink":"https:\/\/wp.me\/p7wKYW-pt","jetpack-related-posts":[],"_links":{"self":[{"href":"http:\/\/blogdalucianaoliveira.com.br\/blog\/wp-json\/wp\/v2\/posts\/1579","targetHints":{"allow":["GET"]}}],"collection":[{"href":"http:\/\/blogdalucianaoliveira.com.br\/blog\/wp-json\/wp\/v2\/posts"}],"about":[{"href":"http:\/\/blogdalucianaoliveira.com.br\/blog\/wp-json\/wp\/v2\/types\/post"}],"author":[{"embeddable":true,"href":"http:\/\/blogdalucianaoliveira.com.br\/blog\/wp-json\/wp\/v2\/users\/1"}],"replies":[{"embeddable":true,"href":"http:\/\/blogdalucianaoliveira.com.br\/blog\/wp-json\/wp\/v2\/comments?post=1579"}],"version-history":[{"count":1,"href":"http:\/\/blogdalucianaoliveira.com.br\/blog\/wp-json\/wp\/v2\/posts\/1579\/revisions"}],"predecessor-version":[{"id":1581,"href":"http:\/\/blogdalucianaoliveira.com.br\/blog\/wp-json\/wp\/v2\/posts\/1579\/revisions\/1581"}],"wp:attachment":[{"href":"http:\/\/blogdalucianaoliveira.com.br\/blog\/wp-json\/wp\/v2\/media?parent=1579"}],"wp:term":[{"taxonomy":"category","embeddable":true,"href":"http:\/\/blogdalucianaoliveira.com.br\/blog\/wp-json\/wp\/v2\/categories?post=1579"},{"taxonomy":"post_tag","embeddable":true,"href":"http:\/\/blogdalucianaoliveira.com.br\/blog\/wp-json\/wp\/v2\/tags?post=1579"}],"curies":[{"name":"wp","href":"https:\/\/api.w.org\/{rel}","templated":true}]}}