{"id":15800,"date":"2017-12-26T17:42:28","date_gmt":"2017-12-26T21:42:28","guid":{"rendered":"http:\/\/blogdalucianaoliveira.com.br\/blog\/?p=15800"},"modified":"2017-12-26T17:42:28","modified_gmt":"2017-12-26T21:42:28","slug":"de-rondonia-marinha-mariana-e-garcon-sao-os-que-mais-faltaram","status":"publish","type":"post","link":"http:\/\/blogdalucianaoliveira.com.br\/blog\/2017\/12\/26\/de-rondonia-marinha-mariana-e-garcon-sao-os-que-mais-faltaram\/","title":{"rendered":"DE ROND\u00d4NIA: MARINHA, MARIANA E GAR\u00c7ON S\u00c3O OS QUE MAIS FALTARAM"},"content":{"rendered":"<p><img data-recalc-dims=\"1\" loading=\"lazy\" decoding=\"async\" data-attachment-id=\"15789\" data-permalink=\"http:\/\/blogdalucianaoliveira.com.br\/blog\/ban\/\" data-orig-file=\"https:\/\/i0.wp.com\/blogdalucianaoliveira.com.br\/blog\/wp-content\/uploads\/2017\/12\/BAN.jpg?fit=1280%2C650\" data-orig-size=\"1280,650\" data-comments-opened=\"0\" data-image-meta=\"{&quot;aperture&quot;:&quot;0&quot;,&quot;credit&quot;:&quot;&quot;,&quot;camera&quot;:&quot;&quot;,&quot;caption&quot;:&quot;&quot;,&quot;created_timestamp&quot;:&quot;0&quot;,&quot;copyright&quot;:&quot;&quot;,&quot;focal_length&quot;:&quot;0&quot;,&quot;iso&quot;:&quot;0&quot;,&quot;shutter_speed&quot;:&quot;0&quot;,&quot;title&quot;:&quot;&quot;,&quot;orientation&quot;:&quot;0&quot;}\" data-image-title=\"BAN\" data-image-description=\"\" data-image-caption=\"\" data-medium-file=\"https:\/\/i0.wp.com\/blogdalucianaoliveira.com.br\/blog\/wp-content\/uploads\/2017\/12\/BAN.jpg?fit=300%2C152\" data-large-file=\"https:\/\/i0.wp.com\/blogdalucianaoliveira.com.br\/blog\/wp-content\/uploads\/2017\/12\/BAN.jpg?fit=600%2C305\" class=\"alignnone size-full wp-image-15789\" src=\"https:\/\/i0.wp.com\/blogdalucianaoliveira.com.br\/blog\/wp-content\/uploads\/2017\/12\/BAN.jpg?resize=600%2C305\" alt=\"BAN\" width=\"600\" height=\"305\" srcset=\"https:\/\/i0.wp.com\/blogdalucianaoliveira.com.br\/blog\/wp-content\/uploads\/2017\/12\/BAN.jpg?w=1280 1280w, https:\/\/i0.wp.com\/blogdalucianaoliveira.com.br\/blog\/wp-content\/uploads\/2017\/12\/BAN.jpg?resize=300%2C152 300w, https:\/\/i0.wp.com\/blogdalucianaoliveira.com.br\/blog\/wp-content\/uploads\/2017\/12\/BAN.jpg?resize=768%2C390 768w, https:\/\/i0.wp.com\/blogdalucianaoliveira.com.br\/blog\/wp-content\/uploads\/2017\/12\/BAN.jpg?resize=1024%2C520 1024w, https:\/\/i0.wp.com\/blogdalucianaoliveira.com.br\/blog\/wp-content\/uploads\/2017\/12\/BAN.jpg?resize=591%2C300 591w, https:\/\/i0.wp.com\/blogdalucianaoliveira.com.br\/blog\/wp-content\/uploads\/2017\/12\/BAN.jpg?w=1200 1200w\" sizes=\"auto, (max-width: 600px) 100vw, 600px\" \/><\/p>\n<p>2017 foi o ano do desgosto para o trabalhador brasileiro.<\/p>\n<p>Por 296 votos a favor e 177 contra, a reforma trabalhista foi aprovada na C\u00e2mara.<\/p>\n<p>Quase um ter\u00e7o dos parlamentares decidiu extinguir direitos e precarizar o trabalho.<\/p>\n<p>A bancada de Rond\u00f4nia votou em peso favor\u00e1vel \u00e0 reforma. S\u00f3 o deputado Expedito Neto foi contra.<\/p>\n<p>Na Capital, Porto Velho, o protesto contra a reforma trabalhista foi demonstrado nas ruas e o alerta a quem votar a favor da Reforma da Previd\u00eancia est\u00e1 dado.<\/p>\n<p><img data-recalc-dims=\"1\" loading=\"lazy\" decoding=\"async\" data-attachment-id=\"15793\" data-permalink=\"http:\/\/blogdalucianaoliveira.com.br\/blog\/quei\/\" data-orig-file=\"https:\/\/i0.wp.com\/blogdalucianaoliveira.com.br\/blog\/wp-content\/uploads\/2017\/12\/quei.jpg?fit=960%2C720\" data-orig-size=\"960,720\" data-comments-opened=\"0\" data-image-meta=\"{&quot;aperture&quot;:&quot;0&quot;,&quot;credit&quot;:&quot;&quot;,&quot;camera&quot;:&quot;&quot;,&quot;caption&quot;:&quot;&quot;,&quot;created_timestamp&quot;:&quot;0&quot;,&quot;copyright&quot;:&quot;&quot;,&quot;focal_length&quot;:&quot;0&quot;,&quot;iso&quot;:&quot;0&quot;,&quot;shutter_speed&quot;:&quot;0&quot;,&quot;title&quot;:&quot;&quot;,&quot;orientation&quot;:&quot;0&quot;}\" data-image-title=\"quei\" data-image-description=\"\" data-image-caption=\"\" data-medium-file=\"https:\/\/i0.wp.com\/blogdalucianaoliveira.com.br\/blog\/wp-content\/uploads\/2017\/12\/quei.jpg?fit=300%2C225\" data-large-file=\"https:\/\/i0.wp.com\/blogdalucianaoliveira.com.br\/blog\/wp-content\/uploads\/2017\/12\/quei.jpg?fit=600%2C450\" class=\"alignnone size-full wp-image-15793\" src=\"https:\/\/i0.wp.com\/blogdalucianaoliveira.com.br\/blog\/wp-content\/uploads\/2017\/12\/quei.jpg?resize=600%2C450\" alt=\"quei\" width=\"600\" height=\"450\" srcset=\"https:\/\/i0.wp.com\/blogdalucianaoliveira.com.br\/blog\/wp-content\/uploads\/2017\/12\/quei.jpg?w=960 960w, https:\/\/i0.wp.com\/blogdalucianaoliveira.com.br\/blog\/wp-content\/uploads\/2017\/12\/quei.jpg?resize=300%2C225 300w, https:\/\/i0.wp.com\/blogdalucianaoliveira.com.br\/blog\/wp-content\/uploads\/2017\/12\/quei.jpg?resize=768%2C576 768w, https:\/\/i0.wp.com\/blogdalucianaoliveira.com.br\/blog\/wp-content\/uploads\/2017\/12\/quei.jpg?resize=400%2C300 400w\" sizes=\"auto, (max-width: 600px) 100vw, 600px\" \/><\/p>\n<p>Ao fim de mais um ano, a imprensa se dedica a levantar a assiduidade parlamentar da legislatura 2015\/2019.<\/p>\n<p>O resultado \u00e9 escandaloso.<!--more--><\/p>\n<p>O Bom Dia Brasil divulgou nesta ter\u00e7a-feira (26) que s\u00f3 18 dos 513 deputados compareceram a todas sess\u00f5es.<\/p>\n<p>7 faltaram mais da metade nas sess\u00f5es.<\/p>\n<p>18 perderam cerca de 40% das vota\u00e7\u00f5es.<\/p>\n<p>Guilherme Mussi (PP-SP) lidera o ranking dos faltosos sem justificativa, o equivalente a 35,45% das sess\u00f5es.<\/p>\n<p>Vinicius Gurgel (PR-AP) n\u00e3o apresentou sequer um projeto e faltou a 42,2% das sess\u00f5es.<\/p>\n<p>Wladimir Costa (SD-PA), aquele que homenageou Michel Temer com uma tatuagem, tamb\u00e9m est\u00e1 entre os que menos trabalharam e entre os que mais gastaram com verba indenizat\u00f3ria.<\/p>\n<p><img data-recalc-dims=\"1\" loading=\"lazy\" decoding=\"async\" data-attachment-id=\"15790\" data-permalink=\"http:\/\/blogdalucianaoliveira.com.br\/blog\/vla\/\" data-orig-file=\"https:\/\/i0.wp.com\/blogdalucianaoliveira.com.br\/blog\/wp-content\/uploads\/2017\/12\/vla.jpg?fit=620%2C465\" data-orig-size=\"620,465\" data-comments-opened=\"0\" data-image-meta=\"{&quot;aperture&quot;:&quot;0&quot;,&quot;credit&quot;:&quot;&quot;,&quot;camera&quot;:&quot;&quot;,&quot;caption&quot;:&quot;&quot;,&quot;created_timestamp&quot;:&quot;0&quot;,&quot;copyright&quot;:&quot;&quot;,&quot;focal_length&quot;:&quot;0&quot;,&quot;iso&quot;:&quot;0&quot;,&quot;shutter_speed&quot;:&quot;0&quot;,&quot;title&quot;:&quot;&quot;,&quot;orientation&quot;:&quot;0&quot;}\" data-image-title=\"vla\" data-image-description=\"\" data-image-caption=\"\" data-medium-file=\"https:\/\/i0.wp.com\/blogdalucianaoliveira.com.br\/blog\/wp-content\/uploads\/2017\/12\/vla.jpg?fit=300%2C225\" data-large-file=\"https:\/\/i0.wp.com\/blogdalucianaoliveira.com.br\/blog\/wp-content\/uploads\/2017\/12\/vla.jpg?fit=600%2C450\" class=\"alignnone size-full wp-image-15790\" src=\"https:\/\/i0.wp.com\/blogdalucianaoliveira.com.br\/blog\/wp-content\/uploads\/2017\/12\/vla.jpg?resize=600%2C450\" alt=\"vla\" width=\"600\" height=\"450\" srcset=\"https:\/\/i0.wp.com\/blogdalucianaoliveira.com.br\/blog\/wp-content\/uploads\/2017\/12\/vla.jpg?w=620 620w, https:\/\/i0.wp.com\/blogdalucianaoliveira.com.br\/blog\/wp-content\/uploads\/2017\/12\/vla.jpg?resize=300%2C225 300w, https:\/\/i0.wp.com\/blogdalucianaoliveira.com.br\/blog\/wp-content\/uploads\/2017\/12\/vla.jpg?resize=400%2C300 400w\" sizes=\"auto, (max-width: 600px) 100vw, 600px\" \/><\/p>\n<p>Todos receberam os sal\u00e1rios na \u00edntegra.<\/p>\n<p>A maioria alega motivos de doen\u00e7a ou atividade parlamentar em seus estados.<\/p>\n<p>Da bancada de Rond\u00f4nia, lideram o ranking de faltas por motivos diversos: Marinha Raupp, Mariana Carvalho e Lindomar Gar\u00e7on.<\/p>\n<p>Confira o ranking dos faltosos:<\/p>\n<p>Marinha Raupp:<\/p>\n<p>Total de dias com aus\u00eancias justificadas em sess\u00f5es deliberativas 67 ou 19,8%<br \/>\nTotal de dias com aus\u00eancias n\u00e3o justificadas em sess\u00f5es deliberativas 18 ou 5,3%<\/p>\n<p>Mariana Carvalho:<\/p>\n<p>Total de dias com aus\u00eancias justificadas em sess\u00f5es deliberativas 46 ou 13,6%<br \/>\nTotal de dias com aus\u00eancias n\u00e3o justificadas em sess\u00f5es deliberativas 8 ou 2,4%<\/p>\n<p>Lindomar Gar\u00e7on:<br \/>\nTotal de dias com aus\u00eancias justificadas em sess\u00f5es deliberativas 44 ou\u00a0 13,0%<br \/>\nTotal de dias com aus\u00eancias n\u00e3o justificadas em sess\u00f5es deliberativas 19 ou 5,6%<\/p>\n<p>L\u00facio Mosquini:<\/p>\n<p>Total de dias com aus\u00eancias justificadas em sess\u00f5es deliberativas 44 ou 13,0%<br \/>\nTotal de dias com aus\u00eancias n\u00e3o justificadas em sess\u00f5es deliberativas 14 ou 4,1%<\/p>\n<p>Marcos Rog\u00e9rio:<br \/>\nTotal de dias com aus\u00eancias justificadas em sess\u00f5es deliberativas 32 ou 9,5%<br \/>\nTotal de dias com aus\u00eancias n\u00e3o justificadas em sess\u00f5es deliberativas 5 ou 1,5%<\/p>\n<p>Nilton Capixaba<\/p>\n<p>Total de dias com aus\u00eancias justificadas em sess\u00f5es deliberativas 21 ou 6,2%<br \/>\nTotal de dias com aus\u00eancias n\u00e3o justificadas em sess\u00f5es deliberativas 5 ou 1,5%<\/p>\n<p>Expedito Neto<\/p>\n<p>Total de dias com aus\u00eancias justificadas em sess\u00f5es deliberativas 21 ou 6,2%<br \/>\nTotal de dias com aus\u00eancias n\u00e3o justificadas em sess\u00f5es deliberativas 4 ou 1,2%<\/p>\n<p>Luiz Cl\u00e1udio<\/p>\n<p>Total de dias com aus\u00eancias justificadas em sess\u00f5es deliberativas 6 ou 1,8%<br \/>\nTotal de dias com aus\u00eancias n\u00e3o justificadas em sess\u00f5es deliberativas 8 ou 2,4%<\/p>\n<p>Os dados est\u00e3o no site da C\u00e2mara, onde consta o seguinte alerta:<\/p>\n<p>&#8220;A remunera\u00e7\u00e3o mensal bruta do deputado federal \u00e9 de R$ 33.763,00 (Decreto Legislativo 276\/14). De acordo com a Constitui\u00e7\u00e3o Federal, o valor do subs\u00eddio \u00e9 o mesmo para deputados federais e senadores (Art. 49, inciso VII).<\/p>\n<p>O pagamento da remunera\u00e7\u00e3o mensal leva em conta o comparecimento do deputado \u00e0s sess\u00f5es deliberativas do Plen\u00e1rio (Ato da Mesa 67\/1997). Ou seja, a aus\u00eancia n\u00e3o justificada a uma sess\u00e3o deliberativa acarreta desconto no sal\u00e1rio.<\/p>\n<p>De acordo com o art. 4\u00ba do Ato Conjunto de 30 de janeiro de 2003, para calcular o valor relativo a cada sess\u00e3o, \u00e9 preciso dividir a soma dos subs\u00eddios vari\u00e1vel e adicional pelo n\u00famero de sess\u00f5es deliberativas realizadas no m\u00eas. Como hoje o subs\u00eddio \u00e9 fixo, toma-se como refer\u00eancia o percentual representado na \u00e9poca da publica\u00e7\u00e3o do ato pelos subs\u00eddios vari\u00e1vel e adicional: 62,5% da remunera\u00e7\u00e3o mensal dos deputados. Assim, para chegar ao valor do desconto por sess\u00e3o, divide-se R$ 21.101,88 (62,5% da remunera\u00e7\u00e3o mensal) pelo n\u00famero de sess\u00f5es deliberativas realizadas no m\u00eas.<\/p>\n<p>As aus\u00eancias n\u00e3o s\u00e3o descontadas se o parlamentar estiver em miss\u00e3o oficial no Pa\u00eds ou no exterior e em casos de doen\u00e7a comprovada por atestado, analisado por junta m\u00e9dica oficial, licen\u00e7a-maternidade, licen\u00e7a-paternidade, falecimento de pessoa da fam\u00edlia at\u00e9 o segundo grau civil e acidente (Ato da Mesa 66\/10).<\/p>\n<p>Informa\u00e7\u00f5es relativas ao comparecimento dos deputados \u00e0s sess\u00f5es deliberativas \u2013 inclusive \u00e0 participa\u00e7\u00e3o nas vota\u00e7\u00f5es em Plen\u00e1rio \u2013 est\u00e3o dispon\u00edveis no endere\u00e7o http:\/\/www2.camara.leg.br\/deputados\/pesquisa. O deputado perder\u00e1 o mandato se deixar de comparecer, sem justificativa, a 1\/3 das sess\u00f5es ordin\u00e1rias de cada sess\u00e3o legislativa (Art. 55 da Constitui\u00e7\u00e3o Federal).&#8221;<\/p>\n<p>Consulte aqui:\u00a0<a href=\"http:\/\/www2.camara.leg.br\/deputados\/pesquisa\">http:\/\/www2.camara.leg.br\/deputados\/pesquisa<\/a><\/p>\n","protected":false},"excerpt":{"rendered":"<p>2017 foi o ano do desgosto para o trabalhador brasileiro. Por 296 votos a favor e 177 contra, a reforma trabalhista foi aprovada na C\u00e2mara. Quase um ter\u00e7o dos parlamentares decidiu extinguir direitos e precarizar o trabalho. A bancada de Rond\u00f4nia votou em peso favor\u00e1vel \u00e0 reforma. S\u00f3 o deputado Expedito Neto foi contra. Na&#8230;<a class=\"more-link\" href=\"http:\/\/blogdalucianaoliveira.com.br\/blog\/2017\/12\/26\/de-rondonia-marinha-mariana-e-garcon-sao-os-que-mais-faltaram\/\">Continue a leitura <span class=\"meta-nav\">&raquo;<\/span><\/a><\/p>\n","protected":false},"author":1,"featured_media":0,"comment_status":"closed","ping_status":"open","sticky":false,"template":"","format":"standard","meta":{"_exactmetrics_skip_tracking":false,"_exactmetrics_sitenote_active":false,"_exactmetrics_sitenote_note":"","_exactmetrics_sitenote_category":0,"jetpack_post_was_ever_published":false,"_jetpack_newsletter_access":"","_jetpack_dont_email_post_to_subs":false,"_jetpack_newsletter_tier_id":0,"_jetpack_memberships_contains_paywalled_content":false,"_jetpack_memberships_contains_paid_content":false,"footnotes":"","jetpack_publicize_message":"","jetpack_publicize_feature_enabled":true,"jetpack_social_post_already_shared":true,"jetpack_social_options":{"image_generator_settings":{"template":"highway","enabled":false},"version":2}},"categories":[1],"tags":[],"class_list":["post-15800","post","type-post","status-publish","format-standard","hentry","category-notas"],"jetpack_publicize_connections":[],"jetpack_sharing_enabled":true,"jetpack_featured_media_url":"","jetpack_shortlink":"https:\/\/wp.me\/p7wKYW-46Q","jetpack-related-posts":[],"_links":{"self":[{"href":"http:\/\/blogdalucianaoliveira.com.br\/blog\/wp-json\/wp\/v2\/posts\/15800","targetHints":{"allow":["GET"]}}],"collection":[{"href":"http:\/\/blogdalucianaoliveira.com.br\/blog\/wp-json\/wp\/v2\/posts"}],"about":[{"href":"http:\/\/blogdalucianaoliveira.com.br\/blog\/wp-json\/wp\/v2\/types\/post"}],"author":[{"embeddable":true,"href":"http:\/\/blogdalucianaoliveira.com.br\/blog\/wp-json\/wp\/v2\/users\/1"}],"replies":[{"embeddable":true,"href":"http:\/\/blogdalucianaoliveira.com.br\/blog\/wp-json\/wp\/v2\/comments?post=15800"}],"version-history":[{"count":1,"href":"http:\/\/blogdalucianaoliveira.com.br\/blog\/wp-json\/wp\/v2\/posts\/15800\/revisions"}],"predecessor-version":[{"id":15801,"href":"http:\/\/blogdalucianaoliveira.com.br\/blog\/wp-json\/wp\/v2\/posts\/15800\/revisions\/15801"}],"wp:attachment":[{"href":"http:\/\/blogdalucianaoliveira.com.br\/blog\/wp-json\/wp\/v2\/media?parent=15800"}],"wp:term":[{"taxonomy":"category","embeddable":true,"href":"http:\/\/blogdalucianaoliveira.com.br\/blog\/wp-json\/wp\/v2\/categories?post=15800"},{"taxonomy":"post_tag","embeddable":true,"href":"http:\/\/blogdalucianaoliveira.com.br\/blog\/wp-json\/wp\/v2\/tags?post=15800"}],"curies":[{"name":"wp","href":"https:\/\/api.w.org\/{rel}","templated":true}]}}