{"id":15812,"date":"2017-12-27T10:20:25","date_gmt":"2017-12-27T14:20:25","guid":{"rendered":"http:\/\/blogdalucianaoliveira.com.br\/blog\/?p=15812"},"modified":"2017-12-27T10:21:56","modified_gmt":"2017-12-27T14:21:56","slug":"brasil-fecha-123-mil-vagas-formais-no-mes-em-que-reforma-entrou-em-vigor","status":"publish","type":"post","link":"http:\/\/blogdalucianaoliveira.com.br\/blog\/2017\/12\/27\/brasil-fecha-123-mil-vagas-formais-no-mes-em-que-reforma-entrou-em-vigor\/","title":{"rendered":"BRASIL FECHA 12,3 MIL VAGAS FORMAIS NO M\u00caS EM QUE REFORMA ENTROU EM VIGOR"},"content":{"rendered":"<p><img data-recalc-dims=\"1\" loading=\"lazy\" decoding=\"async\" data-attachment-id=\"15814\" data-permalink=\"http:\/\/blogdalucianaoliveira.com.br\/blog\/2017\/12\/27\/brasil-fecha-123-mil-vagas-formais-no-mes-em-que-reforma-entrou-em-vigor\/96b9e47d-06dd-4589-8c7a-f926f99d9898\/\" data-orig-file=\"https:\/\/i0.wp.com\/blogdalucianaoliveira.com.br\/blog\/wp-content\/uploads\/2017\/12\/96B9E47D-06DD-4589-8C7A-F926F99D9898.jpeg?fit=480%2C240\" data-orig-size=\"480,240\" data-comments-opened=\"0\" data-image-meta=\"{&quot;aperture&quot;:&quot;0&quot;,&quot;credit&quot;:&quot;&quot;,&quot;camera&quot;:&quot;&quot;,&quot;caption&quot;:&quot;&quot;,&quot;created_timestamp&quot;:&quot;0&quot;,&quot;copyright&quot;:&quot;&quot;,&quot;focal_length&quot;:&quot;0&quot;,&quot;iso&quot;:&quot;0&quot;,&quot;shutter_speed&quot;:&quot;0&quot;,&quot;title&quot;:&quot;&quot;,&quot;orientation&quot;:&quot;0&quot;}\" data-image-title=\"96B9E47D-06DD-4589-8C7A-F926F99D9898\" data-image-description=\"\" data-image-caption=\"\" data-medium-file=\"https:\/\/i0.wp.com\/blogdalucianaoliveira.com.br\/blog\/wp-content\/uploads\/2017\/12\/96B9E47D-06DD-4589-8C7A-F926F99D9898.jpeg?fit=300%2C150\" data-large-file=\"https:\/\/i0.wp.com\/blogdalucianaoliveira.com.br\/blog\/wp-content\/uploads\/2017\/12\/96B9E47D-06DD-4589-8C7A-F926F99D9898.jpeg?fit=480%2C240\" src=\"https:\/\/i0.wp.com\/blogdalucianaoliveira.com.br\/blog\/wp-content\/uploads\/2017\/12\/96B9E47D-06DD-4589-8C7A-F926F99D9898.jpeg?resize=480%2C240\" alt=\"96B9E47D-06DD-4589-8C7A-F926F99D9898\" width=\"480\" height=\"240\" class=\"alignnone size-full wp-image-15814\" srcset=\"https:\/\/i0.wp.com\/blogdalucianaoliveira.com.br\/blog\/wp-content\/uploads\/2017\/12\/96B9E47D-06DD-4589-8C7A-F926F99D9898.jpeg?w=480 480w, https:\/\/i0.wp.com\/blogdalucianaoliveira.com.br\/blog\/wp-content\/uploads\/2017\/12\/96B9E47D-06DD-4589-8C7A-F926F99D9898.jpeg?resize=300%2C150 300w\" sizes=\"auto, (max-width: 480px) 100vw, 480px\" \/><\/p>\n<p>247 &#8211; No m\u00eas em que a reforma trabalhista entrou em vigor, o Brasil registrou mais demiss\u00f5es do que contrata\u00e7\u00f5es. O saldo ficou negativo em 12,3 mil vagas em novembro.<!--more--><\/p>\n<p>Analistas ouvidos pela Reuters esperavam um saldo positivo de 22 mil vagas. Os dados do Caged (Cadastro Geral de Empregados e Desempregados) foram divulgados nesta quarta-feira (27) pelo Minist\u00e9rio do Trabalho.<\/p>\n<p>A reforma trabalhista entrou em vigor no dia 11 de novembro e criou novas formas de contrata\u00e7\u00f5es, como o trabalho intermitente.<\/p>\n<p>A expectativa dos defensores das mudan\u00e7as \u00e9 que a nova lei facilitaria contrata\u00e7\u00f5es e poderia aumentar o n\u00famero de empregos no pa\u00eds.<\/p>\n<p>As demiss\u00f5es foram maiores que as contrata\u00e7\u00f5es em novembro mesmo com a inclus\u00e3o, nos dados do governo, das contrata\u00e7\u00f5es de trabalhadores intermitente e em jornada parcial, que tiveram saldos positivos de 3.067 e 231, respectivamente.<\/p>\n<p>O minist\u00e9rio n\u00e3o divulgou dados sobre o teletrabalho, para o qual a nova lei criou regra espec\u00edficas. De acordo com a pasta, o governo ainda vai orientar os empregadores sobre como preencher os dados nessa modalidade.<\/p>\n<p>No acumulado de janeiro a novembro deste ano, foram criados 299,6 mil postos de trabalho. Em 12 meses, contudo, o saldo est\u00e1 negativo em 178,5 mil.<\/p>\n<p>As informa\u00e7\u00f5es s\u00e3o de reportagem de Lais Alegretti na Folha de S.Paulo.<\/p>\n","protected":false},"excerpt":{"rendered":"<p>247 &#8211; No m\u00eas em que a reforma trabalhista entrou em vigor, o Brasil registrou mais demiss\u00f5es do que contrata\u00e7\u00f5es. O saldo ficou negativo em 12,3 mil vagas em novembro.<\/p>\n","protected":false},"author":1,"featured_media":0,"comment_status":"closed","ping_status":"open","sticky":false,"template":"","format":"standard","meta":{"_exactmetrics_skip_tracking":false,"_exactmetrics_sitenote_active":false,"_exactmetrics_sitenote_note":"","_exactmetrics_sitenote_category":0,"jetpack_post_was_ever_published":false,"_jetpack_newsletter_access":"","_jetpack_dont_email_post_to_subs":false,"_jetpack_newsletter_tier_id":0,"_jetpack_memberships_contains_paywalled_content":false,"_jetpack_memberships_contains_paid_content":false,"footnotes":"","jetpack_publicize_message":"","jetpack_publicize_feature_enabled":true,"jetpack_social_post_already_shared":true,"jetpack_social_options":{"image_generator_settings":{"template":"highway","enabled":false},"version":2}},"categories":[1],"tags":[],"class_list":["post-15812","post","type-post","status-publish","format-standard","hentry","category-notas"],"jetpack_publicize_connections":[],"jetpack_sharing_enabled":true,"jetpack_featured_media_url":"","jetpack_shortlink":"https:\/\/wp.me\/p7wKYW-472","jetpack-related-posts":[],"_links":{"self":[{"href":"http:\/\/blogdalucianaoliveira.com.br\/blog\/wp-json\/wp\/v2\/posts\/15812","targetHints":{"allow":["GET"]}}],"collection":[{"href":"http:\/\/blogdalucianaoliveira.com.br\/blog\/wp-json\/wp\/v2\/posts"}],"about":[{"href":"http:\/\/blogdalucianaoliveira.com.br\/blog\/wp-json\/wp\/v2\/types\/post"}],"author":[{"embeddable":true,"href":"http:\/\/blogdalucianaoliveira.com.br\/blog\/wp-json\/wp\/v2\/users\/1"}],"replies":[{"embeddable":true,"href":"http:\/\/blogdalucianaoliveira.com.br\/blog\/wp-json\/wp\/v2\/comments?post=15812"}],"version-history":[{"count":2,"href":"http:\/\/blogdalucianaoliveira.com.br\/blog\/wp-json\/wp\/v2\/posts\/15812\/revisions"}],"predecessor-version":[{"id":15815,"href":"http:\/\/blogdalucianaoliveira.com.br\/blog\/wp-json\/wp\/v2\/posts\/15812\/revisions\/15815"}],"wp:attachment":[{"href":"http:\/\/blogdalucianaoliveira.com.br\/blog\/wp-json\/wp\/v2\/media?parent=15812"}],"wp:term":[{"taxonomy":"category","embeddable":true,"href":"http:\/\/blogdalucianaoliveira.com.br\/blog\/wp-json\/wp\/v2\/categories?post=15812"},{"taxonomy":"post_tag","embeddable":true,"href":"http:\/\/blogdalucianaoliveira.com.br\/blog\/wp-json\/wp\/v2\/tags?post=15812"}],"curies":[{"name":"wp","href":"https:\/\/api.w.org\/{rel}","templated":true}]}}