{"id":15816,"date":"2017-12-27T11:13:36","date_gmt":"2017-12-27T15:13:36","guid":{"rendered":"http:\/\/blogdalucianaoliveira.com.br\/blog\/?p=15816"},"modified":"2017-12-27T11:13:36","modified_gmt":"2017-12-27T15:13:36","slug":"retrospectiva-2017-medidas-do-governo-temer-atingiram-principalmente-os-mais-pobres","status":"publish","type":"post","link":"http:\/\/blogdalucianaoliveira.com.br\/blog\/2017\/12\/27\/retrospectiva-2017-medidas-do-governo-temer-atingiram-principalmente-os-mais-pobres\/","title":{"rendered":"Retrospectiva 2017: medidas do governo Temer atingiram principalmente os mais pobres"},"content":{"rendered":"<p><img data-recalc-dims=\"1\" loading=\"lazy\" decoding=\"async\" data-attachment-id=\"15817\" data-permalink=\"http:\/\/blogdalucianaoliveira.com.br\/blog\/2017\/12\/27\/retrospectiva-2017-medidas-do-governo-temer-atingiram-principalmente-os-mais-pobres\/ccb954b3-037b-4d2b-b073-12fbfca16bc4\/\" data-orig-file=\"https:\/\/i0.wp.com\/blogdalucianaoliveira.com.br\/blog\/wp-content\/uploads\/2017\/12\/CCB954B3-037B-4D2B-B073-12FBFCA16BC4.jpeg?fit=640%2C384\" data-orig-size=\"640,384\" data-comments-opened=\"0\" data-image-meta=\"{&quot;aperture&quot;:&quot;0&quot;,&quot;credit&quot;:&quot;&quot;,&quot;camera&quot;:&quot;&quot;,&quot;caption&quot;:&quot;&quot;,&quot;created_timestamp&quot;:&quot;0&quot;,&quot;copyright&quot;:&quot;&quot;,&quot;focal_length&quot;:&quot;0&quot;,&quot;iso&quot;:&quot;0&quot;,&quot;shutter_speed&quot;:&quot;0&quot;,&quot;title&quot;:&quot;&quot;,&quot;orientation&quot;:&quot;0&quot;}\" data-image-title=\"CCB954B3-037B-4D2B-B073-12FBFCA16BC4\" data-image-description=\"\" data-image-caption=\"\" data-medium-file=\"https:\/\/i0.wp.com\/blogdalucianaoliveira.com.br\/blog\/wp-content\/uploads\/2017\/12\/CCB954B3-037B-4D2B-B073-12FBFCA16BC4.jpeg?fit=300%2C180\" data-large-file=\"https:\/\/i0.wp.com\/blogdalucianaoliveira.com.br\/blog\/wp-content\/uploads\/2017\/12\/CCB954B3-037B-4D2B-B073-12FBFCA16BC4.jpeg?fit=600%2C360\" src=\"https:\/\/i0.wp.com\/blogdalucianaoliveira.com.br\/blog\/wp-content\/uploads\/2017\/12\/CCB954B3-037B-4D2B-B073-12FBFCA16BC4.jpeg?resize=600%2C360\" alt=\"CCB954B3-037B-4D2B-B073-12FBFCA16BC4\" width=\"600\" height=\"360\" class=\"alignnone size-full wp-image-15817\" srcset=\"https:\/\/i0.wp.com\/blogdalucianaoliveira.com.br\/blog\/wp-content\/uploads\/2017\/12\/CCB954B3-037B-4D2B-B073-12FBFCA16BC4.jpeg?w=640 640w, https:\/\/i0.wp.com\/blogdalucianaoliveira.com.br\/blog\/wp-content\/uploads\/2017\/12\/CCB954B3-037B-4D2B-B073-12FBFCA16BC4.jpeg?resize=300%2C180 300w, https:\/\/i0.wp.com\/blogdalucianaoliveira.com.br\/blog\/wp-content\/uploads\/2017\/12\/CCB954B3-037B-4D2B-B073-12FBFCA16BC4.jpeg?resize=500%2C300 500w\" sizes=\"auto, (max-width: 600px) 100vw, 600px\" \/><\/p>\n<p>Com cerca de 12 milh\u00f5es de desempregados, medidas como a PEC do Teto de gastos acentuaram a pobreza e a mis\u00e9ria<!--more--><\/p>\n<p>Jos\u00e9 Eduardo Bernardes<br \/>\nBrasil de Fato | S\u00e3o Paulo (SP)<\/p>\n<p>A sensa\u00e7\u00e3o de inseguran\u00e7a causada pelo aumento do desemprego, o retorno da fome e da mis\u00e9ria e os cortes nos direitos sociais s\u00e3o algumas das situa\u00e7\u00f5es que assustaram os brasileiros nesse ano. A reportagem do Brasil de Fato foi \u00e0s ruas para ouvir o povo em uma retrospectiva dos principais acontecimentos de 2017.<\/p>\n<p>As reformas propostas pelo governo golpista de Michel Temer (PMDB) foram lembradas com preocupa\u00e7\u00e3o. Uma delas \u00e9 a trabalhista, que entrou em vigor no m\u00eas de novembro e retirou uma s\u00e9rie de direitos consagrados pela  CLT. Outra a\u00e7\u00e3o do governo golpista foi a aprova\u00e7\u00e3o da PEC do Teto dos Gastos, que congela os investimentos em \u00e1reas como sa\u00fade e educa\u00e7\u00e3o pelos pr\u00f3ximos 20 anos. <\/p>\n<p>Para o taxista Djalma Alves Freire, de 69 anos, as pol\u00edticas de Temer prejudicaram principalmente os mais pobres.<\/p>\n<p>&#8220;Porque tudo que o governo atual est\u00e1 propondo \u00e9 para prejudicar o coitado, os mais pequenos. A gente v\u00ea muita gente na rua. O trabalho informal est\u00e1 crescendo cada vez mais, o ambulante vendendo suas coisinhas, porque n\u00e3o tem outra op\u00e7\u00e3o.Ou faz isso, ou morre de fome&#8221;, opina.<\/p>\n<p>O mesmo sentimento de indigna\u00e7\u00e3o \u00e9 compartilhado por Antonio Tadashi, 55 anos. Ele \u00e9 economista e acredita que as decis\u00f5es de Temer foram feitas apenas para agradar a classe pol\u00edtica qual ele faz parte. <\/p>\n<p>&#8220;O cara tentou vender v\u00e1rias reformas e, basicamente, as reformas que ele tentou fazer \u00e9 para penalizar a classe trabalhadora brasileira. O governo do Temer est\u00e1 a servi\u00e7o de um grupo de pessoas. E esse projeto deles \u00e9 justamente para reformular a sociedade brasileira, a economia e manter os mesmo pol\u00edticos que vem governando desde a \u00e9poca da ditadura&#8221;, diz.<\/p>\n<p>Toda essa crise, segundo Jo\u00e3o Pedro Stedile, coordenador nacional Movimento dos Trabalhadores Sem Terra (MST) teve in\u00edcio com o golpe contra a presidenta Dilma Rousseff.<\/p>\n<p>&#8220;O Brasil vive uma grave crise econ\u00f4mica, que se transformou em uma crise social e em uma crise pol\u00edtica, em fun\u00e7\u00e3o do golpe que a burguesia deu no Executivo e derrubou a presidenta Dilma, eleita democraticamente. O golpe foi precisamente isso, para eles poderem aplicar uma pol\u00edtica econ\u00f4mica que joga todo o peso da crise sobre a classe trabalhadora. E \u00e9 por isso que, j\u00e1 em 2017, come\u00e7aram a aparecer os efeitos, no aumento do desemprego, na infla\u00e7\u00e3o, no aumento da desigualdade social&#8221;, comenta Stedile. <\/p>\n<p>A quantidade de pessoas sem ocupa\u00e7\u00e3o \u00e9 justamente a preocupa\u00e7\u00e3o da jovem rec\u00e9m-formada, Gabriela Martins, de 22 anos. A taxa de desemprego atinge hoje mais de 12 milh\u00f5es de pessoas, segundo dados do Instituto Brasileiro de Geografia e Estat\u00edstica (IBGE). O levantamento aponta que o \u00edndice \u00e9 um dos maiores da hist\u00f3ria, apesar de quedas neste fim de ano. <\/p>\n<p>&#8220;Para mim, enquanto rec\u00e9m formada, \u00e9 mais no sentido de apreens\u00e3o mesmo, de como vai ser meu futuro no mercado de trabalho. Eu n\u00e3o votei nesse governo, n\u00e3o era um governo que gostaria que estivesse hoje em dia em vigor&#8221;, reclama. <\/p>\n<p>Com o controle do governo golpista sobre os parlamentares do Congresso, Stedile acredita que o pr\u00f3ximo ano ainda ser\u00e1 de dificuldades para a classe trabalhadora:<\/p>\n<p>&#8220;O ano de 2018 ser\u00e1 ainda mais perverso para as condi\u00e7\u00f5es de vida do povo brasileiro e para a concentra\u00e7\u00e3o da riqueza e da renda. Infelizmente o governo golpista tem o controle absoluto do Congresso Nacional e, por essa raz\u00e3o, ao longo do ano eles conseguiram aprovar diversas mudan\u00e7as na lei brasileira, que buscavam apenas jogar o peso da crise sobre a classe trabalhadora.&#8221;<\/p>\n<p>Diante da conjuntura, Stedile enfatiza a import\u00e2ncia das mobiliza\u00e7\u00f5es das massas nas ruas para impedir mais retrocessos na pol\u00edtica e o agravamento da crise que se instalou no pa\u00eds.<\/p>\n<p>&#8220;Companheiros e companheiras, n\u00f3s teremos um 2018 cheio de mobiliza\u00e7\u00f5es, de muita disputa pol\u00edtica em que a pr\u00f3pria campanha eleitoral se transformar\u00e1 em uma verdadeira luta de classes e \u00e9 por isso que n\u00f3s, dos movimentos populares, estamos convocando cada militante, cada companheiro e cada companheira e todos os movimentos para nos engajarmos nesse processo e transformarmos 2018 na derrota desses golpistas e na retomada do desenvolvimento do Brasil&#8221;, defende.<\/p>\n<p>As centrais sindicais e os movimentos populares j\u00e1 agendaram uma s\u00e9rie de atos contra a reforma da Previd\u00eancia, que poder\u00e1 ser colocada em pauta em fevereiro, no retorno do recesso parlamentar. <\/p>\n<p>Edi\u00e7\u00e3o: Camila Salmazio<\/p>\n","protected":false},"excerpt":{"rendered":"<p>Com cerca de 12 milh\u00f5es de desempregados, medidas como a PEC do Teto de gastos acentuaram a pobreza e a mis\u00e9ria<\/p>\n","protected":false},"author":1,"featured_media":0,"comment_status":"closed","ping_status":"open","sticky":false,"template":"","format":"standard","meta":{"_exactmetrics_skip_tracking":false,"_exactmetrics_sitenote_active":false,"_exactmetrics_sitenote_note":"","_exactmetrics_sitenote_category":0,"jetpack_post_was_ever_published":false,"_jetpack_newsletter_access":"","_jetpack_dont_email_post_to_subs":false,"_jetpack_newsletter_tier_id":0,"_jetpack_memberships_contains_paywalled_content":false,"_jetpack_memberships_contains_paid_content":false,"footnotes":"","jetpack_publicize_message":"","jetpack_publicize_feature_enabled":true,"jetpack_social_post_already_shared":true,"jetpack_social_options":{"image_generator_settings":{"template":"highway","enabled":false},"version":2}},"categories":[1],"tags":[],"class_list":["post-15816","post","type-post","status-publish","format-standard","hentry","category-notas"],"jetpack_publicize_connections":[],"jetpack_sharing_enabled":true,"jetpack_featured_media_url":"","jetpack_shortlink":"https:\/\/wp.me\/p7wKYW-476","jetpack-related-posts":[],"_links":{"self":[{"href":"http:\/\/blogdalucianaoliveira.com.br\/blog\/wp-json\/wp\/v2\/posts\/15816","targetHints":{"allow":["GET"]}}],"collection":[{"href":"http:\/\/blogdalucianaoliveira.com.br\/blog\/wp-json\/wp\/v2\/posts"}],"about":[{"href":"http:\/\/blogdalucianaoliveira.com.br\/blog\/wp-json\/wp\/v2\/types\/post"}],"author":[{"embeddable":true,"href":"http:\/\/blogdalucianaoliveira.com.br\/blog\/wp-json\/wp\/v2\/users\/1"}],"replies":[{"embeddable":true,"href":"http:\/\/blogdalucianaoliveira.com.br\/blog\/wp-json\/wp\/v2\/comments?post=15816"}],"version-history":[{"count":1,"href":"http:\/\/blogdalucianaoliveira.com.br\/blog\/wp-json\/wp\/v2\/posts\/15816\/revisions"}],"predecessor-version":[{"id":15818,"href":"http:\/\/blogdalucianaoliveira.com.br\/blog\/wp-json\/wp\/v2\/posts\/15816\/revisions\/15818"}],"wp:attachment":[{"href":"http:\/\/blogdalucianaoliveira.com.br\/blog\/wp-json\/wp\/v2\/media?parent=15816"}],"wp:term":[{"taxonomy":"category","embeddable":true,"href":"http:\/\/blogdalucianaoliveira.com.br\/blog\/wp-json\/wp\/v2\/categories?post=15816"},{"taxonomy":"post_tag","embeddable":true,"href":"http:\/\/blogdalucianaoliveira.com.br\/blog\/wp-json\/wp\/v2\/tags?post=15816"}],"curies":[{"name":"wp","href":"https:\/\/api.w.org\/{rel}","templated":true}]}}