{"id":15821,"date":"2017-12-28T09:36:15","date_gmt":"2017-12-28T13:36:15","guid":{"rendered":"http:\/\/blogdalucianaoliveira.com.br\/blog\/?p=15821"},"modified":"2017-12-28T09:36:15","modified_gmt":"2017-12-28T13:36:15","slug":"procurador-da-lava-jato-diz-que-temer-fez-indulto-em-causa-propria","status":"publish","type":"post","link":"http:\/\/blogdalucianaoliveira.com.br\/blog\/2017\/12\/28\/procurador-da-lava-jato-diz-que-temer-fez-indulto-em-causa-propria\/","title":{"rendered":"PROCURADOR DA LAVA JATO DIZ QUE TEMER FEZ INDULTO EM CAUSA PR\u00d3PRIA"},"content":{"rendered":"<p><img data-recalc-dims=\"1\" loading=\"lazy\" decoding=\"async\" data-attachment-id=\"15822\" data-permalink=\"http:\/\/blogdalucianaoliveira.com.br\/blog\/2017\/12\/28\/procurador-da-lava-jato-diz-que-temer-fez-indulto-em-causa-propria\/vago\/\" data-orig-file=\"https:\/\/i0.wp.com\/blogdalucianaoliveira.com.br\/blog\/wp-content\/uploads\/2017\/12\/vago.jpg?fit=1000%2C357\" data-orig-size=\"1000,357\" data-comments-opened=\"0\" data-image-meta=\"{&quot;aperture&quot;:&quot;0&quot;,&quot;credit&quot;:&quot;&quot;,&quot;camera&quot;:&quot;&quot;,&quot;caption&quot;:&quot;&quot;,&quot;created_timestamp&quot;:&quot;0&quot;,&quot;copyright&quot;:&quot;&quot;,&quot;focal_length&quot;:&quot;0&quot;,&quot;iso&quot;:&quot;0&quot;,&quot;shutter_speed&quot;:&quot;0&quot;,&quot;title&quot;:&quot;&quot;,&quot;orientation&quot;:&quot;0&quot;}\" data-image-title=\"vago\" data-image-description=\"\" data-image-caption=\"\" data-medium-file=\"https:\/\/i0.wp.com\/blogdalucianaoliveira.com.br\/blog\/wp-content\/uploads\/2017\/12\/vago.jpg?fit=300%2C107\" data-large-file=\"https:\/\/i0.wp.com\/blogdalucianaoliveira.com.br\/blog\/wp-content\/uploads\/2017\/12\/vago.jpg?fit=600%2C214\" src=\"https:\/\/i0.wp.com\/blogdalucianaoliveira.com.br\/blog\/wp-content\/uploads\/2017\/12\/vago.jpg?resize=600%2C214\" alt=\"vago\" width=\"600\" height=\"214\" class=\"alignnone size-full wp-image-15822\" srcset=\"https:\/\/i0.wp.com\/blogdalucianaoliveira.com.br\/blog\/wp-content\/uploads\/2017\/12\/vago.jpg?w=1000 1000w, https:\/\/i0.wp.com\/blogdalucianaoliveira.com.br\/blog\/wp-content\/uploads\/2017\/12\/vago.jpg?resize=300%2C107 300w, https:\/\/i0.wp.com\/blogdalucianaoliveira.com.br\/blog\/wp-content\/uploads\/2017\/12\/vago.jpg?resize=768%2C274 768w, https:\/\/i0.wp.com\/blogdalucianaoliveira.com.br\/blog\/wp-content\/uploads\/2017\/12\/vago.jpg?resize=800%2C286 800w\" sizes=\"auto, (max-width: 600px) 100vw, 600px\" \/><\/p>\n<p>247 \u2013 O procurador Diego Castor, da for\u00e7a-tarefa da Lava Jato, avalia que Michel Temer adotou um indulto natalino que reduz as penas para crimes sem viol\u00eancia em causa pr\u00f3pria. Segundo ele, o decreto &#8220;foi editado por um presidente da Rep\u00fablica que goza do pior \u00edndice da popularidade da hist\u00f3ria e que \u00e9 diretamente interessado na norma&#8221;.<!--more--><\/p>\n<p>De fato, Temer j\u00e1 foi denunciado por corrup\u00e7\u00e3o e comando de organiza\u00e7\u00e3o criminosa e conseguiu escapar comprando deputados. Quando deixar o poder, seus processos devem ir para primeira inst\u00e2ncia, se Temer n\u00e3o conseguir, antes, mudar as leis para conseguir uma anistia.<\/p>\n<p>O problema da cr\u00edtica de Castor \u00e9 que Temer foi colocado no poder justamente pela turma da Lava Jato, que fez de tudo para que uma presidente honesta, Dilma Rousseff, fosse derrubada e substitu\u00edda por um sindicato de ladr\u00f5es interessado justamente em estancar a sangria.<\/p>\n<p>Leia, abaixo, o artigo de Castor, originalmente publicado no Globo:<\/p>\n<p>O decreto do insulto<\/p>\n<p>Por Diego Castor<\/p>\n<p>Na \u00faltima semana, causou pol\u00eamica a publica\u00e7\u00e3o do tradicional decreto de indulto natalino pelo presidente Temer. A controv\u00e9rsia recaiu na generosidade dos requisitos para concess\u00e3o do indulto para crimes cometidos sem viol\u00eancia. Diferentemente dos textos publicados nos outros anos, que fixavam penas m\u00e1ximas para o condenado fazer jus ao benef\u00edcio, o atual decreto n\u00e3o fixou pena m\u00e1xima. Al\u00e9m disso, tamb\u00e9m inovando, o perd\u00e3o da pena pode ser concedido \u00e0queles presos que cumpriram o m\u00edsero percentual de 20% da san\u00e7\u00e3o aplicada na senten\u00e7a, estando dispensados expressamente do pagamento de qualquer condena\u00e7\u00e3o pecuni\u00e1ria para obten\u00e7\u00e3o do perd\u00e3o do resto da condena\u00e7\u00e3o.<\/p>\n<p>Segundo o ministro da Justi\u00e7a, a ado\u00e7\u00e3o de uma postura mais liberal nos requisitos do indulto foi uma \u201cdecis\u00e3o pol\u00edtica\u201d de Temer, que teria sido alertado que afrouxamento da puni\u00e7\u00e3o contava com manifesta\u00e7\u00f5es contr\u00e1rias do Conselho Nacional de Pol\u00edtica Criminal e Penitenci\u00e1ria, do Minist\u00e9rio P\u00fablico, da for\u00e7a-tarefa da Lava Jato e at\u00e9 da Transpar\u00eancia Internacional.<\/p>\n<p>O leitor pode pensar que a medida vai contribuir para desafogar o sistema carcer\u00e1rio brasileiro, que, nas \u00faltimas informa\u00e7\u00f5es divulgadas, possui atualmente 726 mil presos para 358.663 vagas dispon\u00edveis. Ledo engano. O indulto s\u00f3 beneficia presos j\u00e1 condenados, enquanto 40% dos encarcerados no Brasil s\u00e3o presos provis\u00f3rios. Dos crimes que ocupam os primeiros lugares nas estat\u00edsticas de aprisionamento no Brasil, que s\u00e3o tr\u00e1fico de drogas (28%), roubo (25%), furto (12%) e homic\u00eddio (11%), somente os condenados por furto poder\u00e3o fazer jus ao benef\u00edcio. Isso porque tr\u00e1fico de drogas e homic\u00eddio n\u00e3o admitem indulto por serem crimes hediondos, enquanto o roubo n\u00e3o se enquadra nos requisitos camaradas do decreto por ser cometido com viol\u00eancia.<\/p>\n<p>Quais os principais crimes que poder\u00e3o se enquadrar no decreto?<\/p>\n<p>Todos os crimes de colarinho branco, como corrup\u00e7\u00e3o e lavagem de dinheiro, que, coincidentemente, s\u00e3o os delitos por que Temer e quase toda a sua trupe est\u00e3o denunciados ou j\u00e1 condenados. O referido decreto parece ter sido feito sob encomenda para os condenados da Lava-Jato e criminosos da elite, mais ainda, ao dispensar expressamente a repara\u00e7\u00e3o do dano para crimes contra a administra\u00e7\u00e3o, o que tem sido um obst\u00e1culo legal para progress\u00e3o de regime dos condenados na Lava-Jato.<\/p>\n<p>Ou seja, com uma \u201ccanetada\u201d, o presidente da Rep\u00fablica perdoou 80% das penas de r\u00e9us de colarinho branco no pa\u00eds.<\/p>\n<p>O decreto de indulto natalino de 2017 viola os princ\u00edpios da proporcionalidade, da individualiza\u00e7\u00e3o da pena e da moralidade administrativa. Ademais, foi editado por um presidente da Rep\u00fablica que goza do pior \u00edndice da popularidade da hist\u00f3ria e que \u00e9 diretamente interessado na norma.<\/p>\n<p>Ao editar o decreto, Temer demonstrou onde \u00e9 capaz de chegar para aniquilar o combate \u00e0 corrup\u00e7\u00e3o e \u00e0 impunidade no Brasil. Resta aguardar que STF declare a inconstitucionalidade do autoindulto. Do contr\u00e1rio, a luta contra corrup\u00e7\u00e3o no Brasil se tornar\u00e1 um mero registro nos livros de Hist\u00f3ria.<\/p>\n<p>(*Diogo Castor \u00e9 procurador da Lava-Jato e professor da PUC-PR)<\/p>\n","protected":false},"excerpt":{"rendered":"<p>247 \u2013 O procurador Diego Castor, da for\u00e7a-tarefa da Lava Jato, avalia que Michel Temer adotou um indulto natalino que reduz as penas para crimes sem viol\u00eancia em causa pr\u00f3pria. Segundo ele, o decreto &#8220;foi editado por um presidente da Rep\u00fablica que goza do pior \u00edndice da popularidade da hist\u00f3ria e que \u00e9 diretamente interessado&#8230;<a class=\"more-link\" href=\"http:\/\/blogdalucianaoliveira.com.br\/blog\/2017\/12\/28\/procurador-da-lava-jato-diz-que-temer-fez-indulto-em-causa-propria\/\">Continue a leitura <span class=\"meta-nav\">&raquo;<\/span><\/a><\/p>\n","protected":false},"author":1,"featured_media":0,"comment_status":"closed","ping_status":"open","sticky":false,"template":"","format":"standard","meta":{"_exactmetrics_skip_tracking":false,"_exactmetrics_sitenote_active":false,"_exactmetrics_sitenote_note":"","_exactmetrics_sitenote_category":0,"jetpack_post_was_ever_published":false,"_jetpack_newsletter_access":"","_jetpack_dont_email_post_to_subs":false,"_jetpack_newsletter_tier_id":0,"_jetpack_memberships_contains_paywalled_content":false,"_jetpack_memberships_contains_paid_content":false,"footnotes":"","jetpack_publicize_message":"","jetpack_publicize_feature_enabled":true,"jetpack_social_post_already_shared":true,"jetpack_social_options":{"image_generator_settings":{"template":"highway","enabled":false},"version":2}},"categories":[1],"tags":[],"class_list":["post-15821","post","type-post","status-publish","format-standard","hentry","category-notas"],"jetpack_publicize_connections":[],"jetpack_sharing_enabled":true,"jetpack_featured_media_url":"","jetpack_shortlink":"https:\/\/wp.me\/p7wKYW-47b","jetpack-related-posts":[],"_links":{"self":[{"href":"http:\/\/blogdalucianaoliveira.com.br\/blog\/wp-json\/wp\/v2\/posts\/15821","targetHints":{"allow":["GET"]}}],"collection":[{"href":"http:\/\/blogdalucianaoliveira.com.br\/blog\/wp-json\/wp\/v2\/posts"}],"about":[{"href":"http:\/\/blogdalucianaoliveira.com.br\/blog\/wp-json\/wp\/v2\/types\/post"}],"author":[{"embeddable":true,"href":"http:\/\/blogdalucianaoliveira.com.br\/blog\/wp-json\/wp\/v2\/users\/1"}],"replies":[{"embeddable":true,"href":"http:\/\/blogdalucianaoliveira.com.br\/blog\/wp-json\/wp\/v2\/comments?post=15821"}],"version-history":[{"count":1,"href":"http:\/\/blogdalucianaoliveira.com.br\/blog\/wp-json\/wp\/v2\/posts\/15821\/revisions"}],"predecessor-version":[{"id":15823,"href":"http:\/\/blogdalucianaoliveira.com.br\/blog\/wp-json\/wp\/v2\/posts\/15821\/revisions\/15823"}],"wp:attachment":[{"href":"http:\/\/blogdalucianaoliveira.com.br\/blog\/wp-json\/wp\/v2\/media?parent=15821"}],"wp:term":[{"taxonomy":"category","embeddable":true,"href":"http:\/\/blogdalucianaoliveira.com.br\/blog\/wp-json\/wp\/v2\/categories?post=15821"},{"taxonomy":"post_tag","embeddable":true,"href":"http:\/\/blogdalucianaoliveira.com.br\/blog\/wp-json\/wp\/v2\/tags?post=15821"}],"curies":[{"name":"wp","href":"https:\/\/api.w.org\/{rel}","templated":true}]}}