{"id":15826,"date":"2017-12-28T09:50:28","date_gmt":"2017-12-28T13:50:28","guid":{"rendered":"http:\/\/blogdalucianaoliveira.com.br\/blog\/?p=15826"},"modified":"2017-12-28T09:52:53","modified_gmt":"2017-12-28T13:52:53","slug":"as-10-frases-que-melhor-definem-2017-ano-em-que-os-idiotas-perderam-a-modestia","status":"publish","type":"post","link":"http:\/\/blogdalucianaoliveira.com.br\/blog\/2017\/12\/28\/as-10-frases-que-melhor-definem-2017-ano-em-que-os-idiotas-perderam-a-modestia\/","title":{"rendered":"As 10 frases que melhor definem 2017, ano em que os idiotas perderam a mod\u00e9stia"},"content":{"rendered":"<p><img data-recalc-dims=\"1\" loading=\"lazy\" decoding=\"async\" data-attachment-id=\"15827\" data-permalink=\"http:\/\/blogdalucianaoliveira.com.br\/blog\/2017\/12\/28\/as-10-frases-que-melhor-definem-2017-ano-em-que-os-idiotas-perderam-a-modestia\/bolsonaro-1\/\" data-orig-file=\"https:\/\/i0.wp.com\/blogdalucianaoliveira.com.br\/blog\/wp-content\/uploads\/2017\/12\/bolsonaro-1.jpg?fit=699%2C420\" data-orig-size=\"699,420\" data-comments-opened=\"0\" data-image-meta=\"{&quot;aperture&quot;:&quot;0&quot;,&quot;credit&quot;:&quot;&quot;,&quot;camera&quot;:&quot;&quot;,&quot;caption&quot;:&quot;&quot;,&quot;created_timestamp&quot;:&quot;0&quot;,&quot;copyright&quot;:&quot;&quot;,&quot;focal_length&quot;:&quot;0&quot;,&quot;iso&quot;:&quot;0&quot;,&quot;shutter_speed&quot;:&quot;0&quot;,&quot;title&quot;:&quot;&quot;,&quot;orientation&quot;:&quot;0&quot;}\" data-image-title=\"bolsonaro (1)\" data-image-description=\"\" data-image-caption=\"\" data-medium-file=\"https:\/\/i0.wp.com\/blogdalucianaoliveira.com.br\/blog\/wp-content\/uploads\/2017\/12\/bolsonaro-1.jpg?fit=300%2C180\" data-large-file=\"https:\/\/i0.wp.com\/blogdalucianaoliveira.com.br\/blog\/wp-content\/uploads\/2017\/12\/bolsonaro-1.jpg?fit=600%2C361\" class=\"alignnone size-full wp-image-15827\" src=\"https:\/\/i0.wp.com\/blogdalucianaoliveira.com.br\/blog\/wp-content\/uploads\/2017\/12\/bolsonaro-1.jpg?resize=600%2C361\" alt=\"bolsonaro (1)\" width=\"600\" height=\"361\" srcset=\"https:\/\/i0.wp.com\/blogdalucianaoliveira.com.br\/blog\/wp-content\/uploads\/2017\/12\/bolsonaro-1.jpg?w=699 699w, https:\/\/i0.wp.com\/blogdalucianaoliveira.com.br\/blog\/wp-content\/uploads\/2017\/12\/bolsonaro-1.jpg?resize=300%2C180 300w, https:\/\/i0.wp.com\/blogdalucianaoliveira.com.br\/blog\/wp-content\/uploads\/2017\/12\/bolsonaro-1.jpg?resize=499%2C300 499w\" sizes=\"auto, (max-width: 600px) 100vw, 600px\" \/><\/p>\n<p>DCM, por Joaquim de Carvalho &#8211; Como a \u00e9poca \u00e9 de retrospectiva, decidi fazer a minha, com as 10 frases que melhor sintetizam o que foi o Brasil de 2017.<!--more--><\/p>\n<p>N\u00e3o refletem mensagens propriamente grandiosas, como frases de Abrahan Lincoln (\u2026\u201dn\u00e3o se pode enganar a todos durante todo o tempo\u201d\u2026), Churchill (\u2026\u201csangue, suor e l\u00e1grimas\u201d..) ou Ch\u00ea Guevara (\u201chay que endurecerse, pero sin perder la ternura jam\u00e1s\u201d), definidoras de uma \u00e9poca.<\/p>\n<p>As frases ditas pelos luminares brasileiros tamb\u00e9m definem o Brasil de 2017, o ano em que, como diria N\u00e9lson Rodrigues, os idiotas perderam a mod\u00e9stia. Seguem as frases:<\/p>\n<p>&nbsp;<\/p>\n<p>&nbsp;<\/p>\n<p><img decoding=\"async\" class=\"alignnone size-large wp-image-169750\" src=\"https:\/\/i2.wp.com\/www.diariodocentrodomundo.com.br\/wp-content\/uploads\/2017\/08\/janaina-jesus-de-pau.jpg?resize=600%2C450\" sizes=\"(max-width: 600px) 100vw, 600px\" srcset=\"https:\/\/i2.wp.com\/www.diariodocentrodomundo.com.br\/wp-content\/uploads\/2017\/08\/janaina-jesus-de-pau.jpg?resize=600%2C450 600w, https:\/\/i2.wp.com\/www.diariodocentrodomundo.com.br\/wp-content\/uploads\/2017\/08\/janaina-jesus-de-pau.jpg?resize=300%2C225 300w, https:\/\/i2.wp.com\/www.diariodocentrodomundo.com.br\/wp-content\/uploads\/2017\/08\/janaina-jesus-de-pau.jpg?resize=768%2C576 768w, https:\/\/i2.wp.com\/www.diariodocentrodomundo.com.br\/wp-content\/uploads\/2017\/08\/janaina-jesus-de-pau.jpg?resize=560%2C420 560w, https:\/\/i2.wp.com\/www.diariodocentrodomundo.com.br\/wp-content\/uploads\/2017\/08\/janaina-jesus-de-pau.jpg?resize=80%2C60 80w, https:\/\/i2.wp.com\/www.diariodocentrodomundo.com.br\/wp-content\/uploads\/2017\/08\/janaina-jesus-de-pau.jpg?resize=100%2C75 100w, https:\/\/i2.wp.com\/www.diariodocentrodomundo.com.br\/wp-content\/uploads\/2017\/08\/janaina-jesus-de-pau.jpg?resize=180%2C135 180w, https:\/\/i2.wp.com\/www.diariodocentrodomundo.com.br\/wp-content\/uploads\/2017\/08\/janaina-jesus-de-pau.jpg?resize=238%2C178 238w, https:\/\/i2.wp.com\/www.diariodocentrodomundo.com.br\/wp-content\/uploads\/2017\/08\/janaina-jesus-de-pau.jpg?resize=640%2C480 640w, https:\/\/i2.wp.com\/www.diariodocentrodomundo.com.br\/wp-content\/uploads\/2017\/08\/janaina-jesus-de-pau.jpg?resize=681%2C511 681w, https:\/\/i2.wp.com\/www.diariodocentrodomundo.com.br\/wp-content\/uploads\/2017\/08\/janaina-jesus-de-pau.jpg?w=1280 1280w\" alt=\"\" data-attachment-id=\"169750\" data-permalink=\"http:\/\/www.diariodocentrodomundo.com.br\/essencial\/depois-dos-recados-para-trump-janaina-paschoal-vai-ao-tribunal-de-haia-na-holanda-contra-maduro\/janaina-jesus-de-pau\/\" data-orig-file=\"https:\/\/i2.wp.com\/www.diariodocentrodomundo.com.br\/wp-content\/uploads\/2017\/08\/janaina-jesus-de-pau.jpg?fit=1280%2C960\" data-orig-size=\"1280,960\" data-comments-opened=\"1\" data-image-meta=\"{&quot;aperture&quot;:&quot;0&quot;,&quot;credit&quot;:&quot;&quot;,&quot;camera&quot;:&quot;&quot;,&quot;caption&quot;:&quot;&quot;,&quot;created_timestamp&quot;:&quot;0&quot;,&quot;copyright&quot;:&quot;&quot;,&quot;focal_length&quot;:&quot;0&quot;,&quot;iso&quot;:&quot;0&quot;,&quot;shutter_speed&quot;:&quot;0&quot;,&quot;title&quot;:&quot;&quot;,&quot;orientation&quot;:&quot;0&quot;}\" data-image-title=\"janaina jesus de pau\" data-image-description=\"\" data-medium-file=\"https:\/\/i2.wp.com\/www.diariodocentrodomundo.com.br\/wp-content\/uploads\/2017\/08\/janaina-jesus-de-pau.jpg?fit=300%2C225\" data-large-file=\"https:\/\/i2.wp.com\/www.diariodocentrodomundo.com.br\/wp-content\/uploads\/2017\/08\/janaina-jesus-de-pau.jpg?fit=600%2C450\" data-recalc-dims=\"1\" \/><\/p>\n<p>&nbsp;<\/p>\n<h4 class=\"p5\"><span class=\"s1\">Amados, decidi que vou trabalhar de gra\u00e7a para a Prefeitura. Como frequentadora ass\u00eddua, vou inspecionar os banheiros do Parque Ibirapuera.<\/span><\/h4>\n<p class=\"p5\"><span class=\"s1\"><b>Jana\u00edna Paschoal<\/b>, a jurista do impeachment de Dilma. Em 1\/01.<\/span><\/p>\n<p>&nbsp;<\/p>\n<div class=\"teads-inread sm-screen\"><\/div>\n<p><img decoding=\"async\" class=\"alignnone size-large wp-image-180489\" src=\"https:\/\/i0.wp.com\/www.diariodocentrodomundo.com.br\/wp-content\/uploads\/2017\/10\/bolsonaro.jpg?resize=600%2C361\" sizes=\"(max-width: 600px) 100vw, 600px\" srcset=\"https:\/\/i0.wp.com\/www.diariodocentrodomundo.com.br\/wp-content\/uploads\/2017\/10\/bolsonaro.jpg?resize=600%2C361 600w, https:\/\/i0.wp.com\/www.diariodocentrodomundo.com.br\/wp-content\/uploads\/2017\/10\/bolsonaro.jpg?resize=300%2C180 300w, https:\/\/i0.wp.com\/www.diariodocentrodomundo.com.br\/wp-content\/uploads\/2017\/10\/bolsonaro.jpg?resize=640%2C385 640w, https:\/\/i0.wp.com\/www.diariodocentrodomundo.com.br\/wp-content\/uploads\/2017\/10\/bolsonaro.jpg?w=645 645w\" alt=\"\" data-attachment-id=\"180489\" data-permalink=\"http:\/\/www.diariodocentrodomundo.com.br\/essencial\/bolsonaro-nos-estados-unidos-dizem-que-sou-o-trump-brasileiro\/bolsonaro-19\/\" data-orig-file=\"https:\/\/i0.wp.com\/www.diariodocentrodomundo.com.br\/wp-content\/uploads\/2017\/10\/bolsonaro.jpg?fit=645%2C388\" data-orig-size=\"645,388\" data-comments-opened=\"1\" data-image-meta=\"{&quot;aperture&quot;:&quot;0&quot;,&quot;credit&quot;:&quot;&quot;,&quot;camera&quot;:&quot;&quot;,&quot;caption&quot;:&quot;&quot;,&quot;created_timestamp&quot;:&quot;0&quot;,&quot;copyright&quot;:&quot;&quot;,&quot;focal_length&quot;:&quot;0&quot;,&quot;iso&quot;:&quot;0&quot;,&quot;shutter_speed&quot;:&quot;0&quot;,&quot;title&quot;:&quot;&quot;,&quot;orientation&quot;:&quot;0&quot;}\" data-image-title=\"Bolsonaro\" data-image-description=\"\" data-medium-file=\"https:\/\/i0.wp.com\/www.diariodocentrodomundo.com.br\/wp-content\/uploads\/2017\/10\/bolsonaro.jpg?fit=300%2C180\" data-large-file=\"https:\/\/i0.wp.com\/www.diariodocentrodomundo.com.br\/wp-content\/uploads\/2017\/10\/bolsonaro.jpg?fit=600%2C361\" data-recalc-dims=\"1\" \/><\/p>\n<p>&nbsp;<\/p>\n<h4 class=\"p1\"><span class=\"s1\">\u201cEu fui num quilombola em Eldorado Paulista. O afrodescendente mais leve l\u00e1 pesava sete arrobas. N\u00e3o fazem nada. Eu acho que nem pra procriadores servem mais\u201d.<\/span><\/h4>\n<p class=\"p1\"><span class=\"s1\"><b>Jair Bolsonaro<\/b>, durante palestra na Hebraica do Rio de Janeiro. Em\u00a0em 3\/04.<\/span><\/p>\n<p>.x.x.x<\/p>\n<p>&nbsp;<\/p>\n<figure id=\"attachment_181119\" class=\"wp-caption alignnone\"><img decoding=\"async\" class=\"size-large wp-image-181119\" src=\"https:\/\/i0.wp.com\/www.diariodocentrodomundo.com.br\/wp-content\/uploads\/2017\/10\/temer.png?resize=600%2C395\" sizes=\"(max-width: 600px) 100vw, 600px\" srcset=\"https:\/\/i0.wp.com\/www.diariodocentrodomundo.com.br\/wp-content\/uploads\/2017\/10\/temer.png?resize=600%2C395 600w, https:\/\/i0.wp.com\/www.diariodocentrodomundo.com.br\/wp-content\/uploads\/2017\/10\/temer.png?resize=300%2C197 300w, https:\/\/i0.wp.com\/www.diariodocentrodomundo.com.br\/wp-content\/uploads\/2017\/10\/temer.png?resize=768%2C505 768w, https:\/\/i0.wp.com\/www.diariodocentrodomundo.com.br\/wp-content\/uploads\/2017\/10\/temer.png?resize=639%2C420 639w, https:\/\/i0.wp.com\/www.diariodocentrodomundo.com.br\/wp-content\/uploads\/2017\/10\/temer.png?resize=640%2C421 640w, https:\/\/i0.wp.com\/www.diariodocentrodomundo.com.br\/wp-content\/uploads\/2017\/10\/temer.png?resize=681%2C448 681w, https:\/\/i0.wp.com\/www.diariodocentrodomundo.com.br\/wp-content\/uploads\/2017\/10\/temer.png?w=777 777w\" alt=\"\" data-attachment-id=\"181119\" data-permalink=\"http:\/\/www.diariodocentrodomundo.com.br\/essencial\/the-guardian-acusado-de-corrupcao-e-sem-popularidade-por-que-temer-ainda-e-presidente-do-brasil\/temer-28\/\" data-orig-file=\"https:\/\/i0.wp.com\/www.diariodocentrodomundo.com.br\/wp-content\/uploads\/2017\/10\/temer.png?fit=777%2C511\" data-orig-size=\"777,511\" data-comments-opened=\"1\" data-image-meta=\"{&quot;aperture&quot;:&quot;0&quot;,&quot;credit&quot;:&quot;&quot;,&quot;camera&quot;:&quot;&quot;,&quot;caption&quot;:&quot;&quot;,&quot;created_timestamp&quot;:&quot;0&quot;,&quot;copyright&quot;:&quot;&quot;,&quot;focal_length&quot;:&quot;0&quot;,&quot;iso&quot;:&quot;0&quot;,&quot;shutter_speed&quot;:&quot;0&quot;,&quot;title&quot;:&quot;&quot;,&quot;orientation&quot;:&quot;0&quot;}\" data-image-title=\"temer\" data-image-description=\"\" data-medium-file=\"https:\/\/i0.wp.com\/www.diariodocentrodomundo.com.br\/wp-content\/uploads\/2017\/10\/temer.png?fit=300%2C197\" data-large-file=\"https:\/\/i0.wp.com\/www.diariodocentrodomundo.com.br\/wp-content\/uploads\/2017\/10\/temer.png?fit=600%2C395\" data-recalc-dims=\"1\" \/><figcaption class=\"wp-caption-text\">Temer<\/figcaption><\/figure>\n<h4 class=\"p1\"><span class=\"s1\">Tem que manter isso, viu?\u201d.<\/span><\/h4>\n<p class=\"p1\"><span class=\"s1\"><b>Michel Temer<\/b>\u00a0a Joesley Batista, quando este falava sobre propinas pagas a Eduardo Cunha na cadeia. Em 17\/05.<\/span><\/p>\n<div class=\"code-block code-block-4\"><\/div>\n<p><img decoding=\"async\" class=\"alignnone wp-image-189829 size-large\" src=\"https:\/\/i0.wp.com\/www.diariodocentrodomundo.com.br\/wp-content\/uploads\/2017\/12\/captura-de-tela-2017-12-15-as-15-28-17.png?resize=600%2C402\" sizes=\"(max-width: 600px) 100vw, 600px\" srcset=\"https:\/\/i0.wp.com\/www.diariodocentrodomundo.com.br\/wp-content\/uploads\/2017\/12\/captura-de-tela-2017-12-15-as-15-28-17.png?resize=600%2C402 600w, https:\/\/i0.wp.com\/www.diariodocentrodomundo.com.br\/wp-content\/uploads\/2017\/12\/captura-de-tela-2017-12-15-as-15-28-17.png?resize=300%2C201 300w, https:\/\/i0.wp.com\/www.diariodocentrodomundo.com.br\/wp-content\/uploads\/2017\/12\/captura-de-tela-2017-12-15-as-15-28-17.png?resize=626%2C420 626w, https:\/\/i0.wp.com\/www.diariodocentrodomundo.com.br\/wp-content\/uploads\/2017\/12\/captura-de-tela-2017-12-15-as-15-28-17.png?resize=537%2C360 537w, https:\/\/i0.wp.com\/www.diariodocentrodomundo.com.br\/wp-content\/uploads\/2017\/12\/captura-de-tela-2017-12-15-as-15-28-17.png?resize=640%2C429 640w, https:\/\/i0.wp.com\/www.diariodocentrodomundo.com.br\/wp-content\/uploads\/2017\/12\/captura-de-tela-2017-12-15-as-15-28-17.png?resize=681%2C457 681w, https:\/\/i0.wp.com\/www.diariodocentrodomundo.com.br\/wp-content\/uploads\/2017\/12\/captura-de-tela-2017-12-15-as-15-28-17.png?w=762 762w\" alt=\"\" data-attachment-id=\"189829\" data-permalink=\"http:\/\/www.diariodocentrodomundo.com.br\/aecio-sai-da-cova-diz-que-reatou-do-huck-e-tem-apoio-do-povo-para-ser-governador-por-joaquim-de-carvalho\/captura-de-tela-2017-12-15-as-15-28-17\/\" data-orig-file=\"https:\/\/i0.wp.com\/www.diariodocentrodomundo.com.br\/wp-content\/uploads\/2017\/12\/captura-de-tela-2017-12-15-as-15-28-17.png?fit=762%2C511\" data-orig-size=\"762,511\" data-comments-opened=\"1\" data-image-meta=\"{&quot;aperture&quot;:&quot;0&quot;,&quot;credit&quot;:&quot;&quot;,&quot;camera&quot;:&quot;&quot;,&quot;caption&quot;:&quot;&quot;,&quot;created_timestamp&quot;:&quot;0&quot;,&quot;copyright&quot;:&quot;&quot;,&quot;focal_length&quot;:&quot;0&quot;,&quot;iso&quot;:&quot;0&quot;,&quot;shutter_speed&quot;:&quot;0&quot;,&quot;title&quot;:&quot;&quot;,&quot;orientation&quot;:&quot;0&quot;}\" data-image-title=\"Captura de Tela 2017-12-15 a\u0300s 15.28.17\" data-image-description=\"\" data-medium-file=\"https:\/\/i0.wp.com\/www.diariodocentrodomundo.com.br\/wp-content\/uploads\/2017\/12\/captura-de-tela-2017-12-15-as-15-28-17.png?fit=300%2C201\" data-large-file=\"https:\/\/i0.wp.com\/www.diariodocentrodomundo.com.br\/wp-content\/uploads\/2017\/12\/captura-de-tela-2017-12-15-as-15-28-17.png?fit=600%2C402\" data-recalc-dims=\"1\" \/><\/p>\n<h4 class=\"p7\"><span class=\"s1\">\u201cTem que ser um que a gente mate antes de fazer dela\u00e7\u00e3o\u201d.<\/span><\/h4>\n<p class=\"p7\"><span class=\"s1\"><b>A\u00e9cio Neves<\/b>, senador, na conversa gravada com Joesley Batista. Em 17\/05.<\/span><\/p>\n<p>.x.x.x.x.<\/p>\n<p>&nbsp;<\/p>\n<figure id=\"attachment_124769\" class=\"wp-caption alignnone\"><img decoding=\"async\" class=\"size-full wp-image-124769\" src=\"https:\/\/i0.wp.com\/www.diariodocentrodomundo.com.br\/wp-content\/uploads\/2016\/03\/marco-aurelio-ministro-do-STF.jpg?resize=597%2C336\" sizes=\"(max-width: 597px) 100vw, 597px\" srcset=\"https:\/\/i0.wp.com\/www.diariodocentrodomundo.com.br\/wp-content\/uploads\/2016\/03\/marco-aurelio-ministro-do-STF.jpg?w=597 597w, https:\/\/i0.wp.com\/www.diariodocentrodomundo.com.br\/wp-content\/uploads\/2016\/03\/marco-aurelio-ministro-do-STF.jpg?resize=300%2C169 300w\" alt=\"\" data-attachment-id=\"124769\" data-permalink=\"http:\/\/www.diariodocentrodomundo.com.br\/enquanto-marco-aurelio-mello-cresce-luciana-genro-se-apequena-por-kiko-nogueira\/marco-aurelio-ministro-do-stf\/\" data-orig-file=\"https:\/\/i0.wp.com\/www.diariodocentrodomundo.com.br\/wp-content\/uploads\/2016\/03\/marco-aurelio-ministro-do-STF.jpg?fit=597%2C336\" data-orig-size=\"597,336\" data-comments-opened=\"1\" data-image-meta=\"{&quot;aperture&quot;:&quot;0&quot;,&quot;credit&quot;:&quot;&quot;,&quot;camera&quot;:&quot;&quot;,&quot;caption&quot;:&quot;&quot;,&quot;created_timestamp&quot;:&quot;0&quot;,&quot;copyright&quot;:&quot;&quot;,&quot;focal_length&quot;:&quot;0&quot;,&quot;iso&quot;:&quot;0&quot;,&quot;shutter_speed&quot;:&quot;0&quot;,&quot;title&quot;:&quot;&quot;,&quot;orientation&quot;:&quot;0&quot;}\" data-image-title=\"marco-aurelio-ministro-do-STF\" data-image-description=\"\" data-medium-file=\"https:\/\/i0.wp.com\/www.diariodocentrodomundo.com.br\/wp-content\/uploads\/2016\/03\/marco-aurelio-ministro-do-STF.jpg?fit=300%2C169\" data-large-file=\"https:\/\/i0.wp.com\/www.diariodocentrodomundo.com.br\/wp-content\/uploads\/2016\/03\/marco-aurelio-ministro-do-STF.jpg?fit=597%2C336\" data-recalc-dims=\"1\" \/><figcaption class=\"wp-caption-text\">O ministro Marco Aur\u00e9lio Mello, do STF<\/figcaption><\/figure>\n<h4 class=\"p9\"><span class=\"s1\">\u201cO agravante (A\u00e9cio neves) \u00e9 brasileiro nato, chefe de fam\u00edlia, com carreira pol\u00edtica elogi\u00e1vel\u201d.<\/span><\/h4>\n<p class=\"p9\"><span class=\"s1\"><b>Marco Aur\u00e9lio Mello<\/b>, ministro do STF. Em 30\/06.<\/span><\/p>\n<p>.x.x.x.<\/p>\n<p>&nbsp;<\/p>\n<figure id=\"attachment_191704\" class=\"wp-caption alignnone\"><img decoding=\"async\" class=\"wp-image-191704 size-large\" src=\"https:\/\/i0.wp.com\/www.diariodocentrodomundo.com.br\/wp-content\/uploads\/2017\/12\/captura-de-tela-2017-12-28-as-09-56-37.png?resize=600%2C380\" sizes=\"(max-width: 600px) 100vw, 600px\" srcset=\"https:\/\/i0.wp.com\/www.diariodocentrodomundo.com.br\/wp-content\/uploads\/2017\/12\/captura-de-tela-2017-12-28-as-09-56-37.png?resize=600%2C380 600w, https:\/\/i0.wp.com\/www.diariodocentrodomundo.com.br\/wp-content\/uploads\/2017\/12\/captura-de-tela-2017-12-28-as-09-56-37.png?resize=300%2C190 300w, https:\/\/i0.wp.com\/www.diariodocentrodomundo.com.br\/wp-content\/uploads\/2017\/12\/captura-de-tela-2017-12-28-as-09-56-37.png?resize=663%2C420 663w, https:\/\/i0.wp.com\/www.diariodocentrodomundo.com.br\/wp-content\/uploads\/2017\/12\/captura-de-tela-2017-12-28-as-09-56-37.png?resize=640%2C405 640w, https:\/\/i0.wp.com\/www.diariodocentrodomundo.com.br\/wp-content\/uploads\/2017\/12\/captura-de-tela-2017-12-28-as-09-56-37.png?resize=681%2C431 681w, https:\/\/i0.wp.com\/www.diariodocentrodomundo.com.br\/wp-content\/uploads\/2017\/12\/captura-de-tela-2017-12-28-as-09-56-37.png?w=731 731w\" alt=\"\" data-attachment-id=\"191704\" data-permalink=\"http:\/\/www.diariodocentrodomundo.com.br\/as-10-frases-que-melhor-definem-2017-ano-em-que-os-idiotas-perderam-modestia-por-joaquim-de-carvalho\/captura-de-tela-2017-12-28-as-09-56-37\/\" data-orig-file=\"https:\/\/i0.wp.com\/www.diariodocentrodomundo.com.br\/wp-content\/uploads\/2017\/12\/captura-de-tela-2017-12-28-as-09-56-37.png?fit=731%2C463\" data-orig-size=\"731,463\" data-comments-opened=\"1\" data-image-meta=\"{&quot;aperture&quot;:&quot;0&quot;,&quot;credit&quot;:&quot;&quot;,&quot;camera&quot;:&quot;&quot;,&quot;caption&quot;:&quot;&quot;,&quot;created_timestamp&quot;:&quot;0&quot;,&quot;copyright&quot;:&quot;&quot;,&quot;focal_length&quot;:&quot;0&quot;,&quot;iso&quot;:&quot;0&quot;,&quot;shutter_speed&quot;:&quot;0&quot;,&quot;title&quot;:&quot;&quot;,&quot;orientation&quot;:&quot;0&quot;}\" data-image-title=\"Captura de Tela 2017-12-28 a\u0300s 09.56.37\" data-image-description=\"\" data-medium-file=\"https:\/\/i0.wp.com\/www.diariodocentrodomundo.com.br\/wp-content\/uploads\/2017\/12\/captura-de-tela-2017-12-28-as-09-56-37.png?fit=300%2C190\" data-large-file=\"https:\/\/i0.wp.com\/www.diariodocentrodomundo.com.br\/wp-content\/uploads\/2017\/12\/captura-de-tela-2017-12-28-as-09-56-37.png?fit=600%2C380\" data-recalc-dims=\"1\" \/><figcaption class=\"wp-caption-text\">Juiz Jos\u00e9 Eug\u00eanio<\/figcaption><\/figure>\n<h4><img decoding=\"async\" class=\"alignnone size-full wp-image-191703\" src=\"https:\/\/i1.wp.com\/www.diariodocentrodomundo.com.br\/wp-content\/uploads\/2017\/12\/juiz-jose-euge%cc%82nio.jpg?resize=534%2C400\" sizes=\"(max-width: 534px) 100vw, 534px\" srcset=\"https:\/\/i1.wp.com\/www.diariodocentrodomundo.com.br\/wp-content\/uploads\/2017\/12\/juiz-jose-euge%cc%82nio.jpg?w=534 534w, https:\/\/i1.wp.com\/www.diariodocentrodomundo.com.br\/wp-content\/uploads\/2017\/12\/juiz-jose-euge%cc%82nio.jpg?resize=300%2C225 300w, https:\/\/i1.wp.com\/www.diariodocentrodomundo.com.br\/wp-content\/uploads\/2017\/12\/juiz-jose-euge%cc%82nio.jpg?resize=80%2C60 80w, https:\/\/i1.wp.com\/www.diariodocentrodomundo.com.br\/wp-content\/uploads\/2017\/12\/juiz-jose-euge%cc%82nio.jpg?resize=100%2C75 100w, https:\/\/i1.wp.com\/www.diariodocentrodomundo.com.br\/wp-content\/uploads\/2017\/12\/juiz-jose-euge%cc%82nio.jpg?resize=180%2C135 180w, https:\/\/i1.wp.com\/www.diariodocentrodomundo.com.br\/wp-content\/uploads\/2017\/12\/juiz-jose-euge%cc%82nio.jpg?resize=238%2C178 238w\" alt=\"\" data-attachment-id=\"191703\" data-permalink=\"http:\/\/www.diariodocentrodomundo.com.br\/as-10-frases-que-melhor-definem-2017-ano-em-que-os-idiotas-perderam-modestia-por-joaquim-de-carvalho\/juiz-jose-euge%cc%82nio\/\" data-orig-file=\"https:\/\/i1.wp.com\/www.diariodocentrodomundo.com.br\/wp-content\/uploads\/2017\/12\/juiz-jose-euge%cc%82nio.jpg?fit=534%2C400\" data-orig-size=\"534,400\" data-comments-opened=\"1\" data-image-meta=\"{&quot;aperture&quot;:&quot;0&quot;,&quot;credit&quot;:&quot;&quot;,&quot;camera&quot;:&quot;&quot;,&quot;caption&quot;:&quot;&quot;,&quot;created_timestamp&quot;:&quot;0&quot;,&quot;copyright&quot;:&quot;Copyright 2009&quot;,&quot;focal_length&quot;:&quot;0&quot;,&quot;iso&quot;:&quot;0&quot;,&quot;shutter_speed&quot;:&quot;0&quot;,&quot;title&quot;:&quot;&quot;,&quot;orientation&quot;:&quot;1&quot;}\" data-image-title=\"JUIZ JOSE\u0301 EUGE\u0302NIO\" data-image-description=\"\" data-medium-file=\"https:\/\/i1.wp.com\/www.diariodocentrodomundo.com.br\/wp-content\/uploads\/2017\/12\/juiz-jose-euge%cc%82nio.jpg?fit=300%2C225\" data-large-file=\"https:\/\/i1.wp.com\/www.diariodocentrodomundo.com.br\/wp-content\/uploads\/2017\/12\/juiz-jose-euge%cc%82nio.jpg?fit=534%2C400\" data-recalc-dims=\"1\" \/><\/h4>\n<h4><span class=\"s1\">Entendo que n\u00e3o houve que n\u00e3o houve constrangimento, tampouco viol\u00eancia ou grave amea\u00e7a, pois a v\u00edtima estava sentada em um banco de \u00f4nibus quando foi surpreendida pela ejacula\u00e7\u00e3o do indiciado.<\/span><\/h4>\n<p class=\"p12\"><span class=\"s1\"><b>Jos\u00e9 Eug\u00eanio do Amaral Souza Neto<\/b>, juiz de direito. Em 30\/08.<\/span><\/p>\n<p>.x.x.x.x.<\/p>\n<p>&nbsp;<\/p>\n<figure id=\"attachment_174787\" class=\"wp-caption alignnone\"><img decoding=\"async\" class=\"size-full wp-image-174787\" src=\"https:\/\/i2.wp.com\/www.diariodocentrodomundo.com.br\/wp-content\/uploads\/2017\/09\/video-palocci-fala-no-pacto-de-s.jpg?resize=480%2C360\" sizes=\"(max-width: 480px) 100vw, 480px\" srcset=\"https:\/\/i2.wp.com\/www.diariodocentrodomundo.com.br\/wp-content\/uploads\/2017\/09\/video-palocci-fala-no-pacto-de-s.jpg?w=480 480w, https:\/\/i2.wp.com\/www.diariodocentrodomundo.com.br\/wp-content\/uploads\/2017\/09\/video-palocci-fala-no-pacto-de-s.jpg?resize=300%2C225 300w, https:\/\/i2.wp.com\/www.diariodocentrodomundo.com.br\/wp-content\/uploads\/2017\/09\/video-palocci-fala-no-pacto-de-s.jpg?resize=80%2C60 80w, https:\/\/i2.wp.com\/www.diariodocentrodomundo.com.br\/wp-content\/uploads\/2017\/09\/video-palocci-fala-no-pacto-de-s.jpg?resize=100%2C75 100w, https:\/\/i2.wp.com\/www.diariodocentrodomundo.com.br\/wp-content\/uploads\/2017\/09\/video-palocci-fala-no-pacto-de-s.jpg?resize=180%2C135 180w, https:\/\/i2.wp.com\/www.diariodocentrodomundo.com.br\/wp-content\/uploads\/2017\/09\/video-palocci-fala-no-pacto-de-s.jpg?resize=238%2C178 238w\" alt=\"\" data-attachment-id=\"174787\" data-permalink=\"http:\/\/www.diariodocentrodomundo.com.br\/video-palocci-fala-no-pacto-de-sangue-entre-lula-e-emilio-odebrecht\/video-palocci-fala-no-pacto-de-sangue-entre-lula-e-emilio-odebrecht-2\/\" data-orig-file=\"https:\/\/i2.wp.com\/www.diariodocentrodomundo.com.br\/wp-content\/uploads\/2017\/09\/video-palocci-fala-no-pacto-de-s.jpg?fit=480%2C360\" data-orig-size=\"480,360\" data-comments-opened=\"1\" data-image-meta=\"{&quot;aperture&quot;:&quot;0&quot;,&quot;credit&quot;:&quot;&quot;,&quot;camera&quot;:&quot;&quot;,&quot;caption&quot;:&quot;&quot;,&quot;created_timestamp&quot;:&quot;0&quot;,&quot;copyright&quot;:&quot;&quot;,&quot;focal_length&quot;:&quot;0&quot;,&quot;iso&quot;:&quot;0&quot;,&quot;shutter_speed&quot;:&quot;0&quot;,&quot;title&quot;:&quot;&quot;,&quot;orientation&quot;:&quot;0&quot;}\" data-image-title=\"V\u00cdDEO: Palocci fala no \u201cpacto de sangue\u201d entre Lula e Em\u00edlio Odebrecht\" data-image-description=\"\" data-medium-file=\"https:\/\/i2.wp.com\/www.diariodocentrodomundo.com.br\/wp-content\/uploads\/2017\/09\/video-palocci-fala-no-pacto-de-s.jpg?fit=300%2C225\" data-large-file=\"https:\/\/i2.wp.com\/www.diariodocentrodomundo.com.br\/wp-content\/uploads\/2017\/09\/video-palocci-fala-no-pacto-de-s.jpg?fit=480%2C360\" data-recalc-dims=\"1\" \/><figcaption class=\"wp-caption-text\">Palocci<\/figcaption><\/figure>\n<h4 class=\"p12\"><span class=\"s1\">Foi nesse momento que o dr. Em\u00edlio Odebrecht fez uma esp\u00e9cie de pacto de sangue com o presidente Lula.<\/span><\/h4>\n<p class=\"p12\"><span class=\"s1\"><b>Ant\u00f4nio Palocci<\/b>, ex-ministro da Fazenda. Em 6\/09.<\/span><\/p>\n<p>.x.x.x.x.x.<\/p>\n<p>&nbsp;<\/p>\n<figure id=\"attachment_190967\" class=\"wp-caption alignnone\"><img decoding=\"async\" class=\"size-large wp-image-190967\" src=\"https:\/\/i0.wp.com\/www.diariodocentrodomundo.com.br\/wp-content\/uploads\/2017\/12\/zeze.jpg?resize=600%2C356\" sizes=\"(max-width: 600px) 100vw, 600px\" srcset=\"https:\/\/i0.wp.com\/www.diariodocentrodomundo.com.br\/wp-content\/uploads\/2017\/12\/zeze.jpg?resize=600%2C356 600w, https:\/\/i0.wp.com\/www.diariodocentrodomundo.com.br\/wp-content\/uploads\/2017\/12\/zeze.jpg?resize=300%2C178 300w, https:\/\/i0.wp.com\/www.diariodocentrodomundo.com.br\/wp-content\/uploads\/2017\/12\/zeze.jpg?resize=768%2C456 768w, https:\/\/i0.wp.com\/www.diariodocentrodomundo.com.br\/wp-content\/uploads\/2017\/12\/zeze.jpg?resize=708%2C420 708w, https:\/\/i0.wp.com\/www.diariodocentrodomundo.com.br\/wp-content\/uploads\/2017\/12\/zeze.jpg?resize=640%2C380 640w, https:\/\/i0.wp.com\/www.diariodocentrodomundo.com.br\/wp-content\/uploads\/2017\/12\/zeze.jpg?resize=681%2C404 681w, https:\/\/i0.wp.com\/www.diariodocentrodomundo.com.br\/wp-content\/uploads\/2017\/12\/zeze.jpg?w=819 819w\" alt=\"\" data-attachment-id=\"190967\" data-permalink=\"http:\/\/www.diariodocentrodomundo.com.br\/essencial\/zeze-di-camargo-pode-entrar-no-psdb-para-cargo-no-senado\/zeze-2\/\" data-orig-file=\"https:\/\/i0.wp.com\/www.diariodocentrodomundo.com.br\/wp-content\/uploads\/2017\/12\/zeze.jpg?fit=819%2C486\" data-orig-size=\"819,486\" data-comments-opened=\"1\" data-image-meta=\"{&quot;aperture&quot;:&quot;0&quot;,&quot;credit&quot;:&quot;&quot;,&quot;camera&quot;:&quot;&quot;,&quot;caption&quot;:&quot;&quot;,&quot;created_timestamp&quot;:&quot;0&quot;,&quot;copyright&quot;:&quot;&quot;,&quot;focal_length&quot;:&quot;0&quot;,&quot;iso&quot;:&quot;0&quot;,&quot;shutter_speed&quot;:&quot;0&quot;,&quot;title&quot;:&quot;&quot;,&quot;orientation&quot;:&quot;0&quot;}\" data-image-title=\"zeze\" data-image-description=\"\" data-medium-file=\"https:\/\/i0.wp.com\/www.diariodocentrodomundo.com.br\/wp-content\/uploads\/2017\/12\/zeze.jpg?fit=300%2C178\" data-large-file=\"https:\/\/i0.wp.com\/www.diariodocentrodomundo.com.br\/wp-content\/uploads\/2017\/12\/zeze.jpg?fit=600%2C356\" data-recalc-dims=\"1\" \/><figcaption class=\"wp-caption-text\">Zez\u00e9 Di Camargo. Foto: Divulga\u00e7\u00e3o<\/figcaption><\/figure>\n<h4 class=\"p12\"><span class=\"s1\">\u201cMuita gente confunde militarismo com ditadura. N\u00f3s n\u00e3o viv\u00edamos numa ditadura, viv\u00edamos num militarismo vigiado.\u201d<\/span><\/h4>\n<p class=\"p12\"><span class=\"s1\"><b>Zez\u00e9 Di Camargo<\/b>, cantor sertanejo. Em 12\/09.<\/span><\/p>\n<p>.x.x.x.x.<\/p>\n<p>&nbsp;<\/p>\n<p><img decoding=\"async\" class=\"alignnone size-large wp-image-180899\" src=\"https:\/\/i0.wp.com\/www.diariodocentrodomundo.com.br\/wp-content\/uploads\/2017\/10\/doria-farinata.jpg?resize=600%2C338\" sizes=\"(max-width: 600px) 100vw, 600px\" srcset=\"https:\/\/i0.wp.com\/www.diariodocentrodomundo.com.br\/wp-content\/uploads\/2017\/10\/doria-farinata.jpg?resize=600%2C338 600w, https:\/\/i0.wp.com\/www.diariodocentrodomundo.com.br\/wp-content\/uploads\/2017\/10\/doria-farinata.jpg?resize=300%2C169 300w, https:\/\/i0.wp.com\/www.diariodocentrodomundo.com.br\/wp-content\/uploads\/2017\/10\/doria-farinata.jpg?resize=745%2C420 745w, https:\/\/i0.wp.com\/www.diariodocentrodomundo.com.br\/wp-content\/uploads\/2017\/10\/doria-farinata.jpg?resize=640%2C361 640w, https:\/\/i0.wp.com\/www.diariodocentrodomundo.com.br\/wp-content\/uploads\/2017\/10\/doria-farinata.jpg?resize=681%2C384 681w, https:\/\/i0.wp.com\/www.diariodocentrodomundo.com.br\/wp-content\/uploads\/2017\/10\/doria-farinata.jpg?w=750 750w\" alt=\"\" data-attachment-id=\"180899\" data-permalink=\"http:\/\/www.diariodocentrodomundo.com.br\/essencial\/igreja-defende-racao-de-doria\/doria-farinata\/\" data-orig-file=\"https:\/\/i0.wp.com\/www.diariodocentrodomundo.com.br\/wp-content\/uploads\/2017\/10\/doria-farinata.jpg?fit=750%2C423\" data-orig-size=\"750,423\" data-comments-opened=\"1\" data-image-meta=\"{&quot;aperture&quot;:&quot;0&quot;,&quot;credit&quot;:&quot;&quot;,&quot;camera&quot;:&quot;&quot;,&quot;caption&quot;:&quot;&quot;,&quot;created_timestamp&quot;:&quot;0&quot;,&quot;copyright&quot;:&quot;&quot;,&quot;focal_length&quot;:&quot;0&quot;,&quot;iso&quot;:&quot;0&quot;,&quot;shutter_speed&quot;:&quot;0&quot;,&quot;title&quot;:&quot;&quot;,&quot;orientation&quot;:&quot;0&quot;}\" data-image-title=\"doria \u2013 farinata\" data-image-description=\"\" data-medium-file=\"https:\/\/i0.wp.com\/www.diariodocentrodomundo.com.br\/wp-content\/uploads\/2017\/10\/doria-farinata.jpg?fit=300%2C169\" data-large-file=\"https:\/\/i0.wp.com\/www.diariodocentrodomundo.com.br\/wp-content\/uploads\/2017\/10\/doria-farinata.jpg?fit=600%2C338\" data-recalc-dims=\"1\" \/><\/p>\n<h4 class=\"p12\"><span class=\"s1\">\u201cO alimento utilizado \u00e9 o mesmo que os astronautas comem quando v\u00e3o em miss\u00f5es espaciais.\u201d<\/span><\/h4>\n<p class=\"p12\"><span class=\"s1\"><b>Jo\u00e3o Doria<\/b>, prefeito de S\u00e3o Paulo. Em 12\/10.<\/span><\/p>\n<p>.x.x.x.x.<\/p>\n<p><img decoding=\"async\" class=\"alignnone size-large wp-image-156221\" src=\"https:\/\/i1.wp.com\/www.diariodocentrodomundo.com.br\/wp-content\/uploads\/2017\/04\/luislinda.jpg?resize=600%2C400\" sizes=\"(max-width: 600px) 100vw, 600px\" srcset=\"https:\/\/i1.wp.com\/www.diariodocentrodomundo.com.br\/wp-content\/uploads\/2017\/04\/luislinda.jpg?resize=600%2C400 600w, https:\/\/i1.wp.com\/www.diariodocentrodomundo.com.br\/wp-content\/uploads\/2017\/04\/luislinda.jpg?resize=300%2C200 300w, https:\/\/i1.wp.com\/www.diariodocentrodomundo.com.br\/wp-content\/uploads\/2017\/04\/luislinda.jpg?resize=768%2C512 768w, https:\/\/i1.wp.com\/www.diariodocentrodomundo.com.br\/wp-content\/uploads\/2017\/04\/luislinda.jpg?w=984 984w\" alt=\"\" data-attachment-id=\"156221\" data-permalink=\"http:\/\/www.diariodocentrodomundo.com.br\/essencial\/ministra-do-stj-que-soltou-mulher-de-cabral-negou-prisao-domiciliar-a-mae-de-duas-criancas\/luislinda\/\" data-orig-file=\"https:\/\/i1.wp.com\/www.diariodocentrodomundo.com.br\/wp-content\/uploads\/2017\/04\/luislinda.jpg?fit=984%2C656\" data-orig-size=\"984,656\" data-comments-opened=\"1\" data-image-meta=\"{&quot;aperture&quot;:&quot;0&quot;,&quot;credit&quot;:&quot;&quot;,&quot;camera&quot;:&quot;&quot;,&quot;caption&quot;:&quot;&quot;,&quot;created_timestamp&quot;:&quot;0&quot;,&quot;copyright&quot;:&quot;&quot;,&quot;focal_length&quot;:&quot;0&quot;,&quot;iso&quot;:&quot;0&quot;,&quot;shutter_speed&quot;:&quot;0&quot;,&quot;title&quot;:&quot;&quot;,&quot;orientation&quot;:&quot;0&quot;}\" data-image-title=\"luislinda\" data-image-description=\"\" data-medium-file=\"https:\/\/i1.wp.com\/www.diariodocentrodomundo.com.br\/wp-content\/uploads\/2017\/04\/luislinda.jpg?fit=300%2C200\" data-large-file=\"https:\/\/i1.wp.com\/www.diariodocentrodomundo.com.br\/wp-content\/uploads\/2017\/04\/luislinda.jpg?fit=600%2C400\" data-recalc-dims=\"1\" \/><\/p>\n<h4 class=\"p12\"><span class=\"s1\">\u201cO trabalho executado sem a correspondente remunera\u00e7\u00e3o, sem sombra de d\u00favida, se assemelha a trabalho escravo.\u201d<\/span><\/h4>\n<p class=\"p12\"><span class=\"s1\"><b>Luislinda Valois<\/b>, ministra dos Direitos Humanos. Em 2\/11. Ao pedir sal\u00e1rio de R$ 61 mil.<\/span><\/p>\n<div id=\"execphp-67\" class=\"td_block_template_1 widget widget_execphp\"><\/div>\n","protected":false},"excerpt":{"rendered":"<p>DCM, por Joaquim de Carvalho &#8211; Como a \u00e9poca \u00e9 de retrospectiva, decidi fazer a minha, com as 10 frases que melhor sintetizam o que foi o Brasil de 2017.<\/p>\n","protected":false},"author":1,"featured_media":0,"comment_status":"closed","ping_status":"open","sticky":false,"template":"","format":"standard","meta":{"_exactmetrics_skip_tracking":false,"_exactmetrics_sitenote_active":false,"_exactmetrics_sitenote_note":"","_exactmetrics_sitenote_category":0,"jetpack_post_was_ever_published":false,"_jetpack_newsletter_access":"","_jetpack_dont_email_post_to_subs":false,"_jetpack_newsletter_tier_id":0,"_jetpack_memberships_contains_paywalled_content":false,"_jetpack_memberships_contains_paid_content":false,"footnotes":"","jetpack_publicize_message":"","jetpack_publicize_feature_enabled":true,"jetpack_social_post_already_shared":true,"jetpack_social_options":{"image_generator_settings":{"template":"highway","enabled":false},"version":2}},"categories":[1],"tags":[],"class_list":["post-15826","post","type-post","status-publish","format-standard","hentry","category-notas"],"jetpack_publicize_connections":[],"jetpack_sharing_enabled":true,"jetpack_featured_media_url":"","jetpack_shortlink":"https:\/\/wp.me\/p7wKYW-47g","jetpack-related-posts":[],"_links":{"self":[{"href":"http:\/\/blogdalucianaoliveira.com.br\/blog\/wp-json\/wp\/v2\/posts\/15826","targetHints":{"allow":["GET"]}}],"collection":[{"href":"http:\/\/blogdalucianaoliveira.com.br\/blog\/wp-json\/wp\/v2\/posts"}],"about":[{"href":"http:\/\/blogdalucianaoliveira.com.br\/blog\/wp-json\/wp\/v2\/types\/post"}],"author":[{"embeddable":true,"href":"http:\/\/blogdalucianaoliveira.com.br\/blog\/wp-json\/wp\/v2\/users\/1"}],"replies":[{"embeddable":true,"href":"http:\/\/blogdalucianaoliveira.com.br\/blog\/wp-json\/wp\/v2\/comments?post=15826"}],"version-history":[{"count":3,"href":"http:\/\/blogdalucianaoliveira.com.br\/blog\/wp-json\/wp\/v2\/posts\/15826\/revisions"}],"predecessor-version":[{"id":15830,"href":"http:\/\/blogdalucianaoliveira.com.br\/blog\/wp-json\/wp\/v2\/posts\/15826\/revisions\/15830"}],"wp:attachment":[{"href":"http:\/\/blogdalucianaoliveira.com.br\/blog\/wp-json\/wp\/v2\/media?parent=15826"}],"wp:term":[{"taxonomy":"category","embeddable":true,"href":"http:\/\/blogdalucianaoliveira.com.br\/blog\/wp-json\/wp\/v2\/categories?post=15826"},{"taxonomy":"post_tag","embeddable":true,"href":"http:\/\/blogdalucianaoliveira.com.br\/blog\/wp-json\/wp\/v2\/tags?post=15826"}],"curies":[{"name":"wp","href":"https:\/\/api.w.org\/{rel}","templated":true}]}}