{"id":15831,"date":"2017-12-29T11:56:42","date_gmt":"2017-12-29T15:56:42","guid":{"rendered":"http:\/\/blogdalucianaoliveira.com.br\/blog\/?p=15831"},"modified":"2017-12-29T12:00:17","modified_gmt":"2017-12-29T16:00:17","slug":"prometa-lutar-pelos-que-tem-fome-e-sede-de-justica-em-2018","status":"publish","type":"post","link":"http:\/\/blogdalucianaoliveira.com.br\/blog\/2017\/12\/29\/prometa-lutar-pelos-que-tem-fome-e-sede-de-justica-em-2018\/","title":{"rendered":"Prometa lutar pelos que t\u00eam fome e sede de justi\u00e7a em 2018"},"content":{"rendered":"<p><img data-recalc-dims=\"1\" loading=\"lazy\" decoding=\"async\" data-attachment-id=\"15832\" data-permalink=\"http:\/\/blogdalucianaoliveira.com.br\/blog\/2017\/12\/29\/prometa-lutar-pelos-que-tem-fome-e-sede-de-justica-em-2018\/bandeira_lavada\/\" data-orig-file=\"https:\/\/i0.wp.com\/blogdalucianaoliveira.com.br\/blog\/wp-content\/uploads\/2017\/12\/bandeira_lavada.jpg?fit=609%2C362\" data-orig-size=\"609,362\" data-comments-opened=\"0\" data-image-meta=\"{&quot;aperture&quot;:&quot;0&quot;,&quot;credit&quot;:&quot;&quot;,&quot;camera&quot;:&quot;&quot;,&quot;caption&quot;:&quot;&quot;,&quot;created_timestamp&quot;:&quot;0&quot;,&quot;copyright&quot;:&quot;&quot;,&quot;focal_length&quot;:&quot;0&quot;,&quot;iso&quot;:&quot;0&quot;,&quot;shutter_speed&quot;:&quot;0&quot;,&quot;title&quot;:&quot;&quot;,&quot;orientation&quot;:&quot;0&quot;}\" data-image-title=\"bandeira_lavada\" data-image-description=\"\" data-image-caption=\"\" data-medium-file=\"https:\/\/i0.wp.com\/blogdalucianaoliveira.com.br\/blog\/wp-content\/uploads\/2017\/12\/bandeira_lavada.jpg?fit=300%2C178\" data-large-file=\"https:\/\/i0.wp.com\/blogdalucianaoliveira.com.br\/blog\/wp-content\/uploads\/2017\/12\/bandeira_lavada.jpg?fit=600%2C357\" src=\"https:\/\/i0.wp.com\/blogdalucianaoliveira.com.br\/blog\/wp-content\/uploads\/2017\/12\/bandeira_lavada.jpg?resize=600%2C357\" alt=\"bandeira_lavada\" width=\"600\" height=\"357\" class=\"alignnone size-full wp-image-15832\" srcset=\"https:\/\/i0.wp.com\/blogdalucianaoliveira.com.br\/blog\/wp-content\/uploads\/2017\/12\/bandeira_lavada.jpg?w=609 609w, https:\/\/i0.wp.com\/blogdalucianaoliveira.com.br\/blog\/wp-content\/uploads\/2017\/12\/bandeira_lavada.jpg?resize=300%2C178 300w, https:\/\/i0.wp.com\/blogdalucianaoliveira.com.br\/blog\/wp-content\/uploads\/2017\/12\/bandeira_lavada.jpg?resize=505%2C300 505w\" sizes=\"auto, (max-width: 600px) 100vw, 600px\" \/><\/p>\n<p>A esperan\u00e7a \u00e9 um sentimento que comparo ao mel, um produto que n\u00e3o estraga por mais adversas que sejam as condi\u00e7\u00f5es em que \u00e9 mantido.<\/p>\n<p>Por ser al\u00e9m de doce, de Ph muito \u00e1cido, nenhum microrganismo que tente fazer do mel hospedeiro, sobrevive.<\/p>\n<p>O mel \u00e9 eterno e s\u00f3 concorre em do\u00e7ura com as t\u00e2maras que antigamente demoravam 80 anos para serem colhidas. Da\u00ed o ditado \u00e1rabe: \u201cQuem planta t\u00e2maras, n\u00e3o colhe t\u00e2maras!\u201d<\/p>\n<p>\u00c9 com caracter\u00edsticas desses dois alimentos preciosos que preparo o esp\u00edrito para encarar 2018.<!--more--><\/p>\n<p>A previs\u00e3o de que nada bom para o Brasil ser\u00e1 produzido novo ano por esse governo corrupto e mau, n\u00e3o vai acabar com minha do\u00e7ura e sonhos.<\/p>\n<p>Seguirei plantando o sonho de um pa\u00eds menos desigual e melhor para todos e todas.<\/p>\n<p>Porque sem plantar o desejo de justi\u00e7a social, ningu\u00e9m colher\u00e1.<\/p>\n<p>2017 foi cansativo para quem lutou contra a perda de direitos e o desmonte de pol\u00edticas sociais bem sucedidas.<\/p>\n<p>Foi um ano catastr\u00f3fico, sobretudo para os mais pobres.<\/p>\n<p>O Congresso Nacional disparou m\u00edsseis letais contra os mais fr\u00e1geis, como a PEC que congelou investimentos na sa\u00fade e educa\u00e7\u00e3o por 20 anos, o que vai aprofundar a desigualdade. A ONU chamou a medida de \u201cradical\u201d e \u201csem compaix\u00e3o\u201d.<\/p>\n<p>No pa\u00eds em que os 5% mais ricos det\u00eam a mesma por\u00e7\u00e3o de renda que outros 95%, segundo estudo da Oxfam, o contraste social resulta em mais viol\u00eancia quando a fatia pobre \u00e9 condenada a ficar mais pobre.<\/p>\n<p>\u201cEm 2015 houve 59.080 homic\u00eddios no Brasil \u2013 o que equivale a uma taxa por 100 mil habitantes de 28,9. Este n\u00famero de homic\u00eddios consolida uma mudan\u00e7a de patamar nesse indicador (na ordem de 59 a 60 mil casos por ano), e se distancia das 48 mil a 50 mil mortes, ocorridas entre 2005 e 2007\u201d, segundo o Sistema de Informa\u00e7\u00f5es sobre Mortalidade, do Minist\u00e9rio da Sa\u00fade.<\/p>\n<p>O avan\u00e7o da viol\u00eancia \u00e9 o recibo dos governantes aos que n\u00e3o se importam com os vulner\u00e1veis.<\/p>\n<p>O congelamento de investimentos na educa\u00e7\u00e3o lan\u00e7ar\u00e1 mais adolescentes da escola ao trabalho precoce e prec\u00e1rio.<\/p>\n<p>S\u00f3 os ricos e est\u00fapidos aprovam o fim do combate \u00e0 desigualdade.<\/p>\n<p>Esses, n\u00e3o se preocupam com os 28 milh\u00f5es de brasileiros que voltaram a ocupar a linha abaixo da pobreza. Entre 2004 e 2014, 30 milh\u00f5es sa\u00edram dessa condi\u00e7\u00e3o.<\/p>\n<p>Reforma Trabalhista, rico e est\u00fapido aprova.<\/p>\n<p>Reforma da Previd\u00eancia, tamb\u00e9m.<\/p>\n<p>E o fim da corrup\u00e7\u00e3o? Claro que n\u00e3o.<\/p>\n<p>Os ricos negam a catinga desse governo, porque nela conservam seus privil\u00e9gios. E os est\u00fapidos, sua estupidez.<\/p>\n<p>Por isso \u00e9 t\u00e3o importante manter a esperan\u00e7a com luta e plantar a consci\u00eancia de que um pa\u00eds t\u00e3o vasto e rico n\u00e3o pode ser pra poucos.<\/p>\n<p>De um modo geral, o brasileiro se rebaixou \u00e0 altura do governo que jamais seria eleito com as reformas desastrosas que v\u00eam sendo aprovadas com chantagens e compra de votos.<\/p>\n<p>A maioria preferiu n\u00e3o admitir o erro do apoio ao golpe a exigir \u00e0 C\u00e2mara autorizasse as investiga\u00e7\u00f5es contra Temer e ao Senado o afastamento de A\u00e9cio Neves. Sem esses dois pol\u00edticos de mal car\u00e1ter, o \u201cacordo com o STF, com tudo&#8230;\u201d poderia sofrer uma reviravolta.<\/p>\n<p>Faltou a for\u00e7a dos brasileiros amargos que perderam de vista a esperan\u00e7a.<\/p>\n<p>Que em 2018 a encontrem para banir os pol\u00edticos que ajudaram Temer a massacrar os mais pobres.<\/p>\n<p>A esperan\u00e7a \u00e9 eterna como o mel e est\u00e1 onde sempre esteve, nas urnas.<\/p>\n<p>Mas, para enxerga-la \u00e9 preciso cultivar o que d\u00e1 trabalho e leva tempo para colher.<\/p>\n<p>N\u00e3o \u00e9 assim com nossa democracia?<\/p>\n<p>Aos brasileiros que andam falando de lado e olhando pro ch\u00e3o, desejo esperan\u00e7a e luta.<\/p>\n<p>A Eterna M\u00e1goa sem luta n\u00e3o tem utilidade alguma, com plantou Augusto dos Anjos.<\/p>\n<p>\u201cO homem por sobre quem caiu a praga<br \/>\nDa tristeza do Mundo, o homem que \u00e9 triste<br \/>\nPara todos os s\u00e9culos existe<br \/>\nE nunca mais o seu pesar se apaga!<br \/>\nN\u00e3o cr\u00ea em nada, pois, nada h\u00e1 que traga<br \/>\nConsolo \u00e0 M\u00e1goa, a que s\u00f3 ele assiste.<br \/>\nQuer resistir, e quanto mais resiste<br \/>\nMais se lhe aumenta e se lhe afunda a chaga.<br \/>\nSabe que sofre, mas o que n\u00e3o sabe<br \/>\n\u00c9 que essa m\u00e1goa infinda assim, n\u00e3o cabe<br \/>\nNa sua vida, \u00e9 que essa m\u00e1goa infinda<\/p>\n<p>Transp\u00f5e a vida do seu corpo inerme;<br \/>\nE quando esse homem se transforma em verme<br \/>\n\u00c9 essa m\u00e1goa que o acompanha ainda!\u201d<\/p>\n","protected":false},"excerpt":{"rendered":"<p>A esperan\u00e7a \u00e9 um sentimento que comparo ao mel, um produto que n\u00e3o estraga por mais adversas que sejam as condi\u00e7\u00f5es em que \u00e9 mantido. Por ser al\u00e9m de doce, de Ph muito \u00e1cido, nenhum microrganismo que tente fazer do mel hospedeiro, sobrevive. O mel \u00e9 eterno e s\u00f3 concorre em do\u00e7ura com as t\u00e2maras&#8230;<a class=\"more-link\" href=\"http:\/\/blogdalucianaoliveira.com.br\/blog\/2017\/12\/29\/prometa-lutar-pelos-que-tem-fome-e-sede-de-justica-em-2018\/\">Continue a leitura <span class=\"meta-nav\">&raquo;<\/span><\/a><\/p>\n","protected":false},"author":1,"featured_media":0,"comment_status":"closed","ping_status":"open","sticky":false,"template":"","format":"standard","meta":{"_exactmetrics_skip_tracking":false,"_exactmetrics_sitenote_active":false,"_exactmetrics_sitenote_note":"","_exactmetrics_sitenote_category":0,"jetpack_post_was_ever_published":false,"_jetpack_newsletter_access":"","_jetpack_dont_email_post_to_subs":false,"_jetpack_newsletter_tier_id":0,"_jetpack_memberships_contains_paywalled_content":false,"_jetpack_memberships_contains_paid_content":false,"footnotes":"","jetpack_publicize_message":"","jetpack_publicize_feature_enabled":true,"jetpack_social_post_already_shared":true,"jetpack_social_options":{"image_generator_settings":{"template":"highway","enabled":false},"version":2}},"categories":[1],"tags":[],"class_list":["post-15831","post","type-post","status-publish","format-standard","hentry","category-notas"],"jetpack_publicize_connections":[],"jetpack_sharing_enabled":true,"jetpack_featured_media_url":"","jetpack_shortlink":"https:\/\/wp.me\/p7wKYW-47l","jetpack-related-posts":[],"_links":{"self":[{"href":"http:\/\/blogdalucianaoliveira.com.br\/blog\/wp-json\/wp\/v2\/posts\/15831","targetHints":{"allow":["GET"]}}],"collection":[{"href":"http:\/\/blogdalucianaoliveira.com.br\/blog\/wp-json\/wp\/v2\/posts"}],"about":[{"href":"http:\/\/blogdalucianaoliveira.com.br\/blog\/wp-json\/wp\/v2\/types\/post"}],"author":[{"embeddable":true,"href":"http:\/\/blogdalucianaoliveira.com.br\/blog\/wp-json\/wp\/v2\/users\/1"}],"replies":[{"embeddable":true,"href":"http:\/\/blogdalucianaoliveira.com.br\/blog\/wp-json\/wp\/v2\/comments?post=15831"}],"version-history":[{"count":2,"href":"http:\/\/blogdalucianaoliveira.com.br\/blog\/wp-json\/wp\/v2\/posts\/15831\/revisions"}],"predecessor-version":[{"id":15834,"href":"http:\/\/blogdalucianaoliveira.com.br\/blog\/wp-json\/wp\/v2\/posts\/15831\/revisions\/15834"}],"wp:attachment":[{"href":"http:\/\/blogdalucianaoliveira.com.br\/blog\/wp-json\/wp\/v2\/media?parent=15831"}],"wp:term":[{"taxonomy":"category","embeddable":true,"href":"http:\/\/blogdalucianaoliveira.com.br\/blog\/wp-json\/wp\/v2\/categories?post=15831"},{"taxonomy":"post_tag","embeddable":true,"href":"http:\/\/blogdalucianaoliveira.com.br\/blog\/wp-json\/wp\/v2\/tags?post=15831"}],"curies":[{"name":"wp","href":"https:\/\/api.w.org\/{rel}","templated":true}]}}