{"id":15835,"date":"2017-12-29T19:09:09","date_gmt":"2017-12-29T23:09:09","guid":{"rendered":"http:\/\/blogdalucianaoliveira.com.br\/blog\/?p=15835"},"modified":"2017-12-29T19:09:09","modified_gmt":"2017-12-29T23:09:09","slug":"ha-algo-de-doentio-na-relacao-da-extrema-direita-com-o-crime-de-estupro","status":"publish","type":"post","link":"http:\/\/blogdalucianaoliveira.com.br\/blog\/2017\/12\/29\/ha-algo-de-doentio-na-relacao-da-extrema-direita-com-o-crime-de-estupro\/","title":{"rendered":"H\u00e1 algo de doentio na rela\u00e7\u00e3o da extrema direita com o crime de estupro"},"content":{"rendered":"<p><img data-recalc-dims=\"1\" loading=\"lazy\" decoding=\"async\" data-attachment-id=\"15836\" data-permalink=\"http:\/\/blogdalucianaoliveira.com.br\/blog\/2017\/12\/29\/ha-algo-de-doentio-na-relacao-da-extrema-direita-com-o-crime-de-estupro\/doe\/\" data-orig-file=\"https:\/\/i0.wp.com\/blogdalucianaoliveira.com.br\/blog\/wp-content\/uploads\/2017\/12\/doe.jpg?fit=600%2C338\" data-orig-size=\"600,338\" data-comments-opened=\"0\" data-image-meta=\"{&quot;aperture&quot;:&quot;0&quot;,&quot;credit&quot;:&quot;&quot;,&quot;camera&quot;:&quot;&quot;,&quot;caption&quot;:&quot;&quot;,&quot;created_timestamp&quot;:&quot;0&quot;,&quot;copyright&quot;:&quot;&quot;,&quot;focal_length&quot;:&quot;0&quot;,&quot;iso&quot;:&quot;0&quot;,&quot;shutter_speed&quot;:&quot;0&quot;,&quot;title&quot;:&quot;&quot;,&quot;orientation&quot;:&quot;0&quot;}\" data-image-title=\"doe\" data-image-description=\"\" data-image-caption=\"\" data-medium-file=\"https:\/\/i0.wp.com\/blogdalucianaoliveira.com.br\/blog\/wp-content\/uploads\/2017\/12\/doe.jpg?fit=300%2C169\" data-large-file=\"https:\/\/i0.wp.com\/blogdalucianaoliveira.com.br\/blog\/wp-content\/uploads\/2017\/12\/doe.jpg?fit=600%2C338\" src=\"https:\/\/i0.wp.com\/blogdalucianaoliveira.com.br\/blog\/wp-content\/uploads\/2017\/12\/doe.jpg?resize=600%2C338\" alt=\"doe\" width=\"600\" height=\"338\" class=\"alignnone size-full wp-image-15836\" srcset=\"https:\/\/i0.wp.com\/blogdalucianaoliveira.com.br\/blog\/wp-content\/uploads\/2017\/12\/doe.jpg?w=600 600w, https:\/\/i0.wp.com\/blogdalucianaoliveira.com.br\/blog\/wp-content\/uploads\/2017\/12\/doe.jpg?resize=300%2C169 300w, https:\/\/i0.wp.com\/blogdalucianaoliveira.com.br\/blog\/wp-content\/uploads\/2017\/12\/doe.jpg?resize=533%2C300 533w\" sizes=\"auto, (max-width: 600px) 100vw, 600px\" \/><\/p>\n<p>H\u00e1 algo de extremamente doentio na rela\u00e7\u00e3o da extrema direita com o crime de estupro, embora isso n\u00e3o seja, exatamente, uma novidade.<!--more--><\/p>\n<p>No DCM, Por Leandro Fortes &#8211; Na horripilante alegoria do fascismo feita pelo cineasta Paolo Pasolini, em 1975, \u201cSal\u00f3 ou 120 dias de Sodoma\u201d, um grupo de jovens, homens e mulheres, \u00e9 sequestrado por militares fascistas para ser brutalizado e submetido a todo tipo de sev\u00edcia sexual.<\/p>\n<p>No filme, as cenas de sadismo, escatologia e tortura s\u00e3o o pano de fundo para as sequ\u00eancias de estupro, um instrumento de domina\u00e7\u00e3o presente em todas as masmorras de governos autorit\u00e1rios, uma arma de guerra de todos os ex\u00e9rcitos \u2013 um m\u00e9todo de terror que nunca se perdeu no tempo.<\/p>\n<p>No Brasil, o uso do estupro para aterrorizar e torturar presos pol\u00edticos, sobretudo as mulheres, tornou-se um legado patol\u00f3gico da ditadura militar transformado em um incontrol\u00e1vel desejo sexual pelos psicopatas de direita. Ora pensado como instrumento de vingan\u00e7a, ora como puni\u00e7\u00e3o necess\u00e1ria aos que n\u00e3o rezam pela cartilha fascista.<\/p>\n<p>As poucas pessoas que conhe\u00e7o adeptas do pensamento fascista, al\u00e9m das muitas que percebo por meio das redes sociais, veem no estupro de presos (pol\u00edticos ou n\u00e3o) uma a\u00e7\u00e3o quase que necess\u00e1ria, \u00fanica forma de tornar exemplar uma puni\u00e7\u00e3o baseada somente em senten\u00e7as de pris\u00e3o.<\/p>\n<p>Dessa forma, para essas pessoas, n\u00e3o basta que Lula seja preso, \u00e9 preciso que, uma vez na cadeia, ele (e todos os petistas, comunistas, ateus, abortistas, gays) tamb\u00e9m sofra sev\u00edcias sexuais severas, exemplares. Uma patologia morbidamente freudiana imaginada como dor e puni\u00e7\u00e3o para o outro, mas como \u00f3bvia fonte de prazer doentio para quem a deseja.<\/p>\n<p>Jair Bolsonaro, processado no Supremo Tribunal Federal por incita\u00e7\u00e3o ao estupro da deputada Maria do Ros\u00e1rio (PT-RS), re\u00fane em si e em torno de seus seguidores todas as vari\u00e1veis dessa patologia.<br \/>\nAo votar pelo impeachment da presidenta Dilma Rousseff, Bolsonaro fez quest\u00e3o de homenagear o coronel Carlos Alberto Brilhante Ustra, a besta fera que torturava presos pol\u00edticos no DOI-CODI de S\u00e3o Paulo, nos anos 1970.<\/p>\n<p>L\u00e1, Ustra colocava ratos nas vaginas de mulheres e organizava sess\u00f5es de estupros para aterroriz\u00e1-las. Ato cont\u00ednuo, colocava as pr\u00f3prias filhas para brincar com as presas rec\u00e9m-seviciadas, como denunciou, no hist\u00f3rico artigo \u201cBrinquedo macabro\u201d, o jornalista Moacyr Oliveira Filho, o Moa.<\/p>\n<p>Ustra era um demente monstruoso.<\/p>\n<p>Por essa raz\u00e3o, n\u00e3o deixa de ser coerente que os admiradores de Jair Bolsonaro (e, por extens\u00e3o, de Brilhante Ustra), hidr\u00f3fobos alimentados por uma ra\u00e7\u00e3o permanente de \u00f3dio, ignor\u00e2ncia e intoler\u00e2ncia, infestem as redes sociais para comemorar o assalto sofrido por Maria do Ros\u00e1rio. E, mais ainda, demonstrar imenso descontentamento por ela n\u00e3o ter sido estuprada.<\/p>\n<p>Trata-se de uma matilha adestrada pela narrativa que relaciona Direitos Humanos \u00e0 defesa de bandidos. Uma deforma\u00e7\u00e3o de pensamento que, infelizmente, revela a precariedade da educa\u00e7\u00e3o b\u00e1sica brasileira, principalmente nessa classe m\u00e9dia iletrada e reacion\u00e1ria que, hoje, sustenta a candidatura de um idiota que comemora um assalto e torce pelo estupro de uma mulher.<\/p>\n","protected":false},"excerpt":{"rendered":"<p>H\u00e1 algo de extremamente doentio na rela\u00e7\u00e3o da extrema direita com o crime de estupro, embora isso n\u00e3o seja, exatamente, uma novidade.<\/p>\n","protected":false},"author":1,"featured_media":0,"comment_status":"closed","ping_status":"open","sticky":false,"template":"","format":"standard","meta":{"_exactmetrics_skip_tracking":false,"_exactmetrics_sitenote_active":false,"_exactmetrics_sitenote_note":"","_exactmetrics_sitenote_category":0,"jetpack_post_was_ever_published":false,"_jetpack_newsletter_access":"","_jetpack_dont_email_post_to_subs":false,"_jetpack_newsletter_tier_id":0,"_jetpack_memberships_contains_paywalled_content":false,"_jetpack_memberships_contains_paid_content":false,"footnotes":"","jetpack_publicize_message":"","jetpack_publicize_feature_enabled":true,"jetpack_social_post_already_shared":true,"jetpack_social_options":{"image_generator_settings":{"template":"highway","enabled":false},"version":2}},"categories":[1],"tags":[],"class_list":["post-15835","post","type-post","status-publish","format-standard","hentry","category-notas"],"jetpack_publicize_connections":[],"jetpack_sharing_enabled":true,"jetpack_featured_media_url":"","jetpack_shortlink":"https:\/\/wp.me\/p7wKYW-47p","jetpack-related-posts":[],"_links":{"self":[{"href":"http:\/\/blogdalucianaoliveira.com.br\/blog\/wp-json\/wp\/v2\/posts\/15835","targetHints":{"allow":["GET"]}}],"collection":[{"href":"http:\/\/blogdalucianaoliveira.com.br\/blog\/wp-json\/wp\/v2\/posts"}],"about":[{"href":"http:\/\/blogdalucianaoliveira.com.br\/blog\/wp-json\/wp\/v2\/types\/post"}],"author":[{"embeddable":true,"href":"http:\/\/blogdalucianaoliveira.com.br\/blog\/wp-json\/wp\/v2\/users\/1"}],"replies":[{"embeddable":true,"href":"http:\/\/blogdalucianaoliveira.com.br\/blog\/wp-json\/wp\/v2\/comments?post=15835"}],"version-history":[{"count":1,"href":"http:\/\/blogdalucianaoliveira.com.br\/blog\/wp-json\/wp\/v2\/posts\/15835\/revisions"}],"predecessor-version":[{"id":15837,"href":"http:\/\/blogdalucianaoliveira.com.br\/blog\/wp-json\/wp\/v2\/posts\/15835\/revisions\/15837"}],"wp:attachment":[{"href":"http:\/\/blogdalucianaoliveira.com.br\/blog\/wp-json\/wp\/v2\/media?parent=15835"}],"wp:term":[{"taxonomy":"category","embeddable":true,"href":"http:\/\/blogdalucianaoliveira.com.br\/blog\/wp-json\/wp\/v2\/categories?post=15835"},{"taxonomy":"post_tag","embeddable":true,"href":"http:\/\/blogdalucianaoliveira.com.br\/blog\/wp-json\/wp\/v2\/tags?post=15835"}],"curies":[{"name":"wp","href":"https:\/\/api.w.org\/{rel}","templated":true}]}}