{"id":15848,"date":"2017-12-30T10:10:04","date_gmt":"2017-12-30T14:10:04","guid":{"rendered":"http:\/\/blogdalucianaoliveira.com.br\/blog\/?p=15848"},"modified":"2017-12-30T12:18:17","modified_gmt":"2017-12-30T16:18:17","slug":"o-que-foi-dito-pra-rir-e-chorar-na-politica-rondoniense-em-2017","status":"publish","type":"post","link":"http:\/\/blogdalucianaoliveira.com.br\/blog\/2017\/12\/30\/o-que-foi-dito-pra-rir-e-chorar-na-politica-rondoniense-em-2017\/","title":{"rendered":"O que foi dito pra rir e chorar na pol\u00edtica rondoniense em 2017"},"content":{"rendered":"<p><img data-recalc-dims=\"1\" loading=\"lazy\" decoding=\"async\" data-attachment-id=\"15849\" data-permalink=\"http:\/\/blogdalucianaoliveira.com.br\/blog\/2017\/12\/30\/o-que-foi-dito-pra-rir-e-chorar-na-politica-rondoniense-em-2017\/33bce87e-bf1f-47ad-b71e-cdb9def68f9c\/\" data-orig-file=\"https:\/\/i0.wp.com\/blogdalucianaoliveira.com.br\/blog\/wp-content\/uploads\/2017\/12\/33BCE87E-BF1F-47AD-B71E-CDB9DEF68F9C.png?fit=2400%2C2400\" data-orig-size=\"2400,2400\" data-comments-opened=\"0\" data-image-meta=\"{&quot;aperture&quot;:&quot;0&quot;,&quot;credit&quot;:&quot;&quot;,&quot;camera&quot;:&quot;&quot;,&quot;caption&quot;:&quot;&quot;,&quot;created_timestamp&quot;:&quot;0&quot;,&quot;copyright&quot;:&quot;&quot;,&quot;focal_length&quot;:&quot;0&quot;,&quot;iso&quot;:&quot;0&quot;,&quot;shutter_speed&quot;:&quot;0&quot;,&quot;title&quot;:&quot;&quot;,&quot;orientation&quot;:&quot;0&quot;}\" data-image-title=\"33BCE87E-BF1F-47AD-B71E-CDB9DEF68F9C\" data-image-description=\"\" data-image-caption=\"\" data-medium-file=\"https:\/\/i0.wp.com\/blogdalucianaoliveira.com.br\/blog\/wp-content\/uploads\/2017\/12\/33BCE87E-BF1F-47AD-B71E-CDB9DEF68F9C.png?fit=300%2C300\" data-large-file=\"https:\/\/i0.wp.com\/blogdalucianaoliveira.com.br\/blog\/wp-content\/uploads\/2017\/12\/33BCE87E-BF1F-47AD-B71E-CDB9DEF68F9C.png?fit=600%2C600\" class=\"alignnone size-full wp-image-15849\" src=\"https:\/\/i0.wp.com\/blogdalucianaoliveira.com.br\/blog\/wp-content\/uploads\/2017\/12\/33BCE87E-BF1F-47AD-B71E-CDB9DEF68F9C.png?resize=600%2C600\" alt=\"33BCE87E-BF1F-47AD-B71E-CDB9DEF68F9C\" width=\"600\" height=\"600\" srcset=\"https:\/\/i0.wp.com\/blogdalucianaoliveira.com.br\/blog\/wp-content\/uploads\/2017\/12\/33BCE87E-BF1F-47AD-B71E-CDB9DEF68F9C.png?w=2400 2400w, https:\/\/i0.wp.com\/blogdalucianaoliveira.com.br\/blog\/wp-content\/uploads\/2017\/12\/33BCE87E-BF1F-47AD-B71E-CDB9DEF68F9C.png?resize=150%2C150 150w, https:\/\/i0.wp.com\/blogdalucianaoliveira.com.br\/blog\/wp-content\/uploads\/2017\/12\/33BCE87E-BF1F-47AD-B71E-CDB9DEF68F9C.png?resize=300%2C300 300w, https:\/\/i0.wp.com\/blogdalucianaoliveira.com.br\/blog\/wp-content\/uploads\/2017\/12\/33BCE87E-BF1F-47AD-B71E-CDB9DEF68F9C.png?resize=768%2C768 768w, https:\/\/i0.wp.com\/blogdalucianaoliveira.com.br\/blog\/wp-content\/uploads\/2017\/12\/33BCE87E-BF1F-47AD-B71E-CDB9DEF68F9C.png?resize=1024%2C1024 1024w, https:\/\/i0.wp.com\/blogdalucianaoliveira.com.br\/blog\/wp-content\/uploads\/2017\/12\/33BCE87E-BF1F-47AD-B71E-CDB9DEF68F9C.png?w=1200 1200w, https:\/\/i0.wp.com\/blogdalucianaoliveira.com.br\/blog\/wp-content\/uploads\/2017\/12\/33BCE87E-BF1F-47AD-B71E-CDB9DEF68F9C.png?w=1800 1800w\" sizes=\"auto, (max-width: 600px) 100vw, 600px\" \/><\/p>\n<p>As declara\u00e7\u00f5es geraram muito riso e raiva no ano que chega ao fim. Elas comp\u00f5em o inesgot\u00e1vel arquivo do anedot\u00e1rio da pol\u00edtica rondoniense. <!--more--><\/p>\n<p>\u201cNeste momento grave da vida pol\u00edtica nacional, entendo que n\u00e3o posso me transformar num obst\u00e1culo ao grande governo que est\u00e1 sendo promovido na cidade de Porto Velho e, por esta raz\u00e3o, reitero meu pedido de afastamento\u201d.<br \/>\nVice-prefeito de Porto Velho, Edgar o Boi, ao ser citado por delator da JBS em esquema de troca de propinas por benef\u00edcios fiscais.<br \/>\n******<br \/>\n<em>\u201cChegou de repente\u201d, em sess\u00e3o extraordin\u00e1ria, com um projeto gigantesco, sem que tivesse sido comunicada sobre a inclus\u00e3o do fim dos quinqu\u00eanios. Fui pega de surpresa\u201d.<\/em><br \/>\n<em> Vereadora Cristiane Lopes explicando por que votou pelo fim do direito ao quinqu\u00eanios aos servidores p\u00fablicos.<\/em><br \/>\n******<br \/>\n\u201cQue o prefeito venha recuperado\u201d das f\u00e9rias com a fam\u00edlia.<br \/>\nVereadora Ada Dantas ao justificar pedido de f\u00e9rias do prefeito com apenas seis meses de trabalho.<br \/>\n******<br \/>\n<em>\u201cQuem \u00e9 voc\u00ea sua puta, pra falar que eu ganhei dinheiro pra votar alguma coisa?\u201d<\/em><br \/>\n<em> Vereadora Ada Dantas Boabaid, em bate boca nas redes sociais com uma professora que a provocou.<\/em><br \/>\n******<br \/>\n\u201cUsando uma campanha de dia dos namorados da Hypness, que mostra um casal homossexual, na tentativa de fazer todos acreditarem que se trata de mim. Um absurdo!\u201d<br \/>\nPrefeito de Ariquemes, Thiago Flores, em resposta \u00e0 ofensas ap\u00f3s ser processado por apoiar censura a livros did\u00e1ticos que tratavam da diversidade de g\u00eanero.<br \/>\n******<br \/>\n<em>\u201cCom isso, avan\u00e7aremos para uma sociedade igualit\u00e1ria, com valores estabelecidos atrav\u00e9s do regime militar, que tem dado muito certo&#8221;.<\/em><br \/>\n<em> Deputado Jesu\u00edno Boabaid ao defender militariza\u00e7\u00e3o das escolas.<\/em><br \/>\n******<br \/>\n\u201cEste comportamento quebra princ\u00edpios de uma sociedade que \u00e9 composta por PAI, M\u00c3E e FILHOS.\u201d<br \/>\nVereador Marcelo Cruz, sobre chamamento da Defensoria P\u00fablica para casamento comunit\u00e1rio, inclusive aos homeosexuais.<br \/>\n******<br \/>\n<em>\u201cO Brasil est\u00e1 anos atr\u00e1s quando se fala em rela\u00e7\u00e3o entre patr\u00f5es e empregados. O atual modelo legislativo trabalhista \u00e9 algo arcaico e complexo, que impede o desenvolvimento da economia e acaba contribuindo para massa de 13 milh\u00f5es de desempregados.\u201d<\/em><br \/>\n<em> Deputada Mariana Carvalho, ap\u00f3s votar a favor da Reforma Trabalhista de Temer.<\/em><br \/>\n******<br \/>\n\u201cEle n\u00e3o faz nada aqui em Bras\u00edlia, a n\u00e3o ser se defender nos seus processos.\u201d<br \/>\nSenador Acir Gurgacz sobre senador Ivo Cassol em v\u00eddeo no facebook.<br \/>\n******<br \/>\n<em>\u201cO sujo vem querer falar do mal lavado? Ah, Acir\u2026Toma vergonha na tua cara! Vai pedir perd\u00e3o pro povo! Voc\u00ea n\u00e3o tem moral pra isso? \u201d<\/em><br \/>\n<em> Senador Ivo Cassol rebatendo cr\u00edticas do senador Acir Gurgacz em r\u00e1dio.<\/em><br \/>\n******<br \/>\n\u201cEu aqui hoje, quero dar meu voto a favor do presidente Michel Temer\u201d.<br \/>\nDeputado federal Lindomar Gar\u00e7on, na vota\u00e7\u00e3o que negou seguimento \u00e0 investiga\u00e7\u00e3o da primeira den\u00fancia contra Temer.<br \/>\n*****<br \/>\n<em>\u201cSenhor presidente, sou a favor de todas as investiga\u00e7\u00f5es, mais o momento \u00e9 muito delicado para recuperar a nossa economia. Eu voto sim ao relat\u00f3rio\u201d.<\/em><br \/>\n<em> Deputado federal Luiz Cl\u00e1udio, na vota\u00e7\u00e3o que negou seguimento \u00e0 investiga\u00e7\u00e3o da primeira den\u00fancia contra Temer.<\/em><br \/>\n******<br \/>\n\u201cTemos que fazer no meu mandato de quatro anos, tudo o que n\u00e3o foi feito nos \u00faltimos 100 anos. Estou me inspirando em Juscelino Kubistchek, que fez pelo Brasil em cinco anos o que levaria 50\u201d.<br \/>\nPrefeito Hildon Chaves em mensagem de fim de ano no facebook.<\/p>\n","protected":false},"excerpt":{"rendered":"<p>As declara\u00e7\u00f5es geraram muito riso e raiva no ano que chega ao fim. Elas comp\u00f5em o inesgot\u00e1vel arquivo do anedot\u00e1rio da pol\u00edtica rondoniense.<\/p>\n","protected":false},"author":1,"featured_media":15849,"comment_status":"closed","ping_status":"open","sticky":false,"template":"","format":"standard","meta":{"_exactmetrics_skip_tracking":false,"_exactmetrics_sitenote_active":false,"_exactmetrics_sitenote_note":"","_exactmetrics_sitenote_category":0,"jetpack_post_was_ever_published":false,"_jetpack_newsletter_access":"","_jetpack_dont_email_post_to_subs":false,"_jetpack_newsletter_tier_id":0,"_jetpack_memberships_contains_paywalled_content":false,"_jetpack_memberships_contains_paid_content":false,"footnotes":"","jetpack_publicize_message":"","jetpack_publicize_feature_enabled":true,"jetpack_social_post_already_shared":true,"jetpack_social_options":{"image_generator_settings":{"template":"highway","enabled":false},"version":2}},"categories":[1],"tags":[],"class_list":["post-15848","post","type-post","status-publish","format-standard","has-post-thumbnail","hentry","category-notas"],"jetpack_publicize_connections":[],"jetpack_sharing_enabled":true,"jetpack_featured_media_url":"https:\/\/i0.wp.com\/blogdalucianaoliveira.com.br\/blog\/wp-content\/uploads\/2017\/12\/33BCE87E-BF1F-47AD-B71E-CDB9DEF68F9C.png?fit=2400%2C2400","jetpack_shortlink":"https:\/\/wp.me\/p7wKYW-47C","jetpack-related-posts":[],"_links":{"self":[{"href":"http:\/\/blogdalucianaoliveira.com.br\/blog\/wp-json\/wp\/v2\/posts\/15848","targetHints":{"allow":["GET"]}}],"collection":[{"href":"http:\/\/blogdalucianaoliveira.com.br\/blog\/wp-json\/wp\/v2\/posts"}],"about":[{"href":"http:\/\/blogdalucianaoliveira.com.br\/blog\/wp-json\/wp\/v2\/types\/post"}],"author":[{"embeddable":true,"href":"http:\/\/blogdalucianaoliveira.com.br\/blog\/wp-json\/wp\/v2\/users\/1"}],"replies":[{"embeddable":true,"href":"http:\/\/blogdalucianaoliveira.com.br\/blog\/wp-json\/wp\/v2\/comments?post=15848"}],"version-history":[{"count":4,"href":"http:\/\/blogdalucianaoliveira.com.br\/blog\/wp-json\/wp\/v2\/posts\/15848\/revisions"}],"predecessor-version":[{"id":15853,"href":"http:\/\/blogdalucianaoliveira.com.br\/blog\/wp-json\/wp\/v2\/posts\/15848\/revisions\/15853"}],"wp:featuredmedia":[{"embeddable":true,"href":"http:\/\/blogdalucianaoliveira.com.br\/blog\/wp-json\/wp\/v2\/media\/15849"}],"wp:attachment":[{"href":"http:\/\/blogdalucianaoliveira.com.br\/blog\/wp-json\/wp\/v2\/media?parent=15848"}],"wp:term":[{"taxonomy":"category","embeddable":true,"href":"http:\/\/blogdalucianaoliveira.com.br\/blog\/wp-json\/wp\/v2\/categories?post=15848"},{"taxonomy":"post_tag","embeddable":true,"href":"http:\/\/blogdalucianaoliveira.com.br\/blog\/wp-json\/wp\/v2\/tags?post=15848"}],"curies":[{"name":"wp","href":"https:\/\/api.w.org\/{rel}","templated":true}]}}