{"id":15854,"date":"2017-12-30T12:26:33","date_gmt":"2017-12-30T16:26:33","guid":{"rendered":"http:\/\/blogdalucianaoliveira.com.br\/blog\/?p=15854"},"modified":"2017-12-30T12:26:33","modified_gmt":"2017-12-30T16:26:33","slug":"2017-a-resistencia-dos-movimentos-populares-em-12-acoes","status":"publish","type":"post","link":"http:\/\/blogdalucianaoliveira.com.br\/blog\/2017\/12\/30\/2017-a-resistencia-dos-movimentos-populares-em-12-acoes\/","title":{"rendered":"2017 | A resist\u00eancia dos movimentos populares em 12 a\u00e7\u00f5es"},"content":{"rendered":"<p><img data-recalc-dims=\"1\" loading=\"lazy\" decoding=\"async\" data-attachment-id=\"15855\" data-permalink=\"http:\/\/blogdalucianaoliveira.com.br\/blog\/2017\/12\/30\/2017-a-resistencia-dos-movimentos-populares-em-12-acoes\/resi\/\" data-orig-file=\"https:\/\/i0.wp.com\/blogdalucianaoliveira.com.br\/blog\/wp-content\/uploads\/2017\/12\/resi.jpg?fit=640%2C426\" data-orig-size=\"640,426\" data-comments-opened=\"0\" data-image-meta=\"{&quot;aperture&quot;:&quot;0&quot;,&quot;credit&quot;:&quot;&quot;,&quot;camera&quot;:&quot;&quot;,&quot;caption&quot;:&quot;&quot;,&quot;created_timestamp&quot;:&quot;0&quot;,&quot;copyright&quot;:&quot;&quot;,&quot;focal_length&quot;:&quot;0&quot;,&quot;iso&quot;:&quot;0&quot;,&quot;shutter_speed&quot;:&quot;0&quot;,&quot;title&quot;:&quot;&quot;,&quot;orientation&quot;:&quot;0&quot;}\" data-image-title=\"resi\" data-image-description=\"\" data-image-caption=\"\" data-medium-file=\"https:\/\/i0.wp.com\/blogdalucianaoliveira.com.br\/blog\/wp-content\/uploads\/2017\/12\/resi.jpg?fit=300%2C200\" data-large-file=\"https:\/\/i0.wp.com\/blogdalucianaoliveira.com.br\/blog\/wp-content\/uploads\/2017\/12\/resi.jpg?fit=600%2C399\" class=\"alignnone size-full wp-image-15855\" src=\"https:\/\/i0.wp.com\/blogdalucianaoliveira.com.br\/blog\/wp-content\/uploads\/2017\/12\/resi.jpg?resize=600%2C399\" alt=\"resi\" width=\"600\" height=\"399\" srcset=\"https:\/\/i0.wp.com\/blogdalucianaoliveira.com.br\/blog\/wp-content\/uploads\/2017\/12\/resi.jpg?w=640 640w, https:\/\/i0.wp.com\/blogdalucianaoliveira.com.br\/blog\/wp-content\/uploads\/2017\/12\/resi.jpg?resize=300%2C200 300w, https:\/\/i0.wp.com\/blogdalucianaoliveira.com.br\/blog\/wp-content\/uploads\/2017\/12\/resi.jpg?resize=451%2C300 451w\" sizes=\"auto, (max-width: 600px) 100vw, 600px\" \/><\/p>\n<p>Ano refletiu retrocessos do governo golpista de Temer, mas mostrou a for\u00e7a dos movimentos populares<!--more--><br \/>\nReda\u00e7\u00e3o<br \/>\nBrasil de Fato | S\u00e3o Paulo (SP)<\/p>\n<p>&nbsp;<\/p>\n<p style=\"font-weight: 400;\">O ano de 2017 refletiu as consequ\u00eancias do golpe tomado pela\u00a0ex-presidenta Dilma Rousseff\u00a0com fortes ataques \u00e0s \u00e1reas sociais, cortes em projetos habitacionais, \u00a0implementa\u00e7\u00e3o da reforma trabalhista, criminaliza\u00e7\u00e3o de movimentos populares, viola\u00e7\u00e3o do corpo das mulheres e genoc\u00eddio da popula\u00e7\u00e3o negra.<\/p>\n<p style=\"font-weight: 400;\">Contudo, os movimentos populares n\u00e3o retrocederam e, unidos, foram vitoriosos em diversas batalhas contra o governo golpista de Michel Temer (MDB).<\/p>\n<p style=\"font-weight: 400;\">O Brasil de Fato preparou uma lista que cont\u00e9m algumas dessas vit\u00f3rias, em diversos campos.<\/p>\n<p style=\"font-weight: 400;\">\n<p style=\"font-weight: 400;\"><b><strong style=\"font-style: inherit;\">8 de mar\u00e7o: mulheres organizam atos por todo o Brasil<\/strong><\/b><\/p>\n<p style=\"font-weight: 400;\">Greve Internacional e a luta contra a reforma da previd\u00eancia foram pautas centrais das manifesta\u00e7\u00f5es das mulheres em 2017.<\/p>\n<p style=\"font-weight: 400;\">A perman\u00eancia dos direitos adquiridos, o fim da viol\u00eancia sexual, psicol\u00f3gica e f\u00edsica das mulheres; legaliza\u00e7\u00e3o do aborto e equipara\u00e7\u00e3o salarial das atividades laborais uniram milhares de mulheres pelas principais capitais brasileiras e internacionalmente atrav\u00e9s de campanhas pela internet. O 8M abalou o m\u00eas de mar\u00e7o e serviu de esquenta para mobilizar trabalhadoras para a Greve Geral, do dia 28 de abril. Na cidade de S\u00e3o Paulo, pela primeira vez, mulheres negras e ind\u00edgenas vieram \u00e0 frente do ato principal.<\/p>\n<p style=\"font-weight: 400;\"><b><strong style=\"font-style: inherit;\">Maior greve geral da hist\u00f3ria do pa\u00eds contou com 40 milh\u00f5es de brasileiros<\/strong><\/b><\/p>\n<p style=\"font-weight: 400;\">O dia 28 de abril ficou conhecido como o dia da maior greve geral da hist\u00f3ria do pa\u00eds. Bloqueio de estradas e ruas, fechamento de garagens de \u00f4nibus, al\u00e9m de passeatas, ocupa\u00e7\u00f5es e a unidade entre movimentos populares e sindicais levaram mais de 40 milh\u00f5es de brasileiros e brasileiras a cruzarem os bra\u00e7os e resistirem frente aos retrocessos das reformas trabalhista e da\u00a0previd\u00eancia.<\/p>\n<p style=\"font-weight: 400;\"><img data-recalc-dims=\"1\" loading=\"lazy\" decoding=\"async\" data-attachment-id=\"15860\" data-permalink=\"http:\/\/blogdalucianaoliveira.com.br\/blog\/2017\/12\/30\/2017-a-resistencia-dos-movimentos-populares-em-12-acoes\/gei\/\" data-orig-file=\"https:\/\/i0.wp.com\/blogdalucianaoliveira.com.br\/blog\/wp-content\/uploads\/2017\/12\/gei.jpg?fit=640%2C359\" data-orig-size=\"640,359\" data-comments-opened=\"0\" data-image-meta=\"{&quot;aperture&quot;:&quot;0&quot;,&quot;credit&quot;:&quot;&quot;,&quot;camera&quot;:&quot;&quot;,&quot;caption&quot;:&quot;&quot;,&quot;created_timestamp&quot;:&quot;0&quot;,&quot;copyright&quot;:&quot;&quot;,&quot;focal_length&quot;:&quot;0&quot;,&quot;iso&quot;:&quot;0&quot;,&quot;shutter_speed&quot;:&quot;0&quot;,&quot;title&quot;:&quot;&quot;,&quot;orientation&quot;:&quot;0&quot;}\" data-image-title=\"gei\" data-image-description=\"\" data-image-caption=\"\" data-medium-file=\"https:\/\/i0.wp.com\/blogdalucianaoliveira.com.br\/blog\/wp-content\/uploads\/2017\/12\/gei.jpg?fit=300%2C168\" data-large-file=\"https:\/\/i0.wp.com\/blogdalucianaoliveira.com.br\/blog\/wp-content\/uploads\/2017\/12\/gei.jpg?fit=600%2C337\" class=\"alignnone size-full wp-image-15860\" src=\"https:\/\/i0.wp.com\/blogdalucianaoliveira.com.br\/blog\/wp-content\/uploads\/2017\/12\/gei.jpg?resize=600%2C337\" alt=\"gei\" width=\"600\" height=\"337\" srcset=\"https:\/\/i0.wp.com\/blogdalucianaoliveira.com.br\/blog\/wp-content\/uploads\/2017\/12\/gei.jpg?w=640 640w, https:\/\/i0.wp.com\/blogdalucianaoliveira.com.br\/blog\/wp-content\/uploads\/2017\/12\/gei.jpg?resize=300%2C168 300w, https:\/\/i0.wp.com\/blogdalucianaoliveira.com.br\/blog\/wp-content\/uploads\/2017\/12\/gei.jpg?resize=535%2C300 535w\" sizes=\"auto, (max-width: 600px) 100vw, 600px\" \/><\/p>\n<p style=\"font-weight: 400;\"><b><strong style=\"font-style: inherit;\">Integrantes de 22 ocupa\u00e7\u00f5es se somam \u00e0 marcha do MTST em SP<\/strong><\/b><\/p>\n<p style=\"font-weight: 400;\">Cerca de 50 mil militantes de movimentos populares percorrem 23 quil\u00f4metros at\u00e9 o Pal\u00e1cio dos Bandeirantes, em S\u00e3o Paulo (SP), para exigir pol\u00edticas de moradia. Eles reivindicavam a desapropria\u00e7\u00e3o de terreno em S\u00e3o Bernardo do Campo, ocupado por mais de 12 mil fam\u00edlias, para a constru\u00e7\u00e3o de casas populares.<\/p>\n<p style=\"font-weight: 400;\"><b><strong style=\"font-style: inherit;\">&#8220;Parab\u00e9ns ao MTST pelos 20 anos&#8221;, diz Caetano Veloso em ato-show de comemora\u00e7\u00e3o<\/strong><\/b><\/p>\n<p style=\"font-weight: 400;\">Os cantores P\u00e9ricles, Maria Gad\u00fa e Criolo subiram ao palco, no Largo da Batata, em S\u00e3o Paulo (SP), em apoio \u00e0 luta por moradia digna promovida pelo Movimento dos Trabalhadores Sem-Teto, MTST.<\/p>\n<p style=\"font-weight: 400;\">O MTST nasceu em 1997 para promover a luta por moradia no meio urbano e tem atuado, principalmente, nas periferias paulistanas.<\/p>\n<p style=\"font-weight: 400;\"><img data-recalc-dims=\"1\" loading=\"lazy\" decoding=\"async\" data-attachment-id=\"15859\" data-permalink=\"http:\/\/blogdalucianaoliveira.com.br\/blog\/2017\/12\/30\/2017-a-resistencia-dos-movimentos-populares-em-12-acoes\/caei\/\" data-orig-file=\"https:\/\/i0.wp.com\/blogdalucianaoliveira.com.br\/blog\/wp-content\/uploads\/2017\/12\/caei.jpg?fit=640%2C363\" data-orig-size=\"640,363\" data-comments-opened=\"0\" data-image-meta=\"{&quot;aperture&quot;:&quot;0&quot;,&quot;credit&quot;:&quot;&quot;,&quot;camera&quot;:&quot;&quot;,&quot;caption&quot;:&quot;&quot;,&quot;created_timestamp&quot;:&quot;0&quot;,&quot;copyright&quot;:&quot;&quot;,&quot;focal_length&quot;:&quot;0&quot;,&quot;iso&quot;:&quot;0&quot;,&quot;shutter_speed&quot;:&quot;0&quot;,&quot;title&quot;:&quot;&quot;,&quot;orientation&quot;:&quot;0&quot;}\" data-image-title=\"caei\" data-image-description=\"\" data-image-caption=\"\" data-medium-file=\"https:\/\/i0.wp.com\/blogdalucianaoliveira.com.br\/blog\/wp-content\/uploads\/2017\/12\/caei.jpg?fit=300%2C170\" data-large-file=\"https:\/\/i0.wp.com\/blogdalucianaoliveira.com.br\/blog\/wp-content\/uploads\/2017\/12\/caei.jpg?fit=600%2C340\" class=\"alignnone size-full wp-image-15859\" src=\"https:\/\/i0.wp.com\/blogdalucianaoliveira.com.br\/blog\/wp-content\/uploads\/2017\/12\/caei.jpg?resize=600%2C340\" alt=\"caei\" width=\"600\" height=\"340\" srcset=\"https:\/\/i0.wp.com\/blogdalucianaoliveira.com.br\/blog\/wp-content\/uploads\/2017\/12\/caei.jpg?w=640 640w, https:\/\/i0.wp.com\/blogdalucianaoliveira.com.br\/blog\/wp-content\/uploads\/2017\/12\/caei.jpg?resize=300%2C170 300w, https:\/\/i0.wp.com\/blogdalucianaoliveira.com.br\/blog\/wp-content\/uploads\/2017\/12\/caei.jpg?resize=529%2C300 529w\" sizes=\"auto, (max-width: 600px) 100vw, 600px\" \/><\/p>\n<p style=\"font-weight: 400;\"><b><strong style=\"font-style: inherit;\">Ind\u00edgenas Guarani mant\u00eam ocupa\u00e7\u00e3o no Pico do Jaragu\u00e1 e desligam torres de transmiss\u00e3o<\/strong><\/b><\/p>\n<p style=\"font-weight: 400;\">Grupo da etnia Guarani ocupou, em agosto,\u00a0o Pico do Jaragu\u00e1 e pediu a revoga\u00e7\u00e3o da portaria 683, do Minist\u00e9rio da Justi\u00e7a, que anula a declara\u00e7\u00e3o da Terra Ind\u00edgena na aldeia do Jaragu\u00e1. Em protesto, eles ocuparam o Pico do Jaragu\u00e1 durante tr\u00eas dias e desligaram torres de transmiss\u00e3o, afetando as cidades de Franco da Rocha, Caieiras, Cajamar e Francisco Morato.<\/p>\n<p style=\"font-weight: 400;\"><b><strong style=\"font-style: inherit;\">Movimentos de mulheres fazem inaugura\u00e7\u00e3o popular de Casa da Mulher Brasileira em SP<\/strong><\/b><\/p>\n<p style=\"font-weight: 400;\">No final de outubro diversos movimentos populares como a Marcha Mundial das Mulheres, o Movimento dos Trabalhadores Rurais Sem-Terra (MST) o Movimento dos Atingidos por Barragens (MAB) e a Central dos Movimentos Populares (CMP) ocuparam a Casa da Mulher Brasileira de S\u00e3o Paulo.<\/p>\n<p style=\"font-weight: 400;\">O projeto foi criado pelo primeiro governo Dilma Rousseff e concentra servi\u00e7os relacionados \u00e0s pol\u00edticas para as mulheres, mas ainda n\u00e3o foi inaugurada, segundo os movimentos por &#8220;falta de vontade pol\u00edtica&#8221;.<\/p>\n<p style=\"font-weight: 400;\"><b><strong style=\"font-style: inherit;\">MST lan\u00e7a campanha para pris\u00e3o de assassino do Massacre de Felisburgo<\/strong><\/b><\/p>\n<p style=\"font-weight: 400;\">No dia 20 de novembro de 2004, cinco sem-terra morreram e 20 ficaram feridos ap\u00f3s ataque de 17 pistoleiros contra um acampamento do MST.<\/p>\n<p style=\"font-weight: 400;\">O dono da fazenda Adriano Chafik Luedy foi condenado a 115 anos de pris\u00e3o, em 2017 e est\u00e1 foragido. O MST criou campanha pela pris\u00e3o do assassino e espalhou cartazes e outdoors por cidades mineiras e tamb\u00e9m no sul da Bahia, onde Luedy tem propriedades, pedindo \u00e0s pessoas que o identifiquem e denunciem seu paradeiro.<\/p>\n<p style=\"font-weight: 400;\"><b><strong style=\"font-style: inherit;\">Festival de Curta Metragens mostra crescimento de produ\u00e7\u00f5es ind\u00edgenas e femininas<\/strong><\/b><\/p>\n<p style=\"font-weight: 400;\">A 28\u00b0 edi\u00e7\u00e3o do Festival Internacional de Curtas-metragens de S\u00e3o Paulo trouxe visibilidade para temas representativos, como os das mulheres, negros e ind\u00edgenas. Organizado pela Associa\u00e7\u00e3o Kinoforum, o evento foi dividido em tr\u00eas eixos: mostra internacional, mostra latino-americana e programas brasileiros.<\/p>\n<p style=\"font-weight: 400;\"><b><strong style=\"font-style: inherit;\">Arpilleras: Document\u00e1rio registra luta e empoderamento de mulheres por meio do bordado<\/strong><\/b><\/p>\n<p style=\"font-weight: 400;\">A hist\u00f3ria de luta das mulheres do Movimento dos Atingidos por Barragens (MAB) virou filme. Utilizando uma t\u00e9cnica de bordado chilena, elas narram suas trajet\u00f3rias no document\u00e1rio &#8220;Arpilleras, atingidas por barragens, bordando a resist\u00eancia&#8221;.<\/p>\n<p style=\"font-weight: 400;\">O longa-metragem foi viabilizado ap\u00f3s a realiza\u00e7\u00e3o de um financiamento coletivo. A estreia aconteceu no dia 29 de agosto, no Cine Odeon, no Rio de Janeiro.<\/p>\n<p style=\"font-weight: 400;\"><img data-recalc-dims=\"1\" loading=\"lazy\" decoding=\"async\" data-attachment-id=\"15856\" data-permalink=\"http:\/\/blogdalucianaoliveira.com.br\/blog\/2017\/12\/30\/2017-a-resistencia-dos-movimentos-populares-em-12-acoes\/arpil\/\" data-orig-file=\"https:\/\/i0.wp.com\/blogdalucianaoliveira.com.br\/blog\/wp-content\/uploads\/2017\/12\/arpil.jpg?fit=640%2C431\" data-orig-size=\"640,431\" data-comments-opened=\"0\" data-image-meta=\"{&quot;aperture&quot;:&quot;0&quot;,&quot;credit&quot;:&quot;&quot;,&quot;camera&quot;:&quot;&quot;,&quot;caption&quot;:&quot;&quot;,&quot;created_timestamp&quot;:&quot;0&quot;,&quot;copyright&quot;:&quot;&quot;,&quot;focal_length&quot;:&quot;0&quot;,&quot;iso&quot;:&quot;0&quot;,&quot;shutter_speed&quot;:&quot;0&quot;,&quot;title&quot;:&quot;&quot;,&quot;orientation&quot;:&quot;0&quot;}\" data-image-title=\"arpil\" data-image-description=\"\" data-image-caption=\"\" data-medium-file=\"https:\/\/i0.wp.com\/blogdalucianaoliveira.com.br\/blog\/wp-content\/uploads\/2017\/12\/arpil.jpg?fit=300%2C202\" data-large-file=\"https:\/\/i0.wp.com\/blogdalucianaoliveira.com.br\/blog\/wp-content\/uploads\/2017\/12\/arpil.jpg?fit=600%2C404\" class=\"alignnone size-full wp-image-15856\" src=\"https:\/\/i0.wp.com\/blogdalucianaoliveira.com.br\/blog\/wp-content\/uploads\/2017\/12\/arpil.jpg?resize=600%2C404\" alt=\"arpil\" width=\"600\" height=\"404\" srcset=\"https:\/\/i0.wp.com\/blogdalucianaoliveira.com.br\/blog\/wp-content\/uploads\/2017\/12\/arpil.jpg?w=640 640w, https:\/\/i0.wp.com\/blogdalucianaoliveira.com.br\/blog\/wp-content\/uploads\/2017\/12\/arpil.jpg?resize=300%2C202 300w, https:\/\/i0.wp.com\/blogdalucianaoliveira.com.br\/blog\/wp-content\/uploads\/2017\/12\/arpil.jpg?resize=445%2C300 445w\" sizes=\"auto, (max-width: 600px) 100vw, 600px\" \/><\/p>\n<p style=\"font-weight: 400;\"><b><strong style=\"font-style: inherit;\">Militantes encerram greve de fome ap\u00f3s adiamento da vota\u00e7\u00e3o da reforma da Previd\u00eancia<\/strong><\/b><\/p>\n<p style=\"font-weight: 400;\">A greve de fome dos seis militantes que estavam alojados na C\u00e2mara Federal, em Bras\u00edlia, em protesto contra a reforma da Previd\u00eancia, terminou vitoriosa. Eles encerraram o protesto depois do an\u00fancio oficial feito pelo presidente da Casa, Rodrigo Maia (DEM-RJ), de adiar a vota\u00e7\u00e3o do texto para fevereiro do pr\u00f3ximo ano. O protesto durou ao todo dez dias.<\/p>\n<p style=\"font-weight: 400;\">Grupo informou que seguir\u00e1 em alerta contra mobiliza\u00e7\u00e3o do governo, que pretende votar texto no come\u00e7o de 2018.<\/p>\n<p style=\"font-weight: 400;\"><img data-recalc-dims=\"1\" loading=\"lazy\" decoding=\"async\" data-attachment-id=\"15857\" data-permalink=\"http:\/\/blogdalucianaoliveira.com.br\/blog\/2017\/12\/30\/2017-a-resistencia-dos-movimentos-populares-em-12-acoes\/fo-2\/\" data-orig-file=\"https:\/\/i0.wp.com\/blogdalucianaoliveira.com.br\/blog\/wp-content\/uploads\/2017\/12\/fo.jpg?fit=640%2C480\" data-orig-size=\"640,480\" data-comments-opened=\"0\" data-image-meta=\"{&quot;aperture&quot;:&quot;0&quot;,&quot;credit&quot;:&quot;&quot;,&quot;camera&quot;:&quot;&quot;,&quot;caption&quot;:&quot;&quot;,&quot;created_timestamp&quot;:&quot;0&quot;,&quot;copyright&quot;:&quot;&quot;,&quot;focal_length&quot;:&quot;0&quot;,&quot;iso&quot;:&quot;0&quot;,&quot;shutter_speed&quot;:&quot;0&quot;,&quot;title&quot;:&quot;&quot;,&quot;orientation&quot;:&quot;0&quot;}\" data-image-title=\"fo\" data-image-description=\"\" data-image-caption=\"\" data-medium-file=\"https:\/\/i0.wp.com\/blogdalucianaoliveira.com.br\/blog\/wp-content\/uploads\/2017\/12\/fo.jpg?fit=300%2C225\" data-large-file=\"https:\/\/i0.wp.com\/blogdalucianaoliveira.com.br\/blog\/wp-content\/uploads\/2017\/12\/fo.jpg?fit=600%2C450\" class=\"alignnone size-full wp-image-15857\" src=\"https:\/\/i0.wp.com\/blogdalucianaoliveira.com.br\/blog\/wp-content\/uploads\/2017\/12\/fo.jpg?resize=600%2C450\" alt=\"fo\" width=\"600\" height=\"450\" srcset=\"https:\/\/i0.wp.com\/blogdalucianaoliveira.com.br\/blog\/wp-content\/uploads\/2017\/12\/fo.jpg?w=640 640w, https:\/\/i0.wp.com\/blogdalucianaoliveira.com.br\/blog\/wp-content\/uploads\/2017\/12\/fo.jpg?resize=300%2C225 300w, https:\/\/i0.wp.com\/blogdalucianaoliveira.com.br\/blog\/wp-content\/uploads\/2017\/12\/fo.jpg?resize=400%2C300 400w\" sizes=\"auto, (max-width: 600px) 100vw, 600px\" \/><\/p>\n<p style=\"font-weight: 400;\"><b><strong style=\"font-style: inherit;\">Com Chico e Lula, MST inaugura campo de futebol que homenageia S\u00f3crates Brasileiro<\/strong><\/b><\/p>\n<p style=\"font-weight: 400;\">Quatro partidas marcaram a abertura do campo de futebol Dr. S\u00f3crates Brasileiro em Guararema que reuniu cerca de 1500 pessoas. Estavam presentes os irm\u00e3os de S\u00f3crates, lideran\u00e7as do Movimento dos Trabalhadores Rurais Sem-Terra, amigos de S\u00f3crates, como os jornalistas Juca Kfouri e Jos\u00e9 Trajano, os cantores Chico Buarque,\u00a0Lirinha e Ana Ca\u00f1as, o rapper Mano Brown e o\u00a0ex-presidente Luiz In\u00e1cio Lula da Silva.<\/p>\n<p style=\"font-weight: 400;\"><img data-recalc-dims=\"1\" loading=\"lazy\" decoding=\"async\" data-attachment-id=\"15858\" data-permalink=\"http:\/\/blogdalucianaoliveira.com.br\/blog\/2017\/12\/30\/2017-a-resistencia-dos-movimentos-populares-em-12-acoes\/lu-10\/\" data-orig-file=\"https:\/\/i0.wp.com\/blogdalucianaoliveira.com.br\/blog\/wp-content\/uploads\/2017\/12\/lu.jpg?fit=640%2C428\" data-orig-size=\"640,428\" data-comments-opened=\"0\" data-image-meta=\"{&quot;aperture&quot;:&quot;0&quot;,&quot;credit&quot;:&quot;&quot;,&quot;camera&quot;:&quot;&quot;,&quot;caption&quot;:&quot;&quot;,&quot;created_timestamp&quot;:&quot;0&quot;,&quot;copyright&quot;:&quot;&quot;,&quot;focal_length&quot;:&quot;0&quot;,&quot;iso&quot;:&quot;0&quot;,&quot;shutter_speed&quot;:&quot;0&quot;,&quot;title&quot;:&quot;&quot;,&quot;orientation&quot;:&quot;0&quot;}\" data-image-title=\"lu\" data-image-description=\"\" data-image-caption=\"\" data-medium-file=\"https:\/\/i0.wp.com\/blogdalucianaoliveira.com.br\/blog\/wp-content\/uploads\/2017\/12\/lu.jpg?fit=300%2C201\" data-large-file=\"https:\/\/i0.wp.com\/blogdalucianaoliveira.com.br\/blog\/wp-content\/uploads\/2017\/12\/lu.jpg?fit=600%2C401\" class=\"alignnone size-full wp-image-15858\" src=\"https:\/\/i0.wp.com\/blogdalucianaoliveira.com.br\/blog\/wp-content\/uploads\/2017\/12\/lu.jpg?resize=600%2C401\" alt=\"lu\" width=\"600\" height=\"401\" srcset=\"https:\/\/i0.wp.com\/blogdalucianaoliveira.com.br\/blog\/wp-content\/uploads\/2017\/12\/lu.jpg?w=640 640w, https:\/\/i0.wp.com\/blogdalucianaoliveira.com.br\/blog\/wp-content\/uploads\/2017\/12\/lu.jpg?resize=300%2C201 300w, https:\/\/i0.wp.com\/blogdalucianaoliveira.com.br\/blog\/wp-content\/uploads\/2017\/12\/lu.jpg?resize=449%2C300 449w\" sizes=\"auto, (max-width: 600px) 100vw, 600px\" \/><\/p>\n<p style=\"font-weight: 400;\"><b><strong style=\"font-style: inherit;\">Congresso Nacional sanciona dia 3 de outubro como Dia Nacional da Agroecologia<\/strong><\/b><\/p>\n<p style=\"font-weight: 400;\">O Congresso Nacional aprovou o Dia Nacional da Agroecologia, a ser comemorado, anualmente, no dia 3 de outubro. A data \u00e9 em homenagem ao nascimento da engenheira agr\u00f4noma e escritora, Ana Maria Primavesi, refer\u00eancia nos avan\u00e7os nas pesquisas sobre o manejo do solo de maneira ecol\u00f3gica.<\/p>\n<p style=\"font-weight: 400;\">Edi\u00e7\u00e3o: Simone Freire<\/p>\n<p>&nbsp;<\/p>\n","protected":false},"excerpt":{"rendered":"<p>Ano refletiu retrocessos do governo golpista de Temer, mas mostrou a for\u00e7a dos movimentos populares<\/p>\n","protected":false},"author":1,"featured_media":0,"comment_status":"closed","ping_status":"open","sticky":false,"template":"","format":"standard","meta":{"_exactmetrics_skip_tracking":false,"_exactmetrics_sitenote_active":false,"_exactmetrics_sitenote_note":"","_exactmetrics_sitenote_category":0,"jetpack_post_was_ever_published":false,"_jetpack_newsletter_access":"","_jetpack_dont_email_post_to_subs":false,"_jetpack_newsletter_tier_id":0,"_jetpack_memberships_contains_paywalled_content":false,"_jetpack_memberships_contains_paid_content":false,"footnotes":"","jetpack_publicize_message":"","jetpack_publicize_feature_enabled":true,"jetpack_social_post_already_shared":true,"jetpack_social_options":{"image_generator_settings":{"template":"highway","enabled":false},"version":2}},"categories":[1],"tags":[],"class_list":["post-15854","post","type-post","status-publish","format-standard","hentry","category-notas"],"jetpack_publicize_connections":[],"jetpack_sharing_enabled":true,"jetpack_featured_media_url":"","jetpack_shortlink":"https:\/\/wp.me\/p7wKYW-47I","jetpack-related-posts":[],"_links":{"self":[{"href":"http:\/\/blogdalucianaoliveira.com.br\/blog\/wp-json\/wp\/v2\/posts\/15854","targetHints":{"allow":["GET"]}}],"collection":[{"href":"http:\/\/blogdalucianaoliveira.com.br\/blog\/wp-json\/wp\/v2\/posts"}],"about":[{"href":"http:\/\/blogdalucianaoliveira.com.br\/blog\/wp-json\/wp\/v2\/types\/post"}],"author":[{"embeddable":true,"href":"http:\/\/blogdalucianaoliveira.com.br\/blog\/wp-json\/wp\/v2\/users\/1"}],"replies":[{"embeddable":true,"href":"http:\/\/blogdalucianaoliveira.com.br\/blog\/wp-json\/wp\/v2\/comments?post=15854"}],"version-history":[{"count":1,"href":"http:\/\/blogdalucianaoliveira.com.br\/blog\/wp-json\/wp\/v2\/posts\/15854\/revisions"}],"predecessor-version":[{"id":15861,"href":"http:\/\/blogdalucianaoliveira.com.br\/blog\/wp-json\/wp\/v2\/posts\/15854\/revisions\/15861"}],"wp:attachment":[{"href":"http:\/\/blogdalucianaoliveira.com.br\/blog\/wp-json\/wp\/v2\/media?parent=15854"}],"wp:term":[{"taxonomy":"category","embeddable":true,"href":"http:\/\/blogdalucianaoliveira.com.br\/blog\/wp-json\/wp\/v2\/categories?post=15854"},{"taxonomy":"post_tag","embeddable":true,"href":"http:\/\/blogdalucianaoliveira.com.br\/blog\/wp-json\/wp\/v2\/tags?post=15854"}],"curies":[{"name":"wp","href":"https:\/\/api.w.org\/{rel}","templated":true}]}}