{"id":15862,"date":"2017-12-30T12:30:38","date_gmt":"2017-12-30T16:30:38","guid":{"rendered":"http:\/\/blogdalucianaoliveira.com.br\/blog\/?p=15862"},"modified":"2017-12-30T12:30:38","modified_gmt":"2017-12-30T16:30:38","slug":"pedro-tierra-escreve-poema-para-o-historico-24-de-janeiro","status":"publish","type":"post","link":"http:\/\/blogdalucianaoliveira.com.br\/blog\/2017\/12\/30\/pedro-tierra-escreve-poema-para-o-historico-24-de-janeiro\/","title":{"rendered":"PEDRO TIERRA ESCREVE POEMA PARA O HIST\u00d3RICO 24 DE JANEIRO"},"content":{"rendered":"<p><img data-recalc-dims=\"1\" loading=\"lazy\" decoding=\"async\" data-attachment-id=\"15863\" data-permalink=\"http:\/\/blogdalucianaoliveira.com.br\/blog\/2017\/12\/30\/pedro-tierra-escreve-poema-para-o-historico-24-de-janeiro\/gen-2\/\" data-orig-file=\"https:\/\/i0.wp.com\/blogdalucianaoliveira.com.br\/blog\/wp-content\/uploads\/2017\/12\/gen.jpg?fit=1000%2C357\" data-orig-size=\"1000,357\" data-comments-opened=\"0\" data-image-meta=\"{&quot;aperture&quot;:&quot;0&quot;,&quot;credit&quot;:&quot;&quot;,&quot;camera&quot;:&quot;&quot;,&quot;caption&quot;:&quot;&quot;,&quot;created_timestamp&quot;:&quot;0&quot;,&quot;copyright&quot;:&quot;&quot;,&quot;focal_length&quot;:&quot;0&quot;,&quot;iso&quot;:&quot;0&quot;,&quot;shutter_speed&quot;:&quot;0&quot;,&quot;title&quot;:&quot;&quot;,&quot;orientation&quot;:&quot;0&quot;}\" data-image-title=\"gen\" data-image-description=\"\" data-image-caption=\"\" data-medium-file=\"https:\/\/i0.wp.com\/blogdalucianaoliveira.com.br\/blog\/wp-content\/uploads\/2017\/12\/gen.jpg?fit=300%2C107\" data-large-file=\"https:\/\/i0.wp.com\/blogdalucianaoliveira.com.br\/blog\/wp-content\/uploads\/2017\/12\/gen.jpg?fit=600%2C214\" class=\"alignnone size-full wp-image-15863\" src=\"https:\/\/i0.wp.com\/blogdalucianaoliveira.com.br\/blog\/wp-content\/uploads\/2017\/12\/gen.jpg?resize=600%2C214\" alt=\"gen\" width=\"600\" height=\"214\" srcset=\"https:\/\/i0.wp.com\/blogdalucianaoliveira.com.br\/blog\/wp-content\/uploads\/2017\/12\/gen.jpg?w=1000 1000w, https:\/\/i0.wp.com\/blogdalucianaoliveira.com.br\/blog\/wp-content\/uploads\/2017\/12\/gen.jpg?resize=300%2C107 300w, https:\/\/i0.wp.com\/blogdalucianaoliveira.com.br\/blog\/wp-content\/uploads\/2017\/12\/gen.jpg?resize=768%2C274 768w, https:\/\/i0.wp.com\/blogdalucianaoliveira.com.br\/blog\/wp-content\/uploads\/2017\/12\/gen.jpg?resize=800%2C286 800w\" sizes=\"auto, (max-width: 600px) 100vw, 600px\" \/><\/p>\n<p><strong>Rio Grande do Sul 247 &#8211;<\/strong>\u00a0O militante pol\u00edtico e poeta\u00a0Hamilton Pereira da Silva, que escreve sob o pseud\u00f4nimo Pedro Tierra, divulgou um poema em homenagem ao pr\u00f3ximo dia 24 de janeiro, quando o Tribunal Regional da 4\u00aa Regi\u00e3o (TRF-4) ir\u00e1 julgar o recurso do ex-presidente Luiz In\u00e1cio Lula da Silva contra sua condena\u00e7\u00e3o pelo juiz S\u00e9rgio Moro.\u00a0<!--more--><\/p>\n<p>Leia abaixo:<\/p>\n<p><strong>Ao 24 de janeiro<\/strong><br \/>\n(Pedro Tierra)<br \/>\nOnde eles dizem paz,<br \/>\nEu digo justi\u00e7a<\/p>\n<p>Onde exibem convic\u00e7\u00f5es<br \/>\nExijo prova.<\/p>\n<p>Onde imp\u00f5em sil\u00eancio<br \/>\nEntoo can\u00e7\u00f5es.<\/p>\n<p>Quando lustra algemas<br \/>\nInvento caravanas.<\/p>\n<p>Onde defendem mercado,<br \/>\nAfirmo p\u00e1tria<\/p>\n<p>Onde dizem casta<br \/>\nRespondo classe.<\/p>\n<p>Onde erguem o tribunal<br \/>\nConvoco a Pra\u00e7a.<\/p>\n<p>Onde dizem ordem<br \/>\nEu digo liberdade.<\/p>\n<p>N\u00e3o me venham com crep\u00fasculo<br \/>\nQue chego armado de auroras<br \/>\nPara reacender as cinzas<br \/>\nDo nosso gasto cora\u00e7\u00e3o.<\/p>\n","protected":false},"excerpt":{"rendered":"<p>Rio Grande do Sul 247 &#8211;\u00a0O militante pol\u00edtico e poeta\u00a0Hamilton Pereira da Silva, que escreve sob o pseud\u00f4nimo Pedro Tierra, divulgou um poema em homenagem ao pr\u00f3ximo dia 24 de janeiro, quando o Tribunal Regional da 4\u00aa Regi\u00e3o (TRF-4) ir\u00e1 julgar o recurso do ex-presidente Luiz In\u00e1cio Lula da Silva contra sua condena\u00e7\u00e3o pelo juiz&#8230;<a class=\"more-link\" href=\"http:\/\/blogdalucianaoliveira.com.br\/blog\/2017\/12\/30\/pedro-tierra-escreve-poema-para-o-historico-24-de-janeiro\/\">Continue a leitura <span class=\"meta-nav\">&raquo;<\/span><\/a><\/p>\n","protected":false},"author":1,"featured_media":0,"comment_status":"closed","ping_status":"open","sticky":false,"template":"","format":"standard","meta":{"_exactmetrics_skip_tracking":false,"_exactmetrics_sitenote_active":false,"_exactmetrics_sitenote_note":"","_exactmetrics_sitenote_category":0,"jetpack_post_was_ever_published":false,"_jetpack_newsletter_access":"","_jetpack_dont_email_post_to_subs":false,"_jetpack_newsletter_tier_id":0,"_jetpack_memberships_contains_paywalled_content":false,"_jetpack_memberships_contains_paid_content":false,"footnotes":"","jetpack_publicize_message":"","jetpack_publicize_feature_enabled":true,"jetpack_social_post_already_shared":true,"jetpack_social_options":{"image_generator_settings":{"template":"highway","enabled":false},"version":2}},"categories":[1],"tags":[],"class_list":["post-15862","post","type-post","status-publish","format-standard","hentry","category-notas"],"jetpack_publicize_connections":[],"jetpack_sharing_enabled":true,"jetpack_featured_media_url":"","jetpack_shortlink":"https:\/\/wp.me\/p7wKYW-47Q","jetpack-related-posts":[],"_links":{"self":[{"href":"http:\/\/blogdalucianaoliveira.com.br\/blog\/wp-json\/wp\/v2\/posts\/15862","targetHints":{"allow":["GET"]}}],"collection":[{"href":"http:\/\/blogdalucianaoliveira.com.br\/blog\/wp-json\/wp\/v2\/posts"}],"about":[{"href":"http:\/\/blogdalucianaoliveira.com.br\/blog\/wp-json\/wp\/v2\/types\/post"}],"author":[{"embeddable":true,"href":"http:\/\/blogdalucianaoliveira.com.br\/blog\/wp-json\/wp\/v2\/users\/1"}],"replies":[{"embeddable":true,"href":"http:\/\/blogdalucianaoliveira.com.br\/blog\/wp-json\/wp\/v2\/comments?post=15862"}],"version-history":[{"count":1,"href":"http:\/\/blogdalucianaoliveira.com.br\/blog\/wp-json\/wp\/v2\/posts\/15862\/revisions"}],"predecessor-version":[{"id":15864,"href":"http:\/\/blogdalucianaoliveira.com.br\/blog\/wp-json\/wp\/v2\/posts\/15862\/revisions\/15864"}],"wp:attachment":[{"href":"http:\/\/blogdalucianaoliveira.com.br\/blog\/wp-json\/wp\/v2\/media?parent=15862"}],"wp:term":[{"taxonomy":"category","embeddable":true,"href":"http:\/\/blogdalucianaoliveira.com.br\/blog\/wp-json\/wp\/v2\/categories?post=15862"},{"taxonomy":"post_tag","embeddable":true,"href":"http:\/\/blogdalucianaoliveira.com.br\/blog\/wp-json\/wp\/v2\/tags?post=15862"}],"curies":[{"name":"wp","href":"https:\/\/api.w.org\/{rel}","templated":true}]}}