{"id":15874,"date":"2017-12-31T09:28:55","date_gmt":"2017-12-31T13:28:55","guid":{"rendered":"http:\/\/blogdalucianaoliveira.com.br\/blog\/?p=15874"},"modified":"2017-12-31T09:28:55","modified_gmt":"2017-12-31T13:28:55","slug":"os-dez-piores-acontecimentos-de-2017-que-afetaram-a-vida-do-povo-brasileiro","status":"publish","type":"post","link":"http:\/\/blogdalucianaoliveira.com.br\/blog\/2017\/12\/31\/os-dez-piores-acontecimentos-de-2017-que-afetaram-a-vida-do-povo-brasileiro\/","title":{"rendered":"Os dez piores acontecimentos de 2017 que afetaram a vida do povo brasileiro"},"content":{"rendered":"<p><img data-recalc-dims=\"1\" loading=\"lazy\" decoding=\"async\" data-attachment-id=\"15876\" data-permalink=\"http:\/\/blogdalucianaoliveira.com.br\/blog\/2017\/12\/31\/os-dez-piores-acontecimentos-de-2017-que-afetaram-a-vida-do-povo-brasileiro\/pio-2\/\" data-orig-file=\"https:\/\/i0.wp.com\/blogdalucianaoliveira.com.br\/blog\/wp-content\/uploads\/2017\/12\/pio.jpg?fit=310%2C207\" data-orig-size=\"310,207\" data-comments-opened=\"0\" data-image-meta=\"{&quot;aperture&quot;:&quot;0&quot;,&quot;credit&quot;:&quot;&quot;,&quot;camera&quot;:&quot;&quot;,&quot;caption&quot;:&quot;&quot;,&quot;created_timestamp&quot;:&quot;0&quot;,&quot;copyright&quot;:&quot;&quot;,&quot;focal_length&quot;:&quot;0&quot;,&quot;iso&quot;:&quot;0&quot;,&quot;shutter_speed&quot;:&quot;0&quot;,&quot;title&quot;:&quot;&quot;,&quot;orientation&quot;:&quot;0&quot;}\" data-image-title=\"pio\" data-image-description=\"\" data-image-caption=\"\" data-medium-file=\"https:\/\/i0.wp.com\/blogdalucianaoliveira.com.br\/blog\/wp-content\/uploads\/2017\/12\/pio.jpg?fit=300%2C200\" data-large-file=\"https:\/\/i0.wp.com\/blogdalucianaoliveira.com.br\/blog\/wp-content\/uploads\/2017\/12\/pio.jpg?fit=310%2C207\" src=\"https:\/\/i0.wp.com\/blogdalucianaoliveira.com.br\/blog\/wp-content\/uploads\/2017\/12\/pio.jpg?resize=310%2C207\" alt=\"pio\" width=\"310\" height=\"207\" class=\"alignnone size-full wp-image-15876\" srcset=\"https:\/\/i0.wp.com\/blogdalucianaoliveira.com.br\/blog\/wp-content\/uploads\/2017\/12\/pio.jpg?w=310 310w, https:\/\/i0.wp.com\/blogdalucianaoliveira.com.br\/blog\/wp-content\/uploads\/2017\/12\/pio.jpg?resize=300%2C200 300w\" sizes=\"auto, (max-width: 310px) 100vw, 310px\" \/><\/p>\n<p>A cada final de ano sempre se costuma fazer o balan\u00e7o de avan\u00e7os e atrasos na vida do povo. Mas neste 2017, cheio de acontecimentos memor\u00e1veis, est\u00e1 muito dif\u00edcil selecionar.  <!--more--><\/p>\n<p>No Brasil de Fato &#8211; Sendo assim, sugiro que voc\u00ea tamb\u00e9m fa\u00e7a sua lista! Veja a minha lista, a ordem n\u00e3o importa muito\u2026<\/p>\n<p>10 &#8211; Paralisa\u00e7\u00e3o da reforma agr\u00e1ria e das pol\u00edticas p\u00fablicas para a agricultura familiar e camponesa, com fechamento do Minist\u00e9rio do Desenvolvimento Agr\u00e1rio (MDA), sucateamento do Instituto Nacional de Coloniza\u00e7\u00e3o e Reforma Agr\u00e1ria (INCRA), a libera\u00e7\u00e3o de mais sementes transg\u00eanicas e mais agrot\u00f3xicos para envenenar nossos alimentos. Soma-se a isso, o projeto de vender nossas terras ao capital estrangeiro.<\/p>\n<p>9 &#8211; A n\u00e3o penaliza\u00e7\u00e3o das empresas Vale S.A. e BHP Billiton, pelos crimes de Mariana (MG). Vale a lembran\u00e7a de que tais empresas mataram 21 pessoas, devastaram um rio de 700 quil\u00f4metros, o Rio Doce, e atingiram a vida de milhares de pessoas entre os estados de Minas Gerais e Esp\u00edrito Santo. At\u00e9 hoje as mesmas n\u00e3o indenizaram, nem repararam os preju\u00edzos para o povo, e ainda querem ampliar a minera\u00e7\u00e3o na regi\u00e3o.<\/p>\n<p>8 &#8211; As manipula\u00e7\u00f5es e prepot\u00eancias da dupla Dallagnol e S\u00e9rgio Moro, que ferem a Constitui\u00e7\u00e3o e insistem em querer inviabilizar a candidatura de Lula, sem ter provas. Por outro lado, a manuten\u00e7\u00e3o da liberdade dos senhores A\u00e9cio Neves, senador Zeze Perella, Jos\u00e9 Serra, Ricardo Teixeira, Eike Batista, o banqueiro Daniel Dantas; apesar das evidentes provas de corrup\u00e7\u00e3o.<\/p>\n<p>7 &#8211; A entrega para o grande capital privado e estrangeiro de nossas riquezas naturais, como o pre\u00e1-sal, a minera\u00e7\u00e3o, a \u00e1gua; que deveriam ser utilizadas em prol do bem comum do povo brasileiro.<\/p>\n<p>6 &#8211; A aprova\u00e7\u00e3o pelo Congresso do limite de investimentos sociais em Educa\u00e7\u00e3o e Sa\u00fade. Mas, ao mesmo tempo, amplia\u00e7\u00e3o de gastos com juros de mais de 400 bilh\u00f5es de reais do or\u00e7amento nacional para os banqueiros.<\/p>\n<p>5- As pr\u00e1ticas manipuladoras da Globo sempre enganando e mentindo para o povo. Ainda que agora tenha ca\u00eddo sua m\u00e1scara ao ficar evidente o acordo de apoio ao governo golpista de Michel Temer em troca de polpudos recursos de publicidade.<\/p>\n<p>4 &#8211; A chamada &#8220;reforma trabalhista&#8221;, que retirou direitos hist\u00f3ricos de cerca de 140 milh\u00f5es de trabalhadores brasileiros, mantendo 20 milh\u00f5es no desemprego e 22 milh\u00f5es no trabalho precarizado, e sem nenhum direito previdenci\u00e1rio.<\/p>\n<p>3 &#8211; O comportamento parcial e partidarizado dos membros do Supremo Tribunal Federal (STF), em especial o Sr. Gilmar Mendes, sempre atuando em favor dos interesses da grande burguesia.<\/p>\n<p>2 &#8211; A foto maior da desigualdade social que apareceu na revela\u00e7\u00e3o de que apenas seis capitalistas ganham mais do que 102 milh\u00f5es de brasileiros. E, entre eles, 25% dos domic\u00edlios n\u00e3o possuem nenhuma renda mensal.<\/p>\n<p>1 &#8211; A continuidade do governo golpista de Michel Temer e seus parlamentares no Congresso.<\/p>\n<p>Com tudo isso, a pergunta que persiste \u00e9: o que esperar de 2018?<\/p>\n<p>Que o povo se mobilize, lute, se levante na defesa de seus direitos e dos interesses de toda na\u00e7\u00e3o. Que tenhamos elei\u00e7\u00f5es livres, democr\u00e1ticas e com a participa\u00e7\u00e3o de Luiz In\u00e1cio Lula da Silva.<\/p>\n<p>Abra\u00e7os, nos veremos por a\u00ed, &#8220;nas ruas, campos e constru\u00e7\u00f5es&#8221;, como mandava o poeta Vinicius de Moraes!!!<\/p>\n<p>Edi\u00e7\u00e3o: Simone Freire<\/p>\n","protected":false},"excerpt":{"rendered":"<p>A cada final de ano sempre se costuma fazer o balan\u00e7o de avan\u00e7os e atrasos na vida do povo. Mas neste 2017, cheio de acontecimentos memor\u00e1veis, est\u00e1 muito dif\u00edcil selecionar.<\/p>\n","protected":false},"author":1,"featured_media":0,"comment_status":"closed","ping_status":"open","sticky":false,"template":"","format":"standard","meta":{"_exactmetrics_skip_tracking":false,"_exactmetrics_sitenote_active":false,"_exactmetrics_sitenote_note":"","_exactmetrics_sitenote_category":0,"jetpack_post_was_ever_published":false,"_jetpack_newsletter_access":"","_jetpack_dont_email_post_to_subs":false,"_jetpack_newsletter_tier_id":0,"_jetpack_memberships_contains_paywalled_content":false,"_jetpack_memberships_contains_paid_content":false,"footnotes":"","jetpack_publicize_message":"","jetpack_publicize_feature_enabled":true,"jetpack_social_post_already_shared":true,"jetpack_social_options":{"image_generator_settings":{"template":"highway","enabled":false},"version":2}},"categories":[1],"tags":[],"class_list":["post-15874","post","type-post","status-publish","format-standard","hentry","category-notas"],"jetpack_publicize_connections":[],"jetpack_sharing_enabled":true,"jetpack_featured_media_url":"","jetpack_shortlink":"https:\/\/wp.me\/p7wKYW-482","jetpack-related-posts":[],"_links":{"self":[{"href":"http:\/\/blogdalucianaoliveira.com.br\/blog\/wp-json\/wp\/v2\/posts\/15874","targetHints":{"allow":["GET"]}}],"collection":[{"href":"http:\/\/blogdalucianaoliveira.com.br\/blog\/wp-json\/wp\/v2\/posts"}],"about":[{"href":"http:\/\/blogdalucianaoliveira.com.br\/blog\/wp-json\/wp\/v2\/types\/post"}],"author":[{"embeddable":true,"href":"http:\/\/blogdalucianaoliveira.com.br\/blog\/wp-json\/wp\/v2\/users\/1"}],"replies":[{"embeddable":true,"href":"http:\/\/blogdalucianaoliveira.com.br\/blog\/wp-json\/wp\/v2\/comments?post=15874"}],"version-history":[{"count":1,"href":"http:\/\/blogdalucianaoliveira.com.br\/blog\/wp-json\/wp\/v2\/posts\/15874\/revisions"}],"predecessor-version":[{"id":15877,"href":"http:\/\/blogdalucianaoliveira.com.br\/blog\/wp-json\/wp\/v2\/posts\/15874\/revisions\/15877"}],"wp:attachment":[{"href":"http:\/\/blogdalucianaoliveira.com.br\/blog\/wp-json\/wp\/v2\/media?parent=15874"}],"wp:term":[{"taxonomy":"category","embeddable":true,"href":"http:\/\/blogdalucianaoliveira.com.br\/blog\/wp-json\/wp\/v2\/categories?post=15874"},{"taxonomy":"post_tag","embeddable":true,"href":"http:\/\/blogdalucianaoliveira.com.br\/blog\/wp-json\/wp\/v2\/tags?post=15874"}],"curies":[{"name":"wp","href":"https:\/\/api.w.org\/{rel}","templated":true}]}}