{"id":1588,"date":"2016-06-10T10:56:51","date_gmt":"2016-06-10T14:56:51","guid":{"rendered":"http:\/\/blogdalucianaoliveira.com.br\/blog\/?p=1588"},"modified":"2016-06-10T10:56:51","modified_gmt":"2016-06-10T14:56:51","slug":"acordo-irrecusavel-dilma-defende-plebiscito-pra-que-o-povo-defenda-se-ela-deve-ou-nao-terminar-o-mandato","status":"publish","type":"post","link":"http:\/\/blogdalucianaoliveira.com.br\/blog\/2016\/06\/10\/acordo-irrecusavel-dilma-defende-plebiscito-pra-que-o-povo-defenda-se-ela-deve-ou-nao-terminar-o-mandato\/","title":{"rendered":"Acordo irrecus\u00e1vel: Dilma defende plebiscito pra que o povo defenda se ela deve ou n\u00e3o terminar o mandato."},"content":{"rendered":"<div class=\"jetpack-video-wrapper\"><iframe loading=\"lazy\" title=\"Dilma questiona legitimidade do governo Temer. Entrevista da presidente afastada na TV Brasil\" width=\"600\" height=\"338\" src=\"https:\/\/www.youtube.com\/embed\/-h4jG7e2AgM?feature=oembed\" frameborder=\"0\" allow=\"accelerometer; autoplay; clipboard-write; encrypted-media; gyroscope; picture-in-picture; web-share\" referrerpolicy=\"strict-origin-when-cross-origin\" allowfullscreen><\/iframe><\/div>\n<p>Ent\u00e3o&#8230;<\/p>\n<p>A proposta foi feita durante entrevista veiculada na TV Brasil.<\/p>\n<p>A presidente afastada, Dilma Rousseff, afirmou &#8220;que a popula\u00e7\u00e3o ter\u00e1 de ser consultada, caso ela retorne \u00e0 Presid\u00eancia da Rep\u00fablica, ao fim do processo de impeachment no Senado. Sem dar detalhes, Dilma lan\u00e7ou a proposta de um plebiscito para se decidir os rumos do mandato&#8221;. <!--more--><\/p>\n<p>N\u00e3o h\u00e1 como negar que essa sa\u00edda, apesar de confirmar o golpe \u00e0 soberania do voto, seria a melhor alternativa para impedir que o pa\u00eds confirme o esquartejamento da democracia.<\/p>\n<p>Falou-se tanto em prevalecer o desejo da maioria, que segundo a direita que por maioria sumiu do debate pol\u00edtico seria o afastamento da presidente, que n\u00e3o h\u00e1 o que temer em confirmar essa escolha por meio de um plebiscito.<\/p>\n<p>Ou h\u00e1?<\/p>\n<p>No xadrez chamam essa jogada de xeque-mate.<\/p>\n","protected":false},"excerpt":{"rendered":"<p>Ent\u00e3o&#8230; A proposta foi feita durante entrevista veiculada na TV Brasil. A presidente afastada, Dilma Rousseff, afirmou &#8220;que a popula\u00e7\u00e3o ter\u00e1 de ser consultada, caso ela retorne \u00e0 Presid\u00eancia da Rep\u00fablica, ao fim do processo de impeachment no Senado. Sem dar detalhes, Dilma lan\u00e7ou a proposta de um plebiscito para se decidir os rumos do&#8230;<a class=\"more-link\" href=\"http:\/\/blogdalucianaoliveira.com.br\/blog\/2016\/06\/10\/acordo-irrecusavel-dilma-defende-plebiscito-pra-que-o-povo-defenda-se-ela-deve-ou-nao-terminar-o-mandato\/\">Continue a leitura <span class=\"meta-nav\">&raquo;<\/span><\/a><\/p>\n","protected":false},"author":1,"featured_media":0,"comment_status":"closed","ping_status":"open","sticky":false,"template":"","format":"standard","meta":{"_exactmetrics_skip_tracking":false,"_exactmetrics_sitenote_active":false,"_exactmetrics_sitenote_note":"","_exactmetrics_sitenote_category":0,"jetpack_post_was_ever_published":false,"_jetpack_newsletter_access":"","_jetpack_dont_email_post_to_subs":false,"_jetpack_newsletter_tier_id":0,"_jetpack_memberships_contains_paywalled_content":false,"_jetpack_memberships_contains_paid_content":false,"footnotes":"","jetpack_publicize_message":"","jetpack_publicize_feature_enabled":true,"jetpack_social_post_already_shared":true,"jetpack_social_options":{"image_generator_settings":{"template":"highway","enabled":false},"version":2}},"categories":[1],"tags":[],"class_list":["post-1588","post","type-post","status-publish","format-standard","hentry","category-notas"],"jetpack_publicize_connections":[],"jetpack_sharing_enabled":true,"jetpack_featured_media_url":"","jetpack_shortlink":"https:\/\/wp.me\/p7wKYW-pC","jetpack-related-posts":[],"_links":{"self":[{"href":"http:\/\/blogdalucianaoliveira.com.br\/blog\/wp-json\/wp\/v2\/posts\/1588","targetHints":{"allow":["GET"]}}],"collection":[{"href":"http:\/\/blogdalucianaoliveira.com.br\/blog\/wp-json\/wp\/v2\/posts"}],"about":[{"href":"http:\/\/blogdalucianaoliveira.com.br\/blog\/wp-json\/wp\/v2\/types\/post"}],"author":[{"embeddable":true,"href":"http:\/\/blogdalucianaoliveira.com.br\/blog\/wp-json\/wp\/v2\/users\/1"}],"replies":[{"embeddable":true,"href":"http:\/\/blogdalucianaoliveira.com.br\/blog\/wp-json\/wp\/v2\/comments?post=1588"}],"version-history":[{"count":1,"href":"http:\/\/blogdalucianaoliveira.com.br\/blog\/wp-json\/wp\/v2\/posts\/1588\/revisions"}],"predecessor-version":[{"id":1589,"href":"http:\/\/blogdalucianaoliveira.com.br\/blog\/wp-json\/wp\/v2\/posts\/1588\/revisions\/1589"}],"wp:attachment":[{"href":"http:\/\/blogdalucianaoliveira.com.br\/blog\/wp-json\/wp\/v2\/media?parent=1588"}],"wp:term":[{"taxonomy":"category","embeddable":true,"href":"http:\/\/blogdalucianaoliveira.com.br\/blog\/wp-json\/wp\/v2\/categories?post=1588"},{"taxonomy":"post_tag","embeddable":true,"href":"http:\/\/blogdalucianaoliveira.com.br\/blog\/wp-json\/wp\/v2\/tags?post=1588"}],"curies":[{"name":"wp","href":"https:\/\/api.w.org\/{rel}","templated":true}]}}