{"id":15884,"date":"2017-12-31T09:49:06","date_gmt":"2017-12-31T13:49:06","guid":{"rendered":"http:\/\/blogdalucianaoliveira.com.br\/blog\/?p=15884"},"modified":"2017-12-31T09:49:06","modified_gmt":"2017-12-31T13:49:06","slug":"2017-o-ano-em-que-a-globo-descobriu-o-racismo","status":"publish","type":"post","link":"http:\/\/blogdalucianaoliveira.com.br\/blog\/2017\/12\/31\/2017-o-ano-em-que-a-globo-descobriu-o-racismo\/","title":{"rendered":"2017: O ANO EM QUE A GLOBO DESCOBRIU O RACISMO"},"content":{"rendered":"<p><img data-recalc-dims=\"1\" loading=\"lazy\" decoding=\"async\" data-attachment-id=\"15885\" data-permalink=\"http:\/\/blogdalucianaoliveira.com.br\/blog\/2017\/12\/31\/2017-o-ano-em-que-a-globo-descobriu-o-racismo\/nao2\/\" data-orig-file=\"https:\/\/i0.wp.com\/blogdalucianaoliveira.com.br\/blog\/wp-content\/uploads\/2017\/12\/nao2.jpg?fit=1000%2C357\" data-orig-size=\"1000,357\" data-comments-opened=\"0\" data-image-meta=\"{&quot;aperture&quot;:&quot;0&quot;,&quot;credit&quot;:&quot;&quot;,&quot;camera&quot;:&quot;&quot;,&quot;caption&quot;:&quot;&quot;,&quot;created_timestamp&quot;:&quot;0&quot;,&quot;copyright&quot;:&quot;&quot;,&quot;focal_length&quot;:&quot;0&quot;,&quot;iso&quot;:&quot;0&quot;,&quot;shutter_speed&quot;:&quot;0&quot;,&quot;title&quot;:&quot;&quot;,&quot;orientation&quot;:&quot;0&quot;}\" data-image-title=\"nao2\" data-image-description=\"\" data-image-caption=\"\" data-medium-file=\"https:\/\/i0.wp.com\/blogdalucianaoliveira.com.br\/blog\/wp-content\/uploads\/2017\/12\/nao2.jpg?fit=300%2C107\" data-large-file=\"https:\/\/i0.wp.com\/blogdalucianaoliveira.com.br\/blog\/wp-content\/uploads\/2017\/12\/nao2.jpg?fit=600%2C214\" src=\"https:\/\/i0.wp.com\/blogdalucianaoliveira.com.br\/blog\/wp-content\/uploads\/2017\/12\/nao2.jpg?resize=600%2C214\" alt=\"nao2\" width=\"600\" height=\"214\" class=\"alignnone size-full wp-image-15885\" srcset=\"https:\/\/i0.wp.com\/blogdalucianaoliveira.com.br\/blog\/wp-content\/uploads\/2017\/12\/nao2.jpg?w=1000 1000w, https:\/\/i0.wp.com\/blogdalucianaoliveira.com.br\/blog\/wp-content\/uploads\/2017\/12\/nao2.jpg?resize=300%2C107 300w, https:\/\/i0.wp.com\/blogdalucianaoliveira.com.br\/blog\/wp-content\/uploads\/2017\/12\/nao2.jpg?resize=768%2C274 768w, https:\/\/i0.wp.com\/blogdalucianaoliveira.com.br\/blog\/wp-content\/uploads\/2017\/12\/nao2.jpg?resize=800%2C286 800w\" sizes=\"auto, (max-width: 600px) 100vw, 600px\" \/><\/p>\n<p>247 \u2013 O ano de 2017 foi tamb\u00e9m aquele em que a Globo, dolorosamente, descobriu o racismo, com o caso William Waack, jornalista que era um dos principais formuladores da casa e foi demitido ap\u00f3s o vazamento do \u00e1udio em que fala &#8220;coisa de preto&#8221;.<!--more--><\/p>\n<p>At\u00e9 ent\u00e3o, para combater pol\u00edticas de cotas e de inclus\u00e3o racial, a Globo vendia a tese, defendida pelo seu diretor Ali Kamel, de que o Brasil n\u00e3o \u00e9 um pa\u00eds racista \u2013 Kamel \u00e9 autor da obra &#8220;N\u00e3o somos racistas&#8221;.<\/p>\n<p>Nada mais distante da realidade. Uma pesquisa divulgada neste domingo pelo jornalista Ancelmo Gois, do pr\u00f3prio Globo, revela que a grande maioria da popula\u00e7\u00e3o negra j\u00e1 sofreu ofensas raciais. De acordo com os dados do Instituto Locomotiva, 66% dos negros j\u00e1 ouviram a frase &#8220;preto, quando n\u00e3o caga na entrada, caga na sa\u00edda&#8221;. Outros 58% j\u00e1 foram chamados de macacos. E 72% j\u00e1 foram criticados pelo &#8220;cabelo Bombril&#8221;.<\/p>\n<p>Em v\u00eddeo, a deputado Benedita da Silva explica o que \u00e9 coisa de preto. Inscreva-se na TV 247 e confira abaixo:<\/p>\n<div class=\"jetpack-video-wrapper\"><iframe loading=\"lazy\" title=\"Benedita da Silva: &quot;Coisa de preto \u00e9 estar no Congresso Nacional.&quot;\" width=\"600\" height=\"338\" src=\"https:\/\/www.youtube.com\/embed\/u2ICytn2EjU?feature=oembed\" frameborder=\"0\" allow=\"accelerometer; autoplay; clipboard-write; encrypted-media; gyroscope; picture-in-picture; web-share\" referrerpolicy=\"strict-origin-when-cross-origin\" allowfullscreen><\/iframe><\/div>\n","protected":false},"excerpt":{"rendered":"<p>247 \u2013 O ano de 2017 foi tamb\u00e9m aquele em que a Globo, dolorosamente, descobriu o racismo, com o caso William Waack, jornalista que era um dos principais formuladores da casa e foi demitido ap\u00f3s o vazamento do \u00e1udio em que fala &#8220;coisa de preto&#8221;.<\/p>\n","protected":false},"author":1,"featured_media":0,"comment_status":"closed","ping_status":"open","sticky":false,"template":"","format":"standard","meta":{"_exactmetrics_skip_tracking":false,"_exactmetrics_sitenote_active":false,"_exactmetrics_sitenote_note":"","_exactmetrics_sitenote_category":0,"jetpack_post_was_ever_published":false,"_jetpack_newsletter_access":"","_jetpack_dont_email_post_to_subs":false,"_jetpack_newsletter_tier_id":0,"_jetpack_memberships_contains_paywalled_content":false,"_jetpack_memberships_contains_paid_content":false,"footnotes":"","jetpack_publicize_message":"","jetpack_publicize_feature_enabled":true,"jetpack_social_post_already_shared":true,"jetpack_social_options":{"image_generator_settings":{"template":"highway","enabled":false},"version":2}},"categories":[1],"tags":[],"class_list":["post-15884","post","type-post","status-publish","format-standard","hentry","category-notas"],"jetpack_publicize_connections":[],"jetpack_sharing_enabled":true,"jetpack_featured_media_url":"","jetpack_shortlink":"https:\/\/wp.me\/p7wKYW-48c","jetpack-related-posts":[],"_links":{"self":[{"href":"http:\/\/blogdalucianaoliveira.com.br\/blog\/wp-json\/wp\/v2\/posts\/15884","targetHints":{"allow":["GET"]}}],"collection":[{"href":"http:\/\/blogdalucianaoliveira.com.br\/blog\/wp-json\/wp\/v2\/posts"}],"about":[{"href":"http:\/\/blogdalucianaoliveira.com.br\/blog\/wp-json\/wp\/v2\/types\/post"}],"author":[{"embeddable":true,"href":"http:\/\/blogdalucianaoliveira.com.br\/blog\/wp-json\/wp\/v2\/users\/1"}],"replies":[{"embeddable":true,"href":"http:\/\/blogdalucianaoliveira.com.br\/blog\/wp-json\/wp\/v2\/comments?post=15884"}],"version-history":[{"count":1,"href":"http:\/\/blogdalucianaoliveira.com.br\/blog\/wp-json\/wp\/v2\/posts\/15884\/revisions"}],"predecessor-version":[{"id":15886,"href":"http:\/\/blogdalucianaoliveira.com.br\/blog\/wp-json\/wp\/v2\/posts\/15884\/revisions\/15886"}],"wp:attachment":[{"href":"http:\/\/blogdalucianaoliveira.com.br\/blog\/wp-json\/wp\/v2\/media?parent=15884"}],"wp:term":[{"taxonomy":"category","embeddable":true,"href":"http:\/\/blogdalucianaoliveira.com.br\/blog\/wp-json\/wp\/v2\/categories?post=15884"},{"taxonomy":"post_tag","embeddable":true,"href":"http:\/\/blogdalucianaoliveira.com.br\/blog\/wp-json\/wp\/v2\/tags?post=15884"}],"curies":[{"name":"wp","href":"https:\/\/api.w.org\/{rel}","templated":true}]}}