{"id":1595,"date":"2016-06-10T13:24:44","date_gmt":"2016-06-10T17:24:44","guid":{"rendered":"http:\/\/blogdalucianaoliveira.com.br\/blog\/?p=1595"},"modified":"2016-06-10T13:24:44","modified_gmt":"2016-06-10T17:24:44","slug":"conheca-a-historia-da-nossa-amiga-cecilia-que-alem-de-util-e-agradavel-e-oferece-uma-das-melhores-pizza-de-sao-paulo","status":"publish","type":"post","link":"http:\/\/blogdalucianaoliveira.com.br\/blog\/2016\/06\/10\/conheca-a-historia-da-nossa-amiga-cecilia-que-alem-de-util-e-agradavel-e-oferece-uma-das-melhores-pizza-de-sao-paulo\/","title":{"rendered":"Conhe\u00e7a a hist\u00f3ria da nossa amiga Cec\u00edlia, que al\u00e9m de \u00fatil, \u00e9 agrad\u00e1vel e oferece uma das melhores pizza de S\u00e3o Paulo"},"content":{"rendered":"<p><img data-recalc-dims=\"1\" loading=\"lazy\" decoding=\"async\" data-attachment-id=\"1596\" data-permalink=\"http:\/\/blogdalucianaoliveira.com.br\/blog\/2016\/06\/10\/conheca-a-historia-da-nossa-amiga-cecilia-que-alem-de-util-e-agradavel-e-oferece-uma-das-melhores-pizza-de-sao-paulo\/image-343\/\" data-orig-file=\"https:\/\/i0.wp.com\/blogdalucianaoliveira.com.br\/blog\/wp-content\/uploads\/2016\/06\/image-39.jpeg?fit=620%2C450\" data-orig-size=\"620,450\" data-comments-opened=\"0\" data-image-meta=\"{&quot;aperture&quot;:&quot;0&quot;,&quot;credit&quot;:&quot;&quot;,&quot;camera&quot;:&quot;&quot;,&quot;caption&quot;:&quot;&quot;,&quot;created_timestamp&quot;:&quot;0&quot;,&quot;copyright&quot;:&quot;&quot;,&quot;focal_length&quot;:&quot;0&quot;,&quot;iso&quot;:&quot;0&quot;,&quot;shutter_speed&quot;:&quot;0&quot;,&quot;title&quot;:&quot;&quot;,&quot;orientation&quot;:&quot;0&quot;}\" data-image-title=\"image\" data-image-description=\"\" data-image-caption=\"\" data-medium-file=\"https:\/\/i0.wp.com\/blogdalucianaoliveira.com.br\/blog\/wp-content\/uploads\/2016\/06\/image-39.jpeg?fit=300%2C218\" data-large-file=\"https:\/\/i0.wp.com\/blogdalucianaoliveira.com.br\/blog\/wp-content\/uploads\/2016\/06\/image-39.jpeg?fit=600%2C435\" src=\"https:\/\/i0.wp.com\/blogdalucianaoliveira.com.br\/blog\/wp-content\/uploads\/2016\/06\/image-39.jpeg?resize=600%2C435\" alt=\"image\" width=\"600\" height=\"435\" class=\"alignnone size-full wp-image-1596\" srcset=\"https:\/\/i0.wp.com\/blogdalucianaoliveira.com.br\/blog\/wp-content\/uploads\/2016\/06\/image-39.jpeg?w=620 620w, https:\/\/i0.wp.com\/blogdalucianaoliveira.com.br\/blog\/wp-content\/uploads\/2016\/06\/image-39.jpeg?resize=300%2C218 300w, https:\/\/i0.wp.com\/blogdalucianaoliveira.com.br\/blog\/wp-content\/uploads\/2016\/06\/image-39.jpeg?resize=413%2C300 413w\" sizes=\"auto, (max-width: 600px) 100vw, 600px\" \/><\/p>\n<p>De cara pintada contra Collor, aos 17, de cara limpa contra Temer, aos 41.<\/p>\n<p>Por por Eliane Trindade<\/p>\n<p>A Hist\u00f3ria bateu mais uma vez \u00e0 porta de Cec\u00edlia Lotufo, 41. Musa dos &#8220;caras-pintadas&#8221; que ajudaram a apear Fernando Collor da presid\u00eancia em 1992, a administradora de empresas paulistana virou uma pedra no sapato de Michel Temer.<!--more--><\/p>\n<p>Ela se juntou a um grupo de vizinhos do bairro de Alto de Pinheiros, na zona oeste de S\u00e3o Paulo, para uma s\u00e9rie de protestos na pra\u00e7a Conde de Barcelos, endere\u00e7o paulistano do presidente interino.<\/p>\n<p>Vinte e quatro anos depois de ir \u00e0s ruas contra o &#8220;Ca\u00e7ador de Maraj\u00e1s&#8221;, l\u00e1 estava a vers\u00e3o adulta da ex-aluna do col\u00e9gio Oswald de Andrade na pra\u00e7a dan\u00e7ando a &#8220;Quadrilha do Temer&#8221;, no domingo, 29 de maio.<\/p>\n<p>Cec\u00edlia era uma das dezenas de moradores da regi\u00e3o que entoavam uma par\u00f3dia da can\u00e7\u00e3o &#8220;Pedro, Ant\u00f4nio e Jo\u00e3o&#8221;: &#8220;Com seu amigo Juc\u00e1\/Temer resolveu tramar\/Vamos fugir da Lava Jato\/Dando golpe parlamentar&#8221;.<\/p>\n<p>A mobiliza\u00e7\u00e3o da vizinhan\u00e7a come\u00e7ou uma semana antes, quando, em 23 de maio, um grupo menor fez uma serenata no local com cartazes de &#8220;o golpe mora ao lado&#8221;.<\/p>\n<p>Cec\u00edlia puxava a valsa endere\u00e7ada \u00e0 mulher de Temer: &#8220;Marcela, abre ao menos a janela\/hoje a noite est\u00e1 t\u00e3o bela\/Sem o Temer por aqui\/ \u00c9s bela, recatada e do lar\/Estamos aqui pra te falar\/Que o golpe vai rachar&#8230;<\/p>\n<p>Na madrugada fria, Cec\u00edlia vestiu um pul\u00f4ver lil\u00e1s para protestar pelo fato de na noite anterior policiais terem dispersado a jatos d&#8217;\u00e1gua manifestantes do Movimento dos Trabalhadores Sem-Teto acampados nos arredores.<\/p>\n<p>O ato foi uma rea\u00e7\u00e3o tamb\u00e9m a posts na p\u00e1gina Alto de Pinheiros Quer Paz no Facebook, quando moradores do bairro de elite se mostraram indignados com a invas\u00e3o de &#8220;v\u00e2ndalos&#8221;.<\/p>\n<p>&#8220;Olha, o que t\u00e1 chegando aqui!&#8221;, &#8220;Tomara que a pol\u00edcia tenha muito estoque de bala&#8221;; &#8220;Bala de borracha \u00e9 pouco&#8221; eram alguns dos coment\u00e1rios que levaram Cec\u00edlia e outros vizinhos para a linha de frente.<\/p>\n<p>&#8220;Nosso bairro tamb\u00e9m tem uma outra cara. Tem um lado reacion\u00e1rio, mas tem outro que acha Temer um golpista e que os movimentos sociais podem se manifestar&#8221;, diz a ex-cara-pintada, que lidera outros movimentos em Alto de Pinheiros.<\/p>\n<p>O grupo planeja uma cerim\u00f4nia para rebatizar a \u00e1rea verde em torno da casa do presidente interino de &#8220;Pra\u00e7a do Golpista&#8221;. O local est\u00e1 cercado de grades e tem policiamento 24 horas para garantir a seguran\u00e7a da fam\u00edlia do presidente interino.<\/p>\n<p>A ex-cara-pintada que entrou para os livros de hist\u00f3ria com a face escrita de batom agora se coloca de cara limpa na fileira dos que s\u00e3o contra o impeachment de Dilma.<\/p>\n<p>A seguir, trechos de uma entrevista em que Cec\u00edlia fala sobre as manifesta\u00e7\u00f5es do passado e de hoje, a decep\u00e7\u00e3o com Lula e a constata\u00e7\u00e3o de que n\u00e3o ser\u00e1 apenas tirando presidentes do poder, na base do &#8220;Fora esse ou aquele&#8221;, que o Brasil se transformar\u00e1 de fato.<\/p>\n<p>DE VOLTA \u00c0S RUAS<\/p>\n<p>&#8220;Resolvi ir para as ruas em 2013 quando comecei a ver a pol\u00edcia agindo com trucul\u00eancia contra os manifestantes.<\/p>\n<p>Tamb\u00e9m fui a manifesta\u00e7\u00f5es pr\u00f3-Dilma mesmo n\u00e3o tendo votado nela. Temos uma realidade diferente daquela do Collor. N\u00e3o h\u00e1 de fato den\u00fancia contra Dilma. Esse impeachment de agora fere a nossa democracia.<\/p>\n<p>Por mais que eu esteja brigando para a presidente voltar ao poder, ela n\u00e3o representa o que eu penso. Dilma fez alian\u00e7as com o PMDB e nem assim tinha for\u00e7a para modificar nada.<\/p>\n<p>Pessoalmente, eu sinto um grau de desespero: pra onde vamos? Vejo conquistas sociais indo para o buraco de forma autorit\u00e1ria.<\/p>\n<p>VIZINHO X VIZINHO<\/p>\n<p>Na primeira vez que fomos para a frente da casa do Temer, \u00e9ramos uns 50. Na segunda, umas 200 pessoas.<\/p>\n<p>S\u00e3o manifesta\u00e7\u00f5es pac\u00edficas. A pol\u00edcia fica l\u00e1 assistindo, afinal n\u00e3o pode nos expulsar. Somos moradores.<\/p>\n<p>Na primeira vez, a gente recebeu a sogra do Temer. Ela veio dizer que o neto estava doente e precisavam comprar rem\u00e9dio. Deu no jornal que choraram. N\u00e3o foi nada disso.<\/p>\n<p>DECEP\u00c7\u00c3O COM O PT<br \/>\nMeu primeiro voto para presidente foi para o Lula em 1994. Mas ele foi uma decep\u00e7\u00e3o, embora n\u00e3o tenha sido ruim como presidente.<\/p>\n<p>Foi que mais fez coisas boas pelo pa\u00eds, mas tamb\u00e9m fez conchavos desde a campanha. Se n\u00e3o fosse assim n\u00e3o seria presidente.<\/p>\n<p>Depois de 13 anos de PT no governo, a sensa\u00e7\u00e3o \u00e9 de perder tudo [as conquistas sociais]. Adiantou fazer tantas alian\u00e7as? N\u00e3o tem governabilidade poss\u00edvel quando se alia a um inimigo.<\/p>\n<p>SEMPRE MILITANTE<\/p>\n<p>Estou na minha vidinha, mas fa\u00e7o muita coisa em prol da sociedade. Fundei uma ONG, o Instituto Kair\u00f3s, e o Movimento Boa Pra\u00e7a, no Alto de Pinheiro e Lapa.<\/p>\n<p>Fa\u00e7o parte do Conselho Participativo Municipal na gest\u00e3o Haddad. Somos eleitos para um trabalho volunt\u00e1rio. Aposto sempre nesse di\u00e1logo poder p\u00fablico e sociedade civil, sem CNPJ no meio.<\/p>\n<p>Tenho essa coisas de &#8220;startar&#8221;, depois vira coletivo. Foi o que aconteceu com o Instituto Kair\u00f3s.<\/p>\n<p>No ano passado, me posicionei contra o &#8220;Fora Dilma&#8221; e um blog chamado Coturno Noturno me acusou de ter recebido dinheiro de editais do Governo Federal.<\/p>\n<p>Uma mentira deslavada, pois h\u00e1 dez anos n\u00e3o fa\u00e7o mais parte da ONG, que tem um trabalho muito legal. O MBL [Movimento Brasil Livre] compartilhou: &#8220;Cec\u00edlia Lotufo embolsando dinheiro e falando bem da Dilma&#8221;. A coisa viralizou, recebi amea\u00e7as. Foi surreal.<\/p>\n<p>CORRUP\u00c7\u00c3O<\/p>\n<p>A Lava Jato est\u00e1 fazendo o seu papel. \u00c9 fenomenal que as apura\u00e7\u00f5es tenham colocado os corruptos das construtoras em cana. Os intoc\u00e1veis est\u00e3o atr\u00e1s das grades.<\/p>\n<p>N\u00e3o sou petista e n\u00e3o questiono que existam culpados dentro do partido. Mas a sociedade perde com esse prop\u00f3sito de acabar com o PT. E os outros partidos? Foi um jogo de poder. Eles [a oposi\u00e7\u00e3o] foram bem inteligentes e voltaram ao poder.<\/p>\n<p>NA POL\u00cdTICA<\/p>\n<p>J\u00e1 pensei em me candidatar, mas desisti. N\u00e3o sou filiada a nenhum partido.<\/p>\n<p>Sou eleitora do PSOL, mas n\u00e3o me sinto acolhida a ponto de me lan\u00e7ar candidata. A gente est\u00e1 carente de lideran\u00e7as. Tem a Rede, o Raiz [lan\u00e7ado por Luiza Erundina]. S\u00e3o interessantes.<\/p>\n<p>O QUE ESPERA<\/p>\n<p>\u00c9 dif\u00edcil estar sempre lutando para tirar algu\u00e9m do poder. \u00c9 necess\u00e1rio fazer algo acontecer a partir dessa briga de &#8220;Fora esse ou Fora aquele&#8221;, o que n\u00e3o vai trazer necessariamente o que o pa\u00eds precisa.<\/p>\n<p>Precisamos abrir um ciclo propositivo, realizar reformas estruturais. S\u00e3o tantas: a pol\u00edtica, a do judici\u00e1rio, a tribut\u00e1ria. Temos que mexer em muita coisa.<\/p>\n<p>ACABOU EM PIZZA<\/p>\n<p>Estou com 41 anos, sou casada e tenho dois filhos. Virei empres\u00e1ria h\u00e1 quatro anos quando abri uma pizzaria.<\/p>\n<p>Na \u00e9poca dos caras-pintadas, com 17 anos eu n\u00e3o tinha muito no\u00e7\u00e3o da dimens\u00e3o que aquilo ia tomar. A gente sempre tem condi\u00e7\u00e3o de fazer parte da Hist\u00f3ria. S\u00f3 precisa se inserir no mundo e se posicionar.<\/p>\n<p>IMAGEM HIST\u00d3RICA<\/p>\n<p>\u00c9ramos uma jun\u00e7\u00e3o de vozes, mas uma gritou mais alto. A imagem virou \u00edcone. Um dia, Linete, que trabalhava na casa da minha m\u00e3e, me disse que a filha tinha me visto em um livro da escola.<\/p>\n<p>Fui percebendo a responsabilidade ao longo do processo. Lutava com o prop\u00f3sito de tirar um presidente do poder e me questionava: Quem eu represento? Nunca me vinculei ao movimento estudantil. N\u00e3o me sentia representada. J\u00e1 tinha muita briga pol\u00edtica, de poder.<\/p>\n<p>SER OU N\u00c3O SER MUSA<\/p>\n<p>Eu negava o t\u00edtulo de musa. At\u00e9 que meu pai me deu um toque: &#8220;Aceite, s\u00e3o as pessoas que est\u00e3o te colocando nesse lugar&#8221;. Demorou um tempo para eu assumir que tinha um papel, com esse nome meio besta, de musa.<\/p>\n<p>O mundo precisa de \u00edcones, mas eu questiono isso. O que vai transformar \u00e9 o coletivo, \u00e9 o indiv\u00edduo conectado.&#8221;<\/p>\n","protected":false},"excerpt":{"rendered":"<p>De cara pintada contra Collor, aos 17, de cara limpa contra Temer, aos 41. Por por Eliane Trindade A Hist\u00f3ria bateu mais uma vez \u00e0 porta de Cec\u00edlia Lotufo, 41. Musa dos &#8220;caras-pintadas&#8221; que ajudaram a apear Fernando Collor da presid\u00eancia em 1992, a administradora de empresas paulistana virou uma pedra no sapato de Michel&#8230;<a class=\"more-link\" href=\"http:\/\/blogdalucianaoliveira.com.br\/blog\/2016\/06\/10\/conheca-a-historia-da-nossa-amiga-cecilia-que-alem-de-util-e-agradavel-e-oferece-uma-das-melhores-pizza-de-sao-paulo\/\">Continue a leitura <span class=\"meta-nav\">&raquo;<\/span><\/a><\/p>\n","protected":false},"author":1,"featured_media":0,"comment_status":"closed","ping_status":"open","sticky":false,"template":"","format":"standard","meta":{"_exactmetrics_skip_tracking":false,"_exactmetrics_sitenote_active":false,"_exactmetrics_sitenote_note":"","_exactmetrics_sitenote_category":0,"jetpack_post_was_ever_published":false,"_jetpack_newsletter_access":"","_jetpack_dont_email_post_to_subs":false,"_jetpack_newsletter_tier_id":0,"_jetpack_memberships_contains_paywalled_content":false,"_jetpack_memberships_contains_paid_content":false,"footnotes":"","jetpack_publicize_message":"","jetpack_publicize_feature_enabled":true,"jetpack_social_post_already_shared":true,"jetpack_social_options":{"image_generator_settings":{"template":"highway","enabled":false},"version":2}},"categories":[1],"tags":[],"class_list":["post-1595","post","type-post","status-publish","format-standard","hentry","category-notas"],"jetpack_publicize_connections":[],"jetpack_sharing_enabled":true,"jetpack_featured_media_url":"","jetpack_shortlink":"https:\/\/wp.me\/p7wKYW-pJ","jetpack-related-posts":[],"_links":{"self":[{"href":"http:\/\/blogdalucianaoliveira.com.br\/blog\/wp-json\/wp\/v2\/posts\/1595","targetHints":{"allow":["GET"]}}],"collection":[{"href":"http:\/\/blogdalucianaoliveira.com.br\/blog\/wp-json\/wp\/v2\/posts"}],"about":[{"href":"http:\/\/blogdalucianaoliveira.com.br\/blog\/wp-json\/wp\/v2\/types\/post"}],"author":[{"embeddable":true,"href":"http:\/\/blogdalucianaoliveira.com.br\/blog\/wp-json\/wp\/v2\/users\/1"}],"replies":[{"embeddable":true,"href":"http:\/\/blogdalucianaoliveira.com.br\/blog\/wp-json\/wp\/v2\/comments?post=1595"}],"version-history":[{"count":1,"href":"http:\/\/blogdalucianaoliveira.com.br\/blog\/wp-json\/wp\/v2\/posts\/1595\/revisions"}],"predecessor-version":[{"id":1597,"href":"http:\/\/blogdalucianaoliveira.com.br\/blog\/wp-json\/wp\/v2\/posts\/1595\/revisions\/1597"}],"wp:attachment":[{"href":"http:\/\/blogdalucianaoliveira.com.br\/blog\/wp-json\/wp\/v2\/media?parent=1595"}],"wp:term":[{"taxonomy":"category","embeddable":true,"href":"http:\/\/blogdalucianaoliveira.com.br\/blog\/wp-json\/wp\/v2\/categories?post=1595"},{"taxonomy":"post_tag","embeddable":true,"href":"http:\/\/blogdalucianaoliveira.com.br\/blog\/wp-json\/wp\/v2\/tags?post=1595"}],"curies":[{"name":"wp","href":"https:\/\/api.w.org\/{rel}","templated":true}]}}