{"id":16111,"date":"2018-01-15T16:23:16","date_gmt":"2018-01-15T20:23:16","guid":{"rendered":"http:\/\/blogdalucianaoliveira.com.br\/blog\/?p=16111"},"modified":"2018-01-15T16:23:16","modified_gmt":"2018-01-15T20:23:16","slug":"247governo-temer-sofre-quarta-derrota-com-cristiane-brasil","status":"publish","type":"post","link":"http:\/\/blogdalucianaoliveira.com.br\/blog\/2018\/01\/15\/247governo-temer-sofre-quarta-derrota-com-cristiane-brasil\/","title":{"rendered":"247:GOVERNO TEMER SOFRE QUARTA DERROTA COM CRISTIANE BRASIL"},"content":{"rendered":"<p><img data-recalc-dims=\"1\" loading=\"lazy\" decoding=\"async\" data-attachment-id=\"16112\" data-permalink=\"http:\/\/blogdalucianaoliveira.com.br\/blog\/2018\/01\/15\/247governo-temer-sofre-quarta-derrota-com-cristiane-brasil\/quero\/\" data-orig-file=\"https:\/\/i0.wp.com\/blogdalucianaoliveira.com.br\/blog\/wp-content\/uploads\/2018\/01\/quero.jpg?fit=1000%2C357\" data-orig-size=\"1000,357\" data-comments-opened=\"0\" data-image-meta=\"{&quot;aperture&quot;:&quot;0&quot;,&quot;credit&quot;:&quot;&quot;,&quot;camera&quot;:&quot;&quot;,&quot;caption&quot;:&quot;&quot;,&quot;created_timestamp&quot;:&quot;0&quot;,&quot;copyright&quot;:&quot;&quot;,&quot;focal_length&quot;:&quot;0&quot;,&quot;iso&quot;:&quot;0&quot;,&quot;shutter_speed&quot;:&quot;0&quot;,&quot;title&quot;:&quot;&quot;,&quot;orientation&quot;:&quot;0&quot;}\" data-image-title=\"quero\" data-image-description=\"\" data-image-caption=\"\" data-medium-file=\"https:\/\/i0.wp.com\/blogdalucianaoliveira.com.br\/blog\/wp-content\/uploads\/2018\/01\/quero.jpg?fit=300%2C107\" data-large-file=\"https:\/\/i0.wp.com\/blogdalucianaoliveira.com.br\/blog\/wp-content\/uploads\/2018\/01\/quero.jpg?fit=600%2C214\" class=\"alignnone size-full wp-image-16112\" src=\"https:\/\/i0.wp.com\/blogdalucianaoliveira.com.br\/blog\/wp-content\/uploads\/2018\/01\/quero.jpg?resize=600%2C214\" alt=\"quero\" width=\"600\" height=\"214\" srcset=\"https:\/\/i0.wp.com\/blogdalucianaoliveira.com.br\/blog\/wp-content\/uploads\/2018\/01\/quero.jpg?w=1000 1000w, https:\/\/i0.wp.com\/blogdalucianaoliveira.com.br\/blog\/wp-content\/uploads\/2018\/01\/quero.jpg?resize=300%2C107 300w, https:\/\/i0.wp.com\/blogdalucianaoliveira.com.br\/blog\/wp-content\/uploads\/2018\/01\/quero.jpg?resize=768%2C274 768w, https:\/\/i0.wp.com\/blogdalucianaoliveira.com.br\/blog\/wp-content\/uploads\/2018\/01\/quero.jpg?resize=800%2C286 800w\" sizes=\"auto, (max-width: 600px) 100vw, 600px\" \/><\/p>\n<p><strong>Felipe Pontes &#8211; Rep\u00f3rter da Ag\u00eancia Brasil<\/strong><\/p>\n<p>O juiz Leonardo da Costa Couceira, da 4\u00aa Vara Federal de Niter\u00f3i (RJ), negou um pedido de reconsidera\u00e7\u00e3o da Advocacia-Geral da Uni\u00e3o (AGU) para que ele revisse a decis\u00e3o em que suspendeu a posse da deputada Cristiane Brasil (PTB-RJ) como ministra do Trabalho.<!--more--><\/p>\n<p>Ao manter sua decis\u00e3o, Couceira rebateu o argumento da AGU de que ele n\u00e3o seria o juiz competente para atuar no caso, uma vez que uma outra a\u00e7\u00e3o, com o mesmo tema, havia sido protocolada um dia antes, na Vara Federal de Mag\u00e9. O magistrado afirmou que a a\u00e7\u00e3o de Mag\u00e9 n\u00e3o atrairia a compet\u00eancia para julgar o caso, pois foi feita no dia 7 de janeiro, ainda sob o regime de plant\u00e3o judicial.<\/p>\n<p>&#8220;Assim, n\u00e3o obstante o referido processo de Mag\u00e9 tenha sido registrado no plant\u00e3o do dia 07\/01\/2018, com decis\u00e3o pelo n\u00e3o conhecimento do requerimento de medida de urg\u00eancia, o mesmo foi distribu\u00eddo (Distribui\u00e7\u00e3o por Depend\u00eancia), no dia 08\/01\/2018, \u00e0s 12h58, conforme Termo de Autua\u00e7\u00e3o, ora anexado, logo ap\u00f3s autua\u00e7\u00e3o do presente processo (Niter\u00f3i), que foi distribu\u00eddo \u00e0s 12h07&#8221;, escreveu Couceira na decis\u00e3o desta segunda-feira (15).<\/p>\n<p>Trata-se do terceiro recurso da AGU negado pela Justi\u00e7a Federal. Outros dois recursos, protocolados no Tribunal Regional Federal da 2\u00aa Regi\u00e3o (TRF2), foram negados pela segunda inst\u00e2ncia.<\/p>\n<p>No primeiro, o vice-presidente do TRF2, desembargador Guilherme Coute de Castro, disse que n\u00e3o poderia revogar a liminar, pois a decis\u00e3o da primeira inst\u00e2ncia n\u00e3o representava &#8220;grave les\u00e3o \u00e0 ordem econ\u00f4mica, \u00e0 sa\u00fade, \u00e0 seguran\u00e7a e \u00e0 economia p\u00fablica&#8221;.<\/p>\n<p>Em seguida, novo recurso encaminhado ao juiz substituto Vladimir Vitovsky foi negado. O magistrado alegou que o atraso na posse n\u00e3o tinha o potencial de &#8220;acarretar risco de dano grave, de dif\u00edcil ou imposs\u00edvel repara\u00e7\u00e3o&#8221;.<\/p>\n<p>Procurada, a AGU ainda n\u00e3o se manifestou sobre a recusa do terceiro recurso.<\/p>\n<p>Primeira decis\u00e3o<\/p>\n<p>Ao suspender a posse, o juiz federal Leonardo da Costa Couceira atendeu a pedido feito em a\u00e7\u00e3o popular pelo Movimento dos Advogados Trabalhistas Independentes. A entidade alegou que a nomea\u00e7\u00e3o de Cristiane Brasil &#8220;ofende a moralidade administrativa&#8221;.<\/p>\n<p>Segundo o movimento dos advogados, a deputada &#8220;praticou pessoalmente graves viola\u00e7\u00f5es das leis trabalhistas, flagradas e comprovadas em, pelo menos, duas demandas judiciais&#8221;.<\/p>\n<p>Depois que seu nome foi anunciado como ministra do Trabalho, surgiram informa\u00e7\u00f5es de que Cristiane tem d\u00edvidas trabalhistas com ex-funcion\u00e1rios. Ela foi condenada na Justi\u00e7a Trabalhista a pagar mais de R$ 60 mil em indeniza\u00e7\u00e3o a um ex-motorista que alegou trabalhar sem carteira assinada.<\/p>\n","protected":false},"excerpt":{"rendered":"<p>Felipe Pontes &#8211; Rep\u00f3rter da Ag\u00eancia Brasil O juiz Leonardo da Costa Couceira, da 4\u00aa Vara Federal de Niter\u00f3i (RJ), negou um pedido de reconsidera\u00e7\u00e3o da Advocacia-Geral da Uni\u00e3o (AGU) para que ele revisse a decis\u00e3o em que suspendeu a posse da deputada Cristiane Brasil (PTB-RJ) como ministra do Trabalho.<\/p>\n","protected":false},"author":1,"featured_media":0,"comment_status":"closed","ping_status":"open","sticky":false,"template":"","format":"standard","meta":{"_exactmetrics_skip_tracking":false,"_exactmetrics_sitenote_active":false,"_exactmetrics_sitenote_note":"","_exactmetrics_sitenote_category":0,"jetpack_post_was_ever_published":false,"_jetpack_newsletter_access":"","_jetpack_dont_email_post_to_subs":false,"_jetpack_newsletter_tier_id":0,"_jetpack_memberships_contains_paywalled_content":false,"_jetpack_memberships_contains_paid_content":false,"footnotes":"","jetpack_publicize_message":"","jetpack_publicize_feature_enabled":true,"jetpack_social_post_already_shared":true,"jetpack_social_options":{"image_generator_settings":{"template":"highway","enabled":false},"version":2}},"categories":[1],"tags":[],"class_list":["post-16111","post","type-post","status-publish","format-standard","hentry","category-notas"],"jetpack_publicize_connections":[],"jetpack_sharing_enabled":true,"jetpack_featured_media_url":"","jetpack_shortlink":"https:\/\/wp.me\/p7wKYW-4bR","jetpack-related-posts":[],"_links":{"self":[{"href":"http:\/\/blogdalucianaoliveira.com.br\/blog\/wp-json\/wp\/v2\/posts\/16111","targetHints":{"allow":["GET"]}}],"collection":[{"href":"http:\/\/blogdalucianaoliveira.com.br\/blog\/wp-json\/wp\/v2\/posts"}],"about":[{"href":"http:\/\/blogdalucianaoliveira.com.br\/blog\/wp-json\/wp\/v2\/types\/post"}],"author":[{"embeddable":true,"href":"http:\/\/blogdalucianaoliveira.com.br\/blog\/wp-json\/wp\/v2\/users\/1"}],"replies":[{"embeddable":true,"href":"http:\/\/blogdalucianaoliveira.com.br\/blog\/wp-json\/wp\/v2\/comments?post=16111"}],"version-history":[{"count":1,"href":"http:\/\/blogdalucianaoliveira.com.br\/blog\/wp-json\/wp\/v2\/posts\/16111\/revisions"}],"predecessor-version":[{"id":16113,"href":"http:\/\/blogdalucianaoliveira.com.br\/blog\/wp-json\/wp\/v2\/posts\/16111\/revisions\/16113"}],"wp:attachment":[{"href":"http:\/\/blogdalucianaoliveira.com.br\/blog\/wp-json\/wp\/v2\/media?parent=16111"}],"wp:term":[{"taxonomy":"category","embeddable":true,"href":"http:\/\/blogdalucianaoliveira.com.br\/blog\/wp-json\/wp\/v2\/categories?post=16111"},{"taxonomy":"post_tag","embeddable":true,"href":"http:\/\/blogdalucianaoliveira.com.br\/blog\/wp-json\/wp\/v2\/tags?post=16111"}],"curies":[{"name":"wp","href":"https:\/\/api.w.org\/{rel}","templated":true}]}}