{"id":16128,"date":"2018-01-16T17:12:43","date_gmt":"2018-01-16T21:12:43","guid":{"rendered":"http:\/\/blogdalucianaoliveira.com.br\/blog\/?p=16128"},"modified":"2018-01-16T17:12:43","modified_gmt":"2018-01-16T21:12:43","slug":"a-anti-moro-por-se-basear-em-provas-juiza-que-decidiu-que-o-triplex-e-da-oas-nao-saira-no-jornal-nacional","status":"publish","type":"post","link":"http:\/\/blogdalucianaoliveira.com.br\/blog\/2018\/01\/16\/a-anti-moro-por-se-basear-em-provas-juiza-que-decidiu-que-o-triplex-e-da-oas-nao-saira-no-jornal-nacional\/","title":{"rendered":"A anti Moro: por se basear em provas, ju\u00edza que decidiu que o triplex \u00e9 da OAS n\u00e3o sair\u00e1 no Jornal Nacional"},"content":{"rendered":"<figure id=\"attachment_195327\" class=\"wp-caption aligncenter\"><a href=\"http:\/\/www.diariodocentrodomundo.com.br\/a-anti-moro-por-se-basear-em-provas-juiza-que-decidiu-que-o-triplex-e-da-oas-nao-saira-no-jornal-nacional-por-kiko-nogueira\/registro-oficial-triplex-guaruja\/\" rel=\"attachment wp-att-195327\"><img data-recalc-dims=\"1\" loading=\"lazy\" decoding=\"async\" class=\"size-large wp-image-195327\" src=\"https:\/\/i0.wp.com\/www.diariodocentrodomundo.com.br\/wp-content\/uploads\/2018\/01\/registro-oficial-triplex-guaruja-600x227.jpg?resize=600%2C227\" sizes=\"auto, (max-width: 600px) 100vw, 600px\" srcset=\"http:\/\/www.diariodocentrodomundo.com.br\/wp-content\/uploads\/2018\/01\/registro-oficial-triplex-guaruja-600x227.jpg 600w, http:\/\/www.diariodocentrodomundo.com.br\/wp-content\/uploads\/2018\/01\/registro-oficial-triplex-guaruja-300x113.jpg 300w, http:\/\/www.diariodocentrodomundo.com.br\/wp-content\/uploads\/2018\/01\/registro-oficial-triplex-guaruja-768x290.jpg 768w, http:\/\/www.diariodocentrodomundo.com.br\/wp-content\/uploads\/2018\/01\/registro-oficial-triplex-guaruja-640x242.jpg 640w, http:\/\/www.diariodocentrodomundo.com.br\/wp-content\/uploads\/2018\/01\/registro-oficial-triplex-guaruja-681x257.jpg 681w, http:\/\/www.diariodocentrodomundo.com.br\/wp-content\/uploads\/2018\/01\/registro-oficial-triplex-guaruja-1021x387.jpg 1021w, http:\/\/www.diariodocentrodomundo.com.br\/wp-content\/uploads\/2018\/01\/registro-oficial-triplex-guaruja.jpg 1024w\" alt=\"\" width=\"600\" height=\"227\" data-attachment-id=\"195327\" data-permalink=\"http:\/\/www.diariodocentrodomundo.com.br\/a-anti-moro-por-se-basear-em-provas-juiza-que-decidiu-que-o-triplex-e-da-oas-nao-saira-no-jornal-nacional-por-kiko-nogueira\/registro-oficial-triplex-guaruja\/\" data-orig-file=\"http:\/\/www.diariodocentrodomundo.com.br\/wp-content\/uploads\/2018\/01\/registro-oficial-triplex-guaruja.jpg\" data-orig-size=\"1024,387\" data-comments-opened=\"1\" data-image-meta=\"{&quot;aperture&quot;:&quot;0&quot;,&quot;credit&quot;:&quot;&quot;,&quot;camera&quot;:&quot;&quot;,&quot;caption&quot;:&quot;&quot;,&quot;created_timestamp&quot;:&quot;0&quot;,&quot;copyright&quot;:&quot;&quot;,&quot;focal_length&quot;:&quot;0&quot;,&quot;iso&quot;:&quot;0&quot;,&quot;shutter_speed&quot;:&quot;0&quot;,&quot;title&quot;:&quot;&quot;,&quot;orientation&quot;:&quot;0&quot;}\" data-image-title=\"registro oficial triplex guaruja\" data-image-description=\"\" data-medium-file=\"http:\/\/www.diariodocentrodomundo.com.br\/wp-content\/uploads\/2018\/01\/registro-oficial-triplex-guaruja-300x113.jpg\" data-large-file=\"http:\/\/www.diariodocentrodomundo.com.br\/wp-content\/uploads\/2018\/01\/registro-oficial-triplex-guaruja-600x227.jpg\" \/><\/a><figcaption class=\"wp-caption-text\">Registro oficial do triplex do Guaruj\u00e1<\/figcaption><\/figure>\n<div id=\"execphp-67\" class=\"td_block_template_1 widget widget_execphp\"><\/div>\n<p class=\"p1\"><span class=\"s1\">No DCM, por Kiko Nogueira &#8211; T\u00e3o certo quanto, no Brasil, dois e dois s\u00e3o cinco, \u00e9 batata que voc\u00ea n\u00e3o ver\u00e1 a ju\u00edza Luciana Corr\u00eaa T\u00f4rres de Oliveira, da 2\u00aa Vara de Execu\u00e7\u00e3o de T\u00edtulos Extrajudiciais do Distrito Federal, no Jornal Nacional.<\/span><!--more--><\/p>\n<p class=\"p1\"><span class=\"s1\">Primeiro, porque Luciana fez algo que joga por terra a narrativa da criminaliza\u00e7\u00e3o antecipada de Lula no caso do famoso triplex.<\/span><\/p>\n<p class=\"p1\"><span class=\"s1\">Depois, Luciana \u00e9 o que se poderia chamar de anti Moro: discreta e profissional, segundo um jurista brasiliense que a conhece.<\/span><\/p>\n<div class=\"td-a-rec td-a-rec-id-content_inlineright  \"><\/div>\n<p class=\"p1\"><span class=\"s1\">Luciana determinou a penhora do Edif\u00edcio Salinas, no Condom\u00ednio Solaris, no Guaruj\u00e1, para saldar d\u00edvidas da OAS, como noticiou Mino Pedrosa em seu blog na \u00faltima sexta feira, dia 12.<\/span><\/p>\n<p class=\"p1\"><span class=\"s1\">Ao atender o pedido protocolado em julho de 2017, se respaldou no que a Lava Jato ignorou por motivos \u00f3bvios: o registro oficial da propriedade, aponta\u00a0<a href=\"http:\/\/marceloauler.com.br\/lula-prova-cabal-da-condenacao-sem-prova\/\">o jornalista Marcelo Auler.<\/a><\/span><\/p>\n<p class=\"p1\"><span class=\"s1\">Ou seja, ela cumpriu a lei com provas e n\u00e3o convic\u00e7\u00f5es, orientada por documentos, fatos e n\u00e3o uma tese pr\u00e9 estabelecida ou uma dela\u00e7\u00e3o premiada. E, importante: sem querer agradar uma imprensa amiga.<\/span><\/p>\n<p class=\"p1\"><span class=\"s1\">N\u00e3o h\u00e1 fotos dela no Google. N\u00e3o tem Facebook. Sem registro de palestras. Nenhum parente criou uma p\u00e1gina enaltecendo seus feitos.<\/span><\/p>\n<p class=\"p1\"><span class=\"s1\">Desde que sua decis\u00e3o veio \u00e0 tona, contradizendo a hist\u00f3ria que Sergio Moro quer emplacar com a ajuda dos suspeitos de sempre, Luciana n\u00e3o virou uma celebridade como seu colega de Curitiba, dando pitados sobre qualquer coisa.<\/span><\/p>\n<p class=\"p1\"><span class=\"s1\">\u00c9 o que se espera de algu\u00e9m nessa posi\u00e7\u00e3o.<\/span><\/p>\n<p class=\"p1\"><span class=\"s1\">A velha m\u00eddia n\u00e3o se interessou por ela. Se tivesse corroborado a argumenta\u00e7\u00e3o lavajateira, teria toda a GloboNews em seu encal\u00e7o.<\/span><\/p>\n<p class=\"p1\"><span class=\"s1\">Bastaria deixa a vaidade e o apetite pelos holofotes tomarem conta. Mas, para tanto, teria que passar por cima do estado de direito \u2014 e da democracia.<\/span><\/p>\n<p class=\"p1\"><span class=\"s1\">\u00c0 sua maneira, observando o decoro, sem transformar seu of\u00edcio em palanque, sem politizar o judici\u00e1rio, apenas, enfim, fazendo o que tinha que fazer, Luciana Corr\u00eaa T\u00f4rres de Oliveira entrou para a hist\u00f3ria.<\/span><\/p>\n<figure id=\"attachment_195327\" class=\"wp-caption aligncenter\">\u00a0<\/figure>\n","protected":false},"excerpt":{"rendered":"<p>Registro oficial do triplex do Guaruj\u00e1 No DCM, por Kiko Nogueira &#8211; T\u00e3o certo quanto, no Brasil, dois e dois s\u00e3o cinco, \u00e9 batata que voc\u00ea n\u00e3o ver\u00e1 a ju\u00edza Luciana Corr\u00eaa T\u00f4rres de Oliveira, da 2\u00aa Vara de Execu\u00e7\u00e3o de T\u00edtulos Extrajudiciais do Distrito Federal, no Jornal Nacional.<\/p>\n","protected":false},"author":1,"featured_media":0,"comment_status":"closed","ping_status":"open","sticky":false,"template":"","format":"standard","meta":{"_exactmetrics_skip_tracking":false,"_exactmetrics_sitenote_active":false,"_exactmetrics_sitenote_note":"","_exactmetrics_sitenote_category":0,"jetpack_post_was_ever_published":false,"_jetpack_newsletter_access":"","_jetpack_dont_email_post_to_subs":false,"_jetpack_newsletter_tier_id":0,"_jetpack_memberships_contains_paywalled_content":false,"_jetpack_memberships_contains_paid_content":false,"footnotes":"","jetpack_publicize_message":"","jetpack_publicize_feature_enabled":true,"jetpack_social_post_already_shared":true,"jetpack_social_options":{"image_generator_settings":{"template":"highway","enabled":false},"version":2}},"categories":[1],"tags":[],"class_list":["post-16128","post","type-post","status-publish","format-standard","hentry","category-notas"],"jetpack_publicize_connections":[],"jetpack_sharing_enabled":true,"jetpack_featured_media_url":"","jetpack_shortlink":"https:\/\/wp.me\/p7wKYW-4c8","jetpack-related-posts":[],"_links":{"self":[{"href":"http:\/\/blogdalucianaoliveira.com.br\/blog\/wp-json\/wp\/v2\/posts\/16128","targetHints":{"allow":["GET"]}}],"collection":[{"href":"http:\/\/blogdalucianaoliveira.com.br\/blog\/wp-json\/wp\/v2\/posts"}],"about":[{"href":"http:\/\/blogdalucianaoliveira.com.br\/blog\/wp-json\/wp\/v2\/types\/post"}],"author":[{"embeddable":true,"href":"http:\/\/blogdalucianaoliveira.com.br\/blog\/wp-json\/wp\/v2\/users\/1"}],"replies":[{"embeddable":true,"href":"http:\/\/blogdalucianaoliveira.com.br\/blog\/wp-json\/wp\/v2\/comments?post=16128"}],"version-history":[{"count":1,"href":"http:\/\/blogdalucianaoliveira.com.br\/blog\/wp-json\/wp\/v2\/posts\/16128\/revisions"}],"predecessor-version":[{"id":16129,"href":"http:\/\/blogdalucianaoliveira.com.br\/blog\/wp-json\/wp\/v2\/posts\/16128\/revisions\/16129"}],"wp:attachment":[{"href":"http:\/\/blogdalucianaoliveira.com.br\/blog\/wp-json\/wp\/v2\/media?parent=16128"}],"wp:term":[{"taxonomy":"category","embeddable":true,"href":"http:\/\/blogdalucianaoliveira.com.br\/blog\/wp-json\/wp\/v2\/categories?post=16128"},{"taxonomy":"post_tag","embeddable":true,"href":"http:\/\/blogdalucianaoliveira.com.br\/blog\/wp-json\/wp\/v2\/tags?post=16128"}],"curies":[{"name":"wp","href":"https:\/\/api.w.org\/{rel}","templated":true}]}}