{"id":16134,"date":"2018-01-17T17:38:51","date_gmt":"2018-01-17T21:38:51","guid":{"rendered":"http:\/\/blogdalucianaoliveira.com.br\/blog\/?p=16134"},"modified":"2018-01-17T17:38:51","modified_gmt":"2018-01-17T21:38:51","slug":"ta-na-cara-derzie-homem-de-temer-substituiu-geddel-no-esquema-da-cef","status":"publish","type":"post","link":"http:\/\/blogdalucianaoliveira.com.br\/blog\/2018\/01\/17\/ta-na-cara-derzie-homem-de-temer-substituiu-geddel-no-esquema-da-cef\/","title":{"rendered":"T\u00e1 na cara: Derzi\u00ea, homem de Temer, substituiu Geddel no esquema da CEF"},"content":{"rendered":"<p><img data-recalc-dims=\"1\" loading=\"lazy\" decoding=\"async\" data-attachment-id=\"16135\" data-permalink=\"http:\/\/blogdalucianaoliveira.com.br\/blog\/2018\/01\/17\/ta-na-cara-derzie-homem-de-temer-substituiu-geddel-no-esquema-da-cef\/cara-5\/\" data-orig-file=\"https:\/\/i0.wp.com\/blogdalucianaoliveira.com.br\/blog\/wp-content\/uploads\/2018\/01\/cara.jpg?fit=490%2C280\" data-orig-size=\"490,280\" data-comments-opened=\"0\" data-image-meta=\"{&quot;aperture&quot;:&quot;0&quot;,&quot;credit&quot;:&quot;&quot;,&quot;camera&quot;:&quot;&quot;,&quot;caption&quot;:&quot;&quot;,&quot;created_timestamp&quot;:&quot;0&quot;,&quot;copyright&quot;:&quot;&quot;,&quot;focal_length&quot;:&quot;0&quot;,&quot;iso&quot;:&quot;0&quot;,&quot;shutter_speed&quot;:&quot;0&quot;,&quot;title&quot;:&quot;&quot;,&quot;orientation&quot;:&quot;0&quot;}\" data-image-title=\"cara\" data-image-description=\"\" data-image-caption=\"\" data-medium-file=\"https:\/\/i0.wp.com\/blogdalucianaoliveira.com.br\/blog\/wp-content\/uploads\/2018\/01\/cara.jpg?fit=300%2C171\" data-large-file=\"https:\/\/i0.wp.com\/blogdalucianaoliveira.com.br\/blog\/wp-content\/uploads\/2018\/01\/cara.jpg?fit=490%2C280\" src=\"https:\/\/i0.wp.com\/blogdalucianaoliveira.com.br\/blog\/wp-content\/uploads\/2018\/01\/cara.jpg?resize=490%2C280\" alt=\"cara\" width=\"490\" height=\"280\" class=\"alignnone size-full wp-image-16135\" srcset=\"https:\/\/i0.wp.com\/blogdalucianaoliveira.com.br\/blog\/wp-content\/uploads\/2018\/01\/cara.jpg?w=490 490w, https:\/\/i0.wp.com\/blogdalucianaoliveira.com.br\/blog\/wp-content\/uploads\/2018\/01\/cara.jpg?resize=300%2C171 300w\" sizes=\"auto, (max-width: 490px) 100vw, 490px\" \/><\/p>\n<p>No 247, por Tereza Cruvinel &#8211; O governo Temer \u00e9 um campo minado. Onde cavar, sai \u00e1gua podre. Roberto Derzi\u00ea Santana, um dos quatro vice-presidentes da CEF que relutou em afastar e s\u00f3 o fez temporariamente, em claro movimento de autoprote\u00e7\u00e3o, \u00e9 homem de sua proximidade e confian\u00e7a. Os afastados s\u00e3o suspeitos de corrup\u00e7\u00e3o e de repassar, a Temer e ao ministro Moreira Franco, informa\u00e7\u00f5es sobre opera\u00e7\u00f5es financeiras sigilosas. <!--more--><\/p>\n<p>Depois de ter sido diretor-executivo de Pessoa Jur\u00eddica da Caixa, entre 2011 e 2013, Derzi\u00ea foi nomeado secret\u00e1rio-executivo da Secretaria de Rela\u00e7\u00f5es Institucionais (SRI) da Presid\u00eancia, em 2015, quando Temer, ainda vice de Dilma, assumiu a pasta para exercer a coordena\u00e7\u00e3o pol\u00edtica do governo. Depois do golpe, voltou para a CEF. A nova investiga\u00e7\u00e3o em curso na CEF sugere que Derzi\u00ea passou a fazer o papel antes desempenhado por Geddel Vieira Lima, que  informava Eduardo Cunha dos pleitos de empres\u00e1rios que seriam achacados e lhes pagariam propinas.<\/p>\n<p>Este esquema foi deslindado pela Opera\u00e7\u00e3o \u201cCui Bono?\u201d, deflagrada em 13 de janeiro do ano passado, a partir de registros encontrados no celular de Cunha durante a Opera\u00e7\u00e3o Catilin\u00e1rias, de 2015.<\/p>\n<p>A Cui Bono? mirou Geddel, Cunha, Lucio Funaro, Cleto Falc\u00e3o e, ainda de rasp\u00e3o naquela \u00e9poca, Derzi\u00ea. O Minist\u00e9rio P\u00fablico concluiu que eles desviaram, \u201cde forma reiterada, recursos p\u00fablicos a fim de se beneficiarem, por  meio do recebimento de vantagens il\u00edcitas\u201d das empresas para quem facilitavam a libera\u00e7\u00e3o de empr\u00e9stimos, atrav\u00e9s do FI-FGTS e de outras linhas de cr\u00e9dito.  Mais tarde, Cleto e Funaro confirmariam o esquema em suas dela\u00e7\u00f5es.<\/p>\n<p>Na opera\u00e7\u00e3o, a PF encontrou papeis e registros eletr\u00f4nicos em que Geddel e Cunha discutiam os pleitos financeiros das empresas, taxas de juro, prazos e valores das opera\u00e7\u00f5es, bem como provid\u00eancias para atend\u00ea-las. Uma lista apreendida, denominada \u201cPipe Line Geddel\u201d, fazia refer\u00eancias a empresas como Eldorado, Flora, Vigor, Bertin e J&#038;F. Em outro papel, chamado de \u201cPend\u00eancia Geddel\u201d, foram listadas opera\u00e7\u00f5es de cr\u00e9dito  envolvendo a J&#038;F, a Hypermarcas e a Gol. Outro favorecido foi Eike Batista. As propinas eram pagas tanto em contas na Su\u00ed\u00e7a como em dinheiro vivo e tamb\u00e9m para empresas do operador L\u00facio Funaro. Numa tronca de mensagens por telefone, Geddel relata a Cunha as pend\u00eancias do grupo J&#038;F com o FI-FGTS e avisa: \u201cFala p regularizar la\u201d. Em outra mensagem, Cunha aciona Geddel em rela\u00e7\u00e3o ao pleito do Grupo Bertin: \u201cPrecisa ver no assunto da bertin a carta de conforto com os termos que necessita\u201d.<\/p>\n<p>Agora, Investiga\u00e7\u00e3o independente conduzida pelo escrit\u00f3rio Pinheiro Neto encontrou ind\u00edcios de que  Derzi\u00ea Sant&#8217;Anna fornecia informa\u00e7\u00f5es sobre opera\u00e7\u00f5es em tr\u00e2mite no banco a Temer e a  Moreira Franco, ou a pedidos dos dois. O resultado da apura\u00e7\u00e3o foi remetido ao Comit\u00ea Independente da Caixa e ao Minist\u00e9rio P\u00fablico Federal (MPF), dando origem ao pedido de afastamento dos vice-presidentes, endossado pelo MPF e pelo Banco Central.  Temer relutou o quanto p\u00f4de e s\u00f3 ontem, depois que o MPF advertiu que ele poder\u00e1 ser responsabilizado por  il\u00edcitos que venham a ser comprovados, afastou temporariamente quatro vices, inclusive o de Governo, que \u00e9 Derzi\u00ea. Os outros s\u00e3o Deusdina dos Reis Pereira (Fundos de Governo e Loterias),  Ant\u00f4nio Carlos Ferreira (\u00e1rea Corporativa) e Jos\u00e9 Henrique Marques da Cruz, chefe da \u00e1rea de Clientes, Neg\u00f3cios e Transforma\u00e7\u00e3o Digital.  Temer, como sempre, trata de blindar os agentes do esquema do PMDB e de evitar atritos com os outros partidos aliados que tamb\u00e9m fizeram indica\u00e7\u00f5es.<\/p>\n<p>Moreira Franco declarou nesta quarta-feira, 17, que se algum dia pediu alguma informa\u00e7\u00e3o a Derzi\u00ea, foi dentro do contexto funcional. Ocorre que um vice-presidente da CEF n\u00e3o tem qualquer rela\u00e7\u00e3o funcional com o ministro-chefe da Secretaria de Governo. Seu superior hier\u00e1rquico \u00e9 o ministro da Fazenda.<\/p>\n<p>O Conselho de Administra\u00e7\u00e3o da CEF n\u00e3o se contentou com o afastamento provis\u00f3rio, por apenas 15 dias,  determinado por Temer. Quer o afastamento definitivo dos quatro, para evitar danos maiores \u00e0 imagem do banco. Gilberto Occhi, presidente da CEF, informou que em breve ser\u00e1 aprovado o novo estatuto da institui\u00e7\u00e3o, estabelecendo, entre outras regras, que os vice-presidentes deixar\u00e3o de ser nomeados pelo presidente da Rep\u00fablico, passando a serem aprovados pelo Conselho. Se ao propor a Lei das Estatais, Temer tivesse buscado mesmo a moraliza\u00e7\u00e3o, nela teria inclu\u00eddo esta norma.<\/p>\n<p>O que parece claro \u00e9 que o esquema investigado pela Cui Bono? prosseguiu. Se as investiga\u00e7\u00f5es se aprofundarem, o novo esc\u00e2ndalo pode alcan\u00e7ar o Pal\u00e1cio do Planalto e talvez at\u00e9 gerar uma nova den\u00fancia.<\/p>\n","protected":false},"excerpt":{"rendered":"<p>No 247, por Tereza Cruvinel &#8211; O governo Temer \u00e9 um campo minado. Onde cavar, sai \u00e1gua podre. Roberto Derzi\u00ea Santana, um dos quatro vice-presidentes da CEF que relutou em afastar e s\u00f3 o fez temporariamente, em claro movimento de autoprote\u00e7\u00e3o, \u00e9 homem de sua proximidade e confian\u00e7a. Os afastados s\u00e3o suspeitos de corrup\u00e7\u00e3o e&#8230;<a class=\"more-link\" href=\"http:\/\/blogdalucianaoliveira.com.br\/blog\/2018\/01\/17\/ta-na-cara-derzie-homem-de-temer-substituiu-geddel-no-esquema-da-cef\/\">Continue a leitura <span class=\"meta-nav\">&raquo;<\/span><\/a><\/p>\n","protected":false},"author":1,"featured_media":0,"comment_status":"closed","ping_status":"open","sticky":false,"template":"","format":"standard","meta":{"_exactmetrics_skip_tracking":false,"_exactmetrics_sitenote_active":false,"_exactmetrics_sitenote_note":"","_exactmetrics_sitenote_category":0,"jetpack_post_was_ever_published":false,"_jetpack_newsletter_access":"","_jetpack_dont_email_post_to_subs":false,"_jetpack_newsletter_tier_id":0,"_jetpack_memberships_contains_paywalled_content":false,"_jetpack_memberships_contains_paid_content":false,"footnotes":"","jetpack_publicize_message":"","jetpack_publicize_feature_enabled":true,"jetpack_social_post_already_shared":true,"jetpack_social_options":{"image_generator_settings":{"template":"highway","enabled":false},"version":2}},"categories":[1],"tags":[],"class_list":["post-16134","post","type-post","status-publish","format-standard","hentry","category-notas"],"jetpack_publicize_connections":[],"jetpack_sharing_enabled":true,"jetpack_featured_media_url":"","jetpack_shortlink":"https:\/\/wp.me\/p7wKYW-4ce","jetpack-related-posts":[],"_links":{"self":[{"href":"http:\/\/blogdalucianaoliveira.com.br\/blog\/wp-json\/wp\/v2\/posts\/16134","targetHints":{"allow":["GET"]}}],"collection":[{"href":"http:\/\/blogdalucianaoliveira.com.br\/blog\/wp-json\/wp\/v2\/posts"}],"about":[{"href":"http:\/\/blogdalucianaoliveira.com.br\/blog\/wp-json\/wp\/v2\/types\/post"}],"author":[{"embeddable":true,"href":"http:\/\/blogdalucianaoliveira.com.br\/blog\/wp-json\/wp\/v2\/users\/1"}],"replies":[{"embeddable":true,"href":"http:\/\/blogdalucianaoliveira.com.br\/blog\/wp-json\/wp\/v2\/comments?post=16134"}],"version-history":[{"count":1,"href":"http:\/\/blogdalucianaoliveira.com.br\/blog\/wp-json\/wp\/v2\/posts\/16134\/revisions"}],"predecessor-version":[{"id":16136,"href":"http:\/\/blogdalucianaoliveira.com.br\/blog\/wp-json\/wp\/v2\/posts\/16134\/revisions\/16136"}],"wp:attachment":[{"href":"http:\/\/blogdalucianaoliveira.com.br\/blog\/wp-json\/wp\/v2\/media?parent=16134"}],"wp:term":[{"taxonomy":"category","embeddable":true,"href":"http:\/\/blogdalucianaoliveira.com.br\/blog\/wp-json\/wp\/v2\/categories?post=16134"},{"taxonomy":"post_tag","embeddable":true,"href":"http:\/\/blogdalucianaoliveira.com.br\/blog\/wp-json\/wp\/v2\/tags?post=16134"}],"curies":[{"name":"wp","href":"https:\/\/api.w.org\/{rel}","templated":true}]}}