{"id":16142,"date":"2018-01-18T11:21:35","date_gmt":"2018-01-18T15:21:35","guid":{"rendered":"http:\/\/blogdalucianaoliveira.com.br\/blog\/?p=16142"},"modified":"2018-01-18T11:21:35","modified_gmt":"2018-01-18T15:21:35","slug":"o-lado-certo-da-historia","status":"publish","type":"post","link":"http:\/\/blogdalucianaoliveira.com.br\/blog\/2018\/01\/18\/o-lado-certo-da-historia\/","title":{"rendered":"O lado certo da Hist\u00f3ria"},"content":{"rendered":"<p><img data-recalc-dims=\"1\" loading=\"lazy\" decoding=\"async\" data-attachment-id=\"16143\" data-permalink=\"http:\/\/blogdalucianaoliveira.com.br\/blog\/2018\/01\/18\/o-lado-certo-da-historia\/bou\/\" data-orig-file=\"https:\/\/i0.wp.com\/blogdalucianaoliveira.com.br\/blog\/wp-content\/uploads\/2018\/01\/bou.jpg?fit=490%2C280\" data-orig-size=\"490,280\" data-comments-opened=\"0\" data-image-meta=\"{&quot;aperture&quot;:&quot;0&quot;,&quot;credit&quot;:&quot;&quot;,&quot;camera&quot;:&quot;&quot;,&quot;caption&quot;:&quot;&quot;,&quot;created_timestamp&quot;:&quot;0&quot;,&quot;copyright&quot;:&quot;&quot;,&quot;focal_length&quot;:&quot;0&quot;,&quot;iso&quot;:&quot;0&quot;,&quot;shutter_speed&quot;:&quot;0&quot;,&quot;title&quot;:&quot;&quot;,&quot;orientation&quot;:&quot;0&quot;}\" data-image-title=\"bou\" data-image-description=\"\" data-image-caption=\"\" data-medium-file=\"https:\/\/i0.wp.com\/blogdalucianaoliveira.com.br\/blog\/wp-content\/uploads\/2018\/01\/bou.jpg?fit=300%2C171\" data-large-file=\"https:\/\/i0.wp.com\/blogdalucianaoliveira.com.br\/blog\/wp-content\/uploads\/2018\/01\/bou.jpg?fit=490%2C280\" src=\"https:\/\/i0.wp.com\/blogdalucianaoliveira.com.br\/blog\/wp-content\/uploads\/2018\/01\/bou.jpg?resize=490%2C280\" alt=\"bou\" width=\"490\" height=\"280\" class=\"alignnone size-full wp-image-16143\" srcset=\"https:\/\/i0.wp.com\/blogdalucianaoliveira.com.br\/blog\/wp-content\/uploads\/2018\/01\/bou.jpg?w=490 490w, https:\/\/i0.wp.com\/blogdalucianaoliveira.com.br\/blog\/wp-content\/uploads\/2018\/01\/bou.jpg?resize=300%2C171 300w\" sizes=\"auto, (max-width: 490px) 100vw, 490px\" \/><\/p>\n<p>No 247, por Guilherme Boulos &#8211; No pr\u00f3ximo dia 24 os desembargadores do TRF da 4\u00aa Regi\u00e3o poder\u00e3o chancelar ou interromper uma farsa judicial. Mais que isso, estar\u00e1 em jogo uma importante encruzilhada para a democracia brasileira. O ex-presidente Lula foi condenado em primeira inst\u00e2ncia por Sergio Moro apenas com base em dela\u00e7\u00f5es e powerpoints, sem nenhuma prova material. Uma decis\u00e3o visivelmente pol\u00edtica, vinda de um juiz que gargalhou em convescotes com tucanos e vazou ilegalmente \u00e0 imprensa \u00e1udios envolvendo a presidenta da Rep\u00fablica.<!--more--><\/p>\n<p>Moro demonstrou em v\u00e1rias ocasi\u00f5es n\u00e3o ter qualquer isen\u00e7\u00e3o para julgar Lula. No entanto, sua posi\u00e7\u00e3o foi saudada de maneira bizarra por Carlos Thompson Flores, ningu\u00e9m menos que presidente do TRF 4, que disse \u00e0 imprensa: &#8220;n\u00e3o li a prova dos autos, mas o juiz Moro fez exame minucioso e irretoc\u00e1vel da prova dos autos&#8221;. Ou seja, n\u00e3o li, mas gostei. Flores colocou-se como parte, sem sequer ter lido, jogando \u00e0s favas qualquer isen\u00e7\u00e3o que possa ter no caso e colocando sob suspeita o julgamento na corte que preside.<\/p>\n<p>Para completar, o Tribunal optou por atropelar todos os ritos e prazos para antecipar o julgamento e acelerar uma poss\u00edvel condena\u00e7\u00e3o. Mais uma prova de casu\u00edsmo e ativismo pol\u00edtico de setores do Judici\u00e1rio, subordinando o calend\u00e1rio do processo a um gritante objetivo eleitoral. E h\u00e1 ainda os que querem que o povo assista em sil\u00eancio: o prefeito Marchezan (PSDB) solicitou o ex\u00e9rcito para &#8220;garantir a ordem&#8221;. Ordem sem justi\u00e7a \u00e9 outro nome para ditadura.<\/p>\n<p>Por todos esses motivos, \u00e9 necess\u00e1rio denunciar o abuso e a arbitrariedade no julgamento de Lula. Isso n\u00e3o significa ser favor\u00e1vel a seu programa de governo. Nem tampouco deixar de ter cr\u00edticas ao ex-presidente e suas op\u00e7\u00f5es pol\u00edticas. Significa simplesmente se opor a uma condena\u00e7\u00e3o injusta e a que o Judici\u00e1rio defina as elei\u00e7\u00f5es no tapet\u00e3o. Quando a Justi\u00e7a vira um partido pol\u00edtico, seus aliados s\u00e3o inocentes e seus inimigos culpados, n\u00e3o importam as provas.<\/p>\n<p>Assim, \u00e9 dever de todos os que defendem a democracia tomarem posi\u00e7\u00e3o contra este arb\u00edtrio, independente de diferen\u00e7as pol\u00edticas. Defender Lula na batalha do dia 24 \u00e9 estar do lado certo da Hist\u00f3ria.<\/p>\n","protected":false},"excerpt":{"rendered":"<p>No 247, por Guilherme Boulos &#8211; No pr\u00f3ximo dia 24 os desembargadores do TRF da 4\u00aa Regi\u00e3o poder\u00e3o chancelar ou interromper uma farsa judicial. Mais que isso, estar\u00e1 em jogo uma importante encruzilhada para a democracia brasileira. O ex-presidente Lula foi condenado em primeira inst\u00e2ncia por Sergio Moro apenas com base em dela\u00e7\u00f5es e powerpoints,&#8230;<a class=\"more-link\" href=\"http:\/\/blogdalucianaoliveira.com.br\/blog\/2018\/01\/18\/o-lado-certo-da-historia\/\">Continue a leitura <span class=\"meta-nav\">&raquo;<\/span><\/a><\/p>\n","protected":false},"author":1,"featured_media":0,"comment_status":"closed","ping_status":"open","sticky":false,"template":"","format":"standard","meta":{"_exactmetrics_skip_tracking":false,"_exactmetrics_sitenote_active":false,"_exactmetrics_sitenote_note":"","_exactmetrics_sitenote_category":0,"jetpack_post_was_ever_published":false,"_jetpack_newsletter_access":"","_jetpack_dont_email_post_to_subs":false,"_jetpack_newsletter_tier_id":0,"_jetpack_memberships_contains_paywalled_content":false,"_jetpack_memberships_contains_paid_content":false,"footnotes":"","jetpack_publicize_message":"","jetpack_publicize_feature_enabled":true,"jetpack_social_post_already_shared":true,"jetpack_social_options":{"image_generator_settings":{"template":"highway","enabled":false},"version":2}},"categories":[1],"tags":[],"class_list":["post-16142","post","type-post","status-publish","format-standard","hentry","category-notas"],"jetpack_publicize_connections":[],"jetpack_sharing_enabled":true,"jetpack_featured_media_url":"","jetpack_shortlink":"https:\/\/wp.me\/p7wKYW-4cm","jetpack-related-posts":[],"_links":{"self":[{"href":"http:\/\/blogdalucianaoliveira.com.br\/blog\/wp-json\/wp\/v2\/posts\/16142","targetHints":{"allow":["GET"]}}],"collection":[{"href":"http:\/\/blogdalucianaoliveira.com.br\/blog\/wp-json\/wp\/v2\/posts"}],"about":[{"href":"http:\/\/blogdalucianaoliveira.com.br\/blog\/wp-json\/wp\/v2\/types\/post"}],"author":[{"embeddable":true,"href":"http:\/\/blogdalucianaoliveira.com.br\/blog\/wp-json\/wp\/v2\/users\/1"}],"replies":[{"embeddable":true,"href":"http:\/\/blogdalucianaoliveira.com.br\/blog\/wp-json\/wp\/v2\/comments?post=16142"}],"version-history":[{"count":1,"href":"http:\/\/blogdalucianaoliveira.com.br\/blog\/wp-json\/wp\/v2\/posts\/16142\/revisions"}],"predecessor-version":[{"id":16144,"href":"http:\/\/blogdalucianaoliveira.com.br\/blog\/wp-json\/wp\/v2\/posts\/16142\/revisions\/16144"}],"wp:attachment":[{"href":"http:\/\/blogdalucianaoliveira.com.br\/blog\/wp-json\/wp\/v2\/media?parent=16142"}],"wp:term":[{"taxonomy":"category","embeddable":true,"href":"http:\/\/blogdalucianaoliveira.com.br\/blog\/wp-json\/wp\/v2\/categories?post=16142"},{"taxonomy":"post_tag","embeddable":true,"href":"http:\/\/blogdalucianaoliveira.com.br\/blog\/wp-json\/wp\/v2\/tags?post=16142"}],"curies":[{"name":"wp","href":"https:\/\/api.w.org\/{rel}","templated":true}]}}