{"id":16160,"date":"2018-01-18T18:27:58","date_gmt":"2018-01-18T22:27:58","guid":{"rendered":"http:\/\/blogdalucianaoliveira.com.br\/blog\/?p=16160"},"modified":"2018-01-18T18:30:19","modified_gmt":"2018-01-18T22:30:19","slug":"human-rights-watch-denuncia-violencia-policial-segue-sem-freios-no-brasil","status":"publish","type":"post","link":"http:\/\/blogdalucianaoliveira.com.br\/blog\/2018\/01\/18\/human-rights-watch-denuncia-violencia-policial-segue-sem-freios-no-brasil\/","title":{"rendered":"Human Rights Watch denuncia: viol\u00eancia policial segue sem freios no Brasil"},"content":{"rendered":"<p><img data-recalc-dims=\"1\" loading=\"lazy\" decoding=\"async\" data-attachment-id=\"16163\" data-permalink=\"http:\/\/blogdalucianaoliveira.com.br\/blog\/2018\/01\/18\/human-rights-watch-denuncia-violencia-policial-segue-sem-freios-no-brasil\/prisao-2\/\" data-orig-file=\"https:\/\/i0.wp.com\/blogdalucianaoliveira.com.br\/blog\/wp-content\/uploads\/2018\/01\/Pris%C3%A3o.jpg?fit=1600%2C1061\" data-orig-size=\"1600,1061\" data-comments-opened=\"0\" data-image-meta=\"{&quot;aperture&quot;:&quot;0&quot;,&quot;credit&quot;:&quot;&quot;,&quot;camera&quot;:&quot;&quot;,&quot;caption&quot;:&quot;&quot;,&quot;created_timestamp&quot;:&quot;0&quot;,&quot;copyright&quot;:&quot;&quot;,&quot;focal_length&quot;:&quot;0&quot;,&quot;iso&quot;:&quot;0&quot;,&quot;shutter_speed&quot;:&quot;0&quot;,&quot;title&quot;:&quot;&quot;,&quot;orientation&quot;:&quot;0&quot;}\" data-image-title=\"Pris\u00e3o\" data-image-description=\"\" data-image-caption=\"\" data-medium-file=\"https:\/\/i0.wp.com\/blogdalucianaoliveira.com.br\/blog\/wp-content\/uploads\/2018\/01\/Pris%C3%A3o.jpg?fit=300%2C199\" data-large-file=\"https:\/\/i0.wp.com\/blogdalucianaoliveira.com.br\/blog\/wp-content\/uploads\/2018\/01\/Pris%C3%A3o.jpg?fit=600%2C398\" src=\"https:\/\/i0.wp.com\/blogdalucianaoliveira.com.br\/blog\/wp-content\/uploads\/2018\/01\/Pris%C3%A3o.jpg?resize=600%2C398\" alt=\"Pris\u00e3o\" width=\"600\" height=\"398\" class=\"alignnone size-full wp-image-16163\" srcset=\"https:\/\/i0.wp.com\/blogdalucianaoliveira.com.br\/blog\/wp-content\/uploads\/2018\/01\/Pris%C3%A3o.jpg?w=1600 1600w, https:\/\/i0.wp.com\/blogdalucianaoliveira.com.br\/blog\/wp-content\/uploads\/2018\/01\/Pris%C3%A3o.jpg?resize=300%2C199 300w, https:\/\/i0.wp.com\/blogdalucianaoliveira.com.br\/blog\/wp-content\/uploads\/2018\/01\/Pris%C3%A3o.jpg?resize=768%2C509 768w, https:\/\/i0.wp.com\/blogdalucianaoliveira.com.br\/blog\/wp-content\/uploads\/2018\/01\/Pris%C3%A3o.jpg?resize=1024%2C679 1024w, https:\/\/i0.wp.com\/blogdalucianaoliveira.com.br\/blog\/wp-content\/uploads\/2018\/01\/Pris%C3%A3o.jpg?resize=452%2C300 452w, https:\/\/i0.wp.com\/blogdalucianaoliveira.com.br\/blog\/wp-content\/uploads\/2018\/01\/Pris%C3%A3o.jpg?w=1200 1200w\" sizes=\"auto, (max-width: 600px) 100vw, 600px\" \/><\/p>\n<p>Segundo a organiza\u00e7\u00e3o, situa\u00e7\u00e3o \u201ccoloca em risco a vida de outros policiais, que ficam sujeitos \u00e0 retalia\u00e7\u00e3o pelos violentos abusos dos colegas, e acabam por aumentar a viol\u00eancia durante confrontos com suspeitos\u201d.<!--more--><\/p>\n<p>Na Revista F\u00f3rum &#8211; A organiza\u00e7\u00e3o Human Rights Watch (HRW) divulgou nesta quinta-feira (18) um relat\u00f3rio, apontando que as mortes cometidas por policiais brasileiros e a viol\u00eancia dom\u00e9stica generalizada continuam sendo problemas cr\u00f4nicos do Brasil. A entidade denuncia pelo segundo ano consecutivo as execu\u00e7\u00f5es extrajudiciais no Pa\u00eds, o que, segundo ela, \u201ccolocam em risco a vida de outros policiais que ficam sujeitos \u00e0 retalia\u00e7\u00e3o pelos violentos abusos dos colegas, e acabam por aumentar a viol\u00eancia durante confrontos com suspeitos\u201d. De acordo com o F\u00f3rum Brasileiro de Seguran\u00e7a P\u00fablica, 437 policiais foram mortos no Brasil em 2016, a grande maioria fora do hor\u00e1rio de servi\u00e7o. No mesmo ano, 4.424 pessoas foram mortas por policiais no Pa\u00eds, um aumento de 26% em rela\u00e7\u00e3o ao ano anterior. A HRW defende que medidas decisivas sejam tomadas para conter a viol\u00eancia policial.<\/p>\n<p>Tamb\u00e9m foi destacada a superlota\u00e7\u00e3o das pris\u00f5es, que operavam com 197% de sua capacidade, segundo dados de 2016, do Departamento Penitenci\u00e1rio Nacional do Minist\u00e9rio da Justi\u00e7a. A HRW citou os casos de mortes de detentos em penitenci\u00e1rias no ano passado, que deixaram 120 mortos somente em janeiro. Al\u00e9m da superlota\u00e7\u00e3o, milhares de presos levam meses at\u00e9 participarem de uma audi\u00eancia de cust\u00f3dia. Em 2016, 40% dos detentos ainda aguardavam julgamento.<\/p>\n<p>Relat\u00f3rio tamb\u00e9m destacou a viol\u00eancia contra a mulher e chamou a aten\u00e7\u00e3o para o aborto legal. Atualmente, o aborto s\u00f3 \u00e9 permitido no Brasil em casos de estupro, para salvar a vida da m\u00e3e ou quando o feto tem anencefalia. A organiza\u00e7\u00e3o acrescentou que a Lei Maria da Penha tem sua implementa\u00e7\u00e3o incompleta, com delegacias especializadas sem recursos suficientes e os casos frequentemente impunes.<\/p>\n<p>Em rela\u00e7\u00e3o ao cumprimento dos direitos das crian\u00e7as, a organiza\u00e7\u00e3o aponta a superlota\u00e7\u00e3o dos centros socioeducativos no Brasil, que abrigavam 24 mil internos em outubro de 2016, quando a capacidade era de 19,4 mil. A entidade informou que esses dados n\u00e3o incluem informa\u00e7\u00f5es de seis estados, que n\u00e3o constavam na base de dados do governo federal. Entre os casos lembrados, est\u00e3o os nove adolescentes mortos, em junho, por outros jovens em centros socioeducativos da Para\u00edba e de Pernambuco.<\/p>\n<p>A viol\u00eancia contra ativistas rurais e l\u00edderes ind\u00edgenas envolvidos em conflitos de terra aumentou. Em 2016, 61 pessoas envolvidas em conflitos de terra foram mortas de forma violenta \u2013 o maior n\u00famero anual desde 2003 \u2013 e, de janeiro a outubro de 2017, 64 foram mortas, de acordo com a Comiss\u00e3o Pastoral da Terra da Igreja Cat\u00f3lica.<\/p>\n<p>*Com informa\u00e7\u00f5es do Brasil 247 e do Deutsche Wele<\/p>\n<p>Foto: Minist\u00e9rio P\u00fablico\/Divulga\u00e7\u00e3o<\/p>\n","protected":false},"excerpt":{"rendered":"<p>Segundo a organiza\u00e7\u00e3o, situa\u00e7\u00e3o \u201ccoloca em risco a vida de outros policiais, que ficam sujeitos \u00e0 retalia\u00e7\u00e3o pelos violentos abusos dos colegas, e acabam por aumentar a viol\u00eancia durante confrontos com suspeitos\u201d.<\/p>\n","protected":false},"author":1,"featured_media":16163,"comment_status":"closed","ping_status":"open","sticky":false,"template":"","format":"standard","meta":{"_exactmetrics_skip_tracking":false,"_exactmetrics_sitenote_active":false,"_exactmetrics_sitenote_note":"","_exactmetrics_sitenote_category":0,"jetpack_post_was_ever_published":false,"_jetpack_newsletter_access":"","_jetpack_dont_email_post_to_subs":false,"_jetpack_newsletter_tier_id":0,"_jetpack_memberships_contains_paywalled_content":false,"_jetpack_memberships_contains_paid_content":false,"footnotes":"","jetpack_publicize_message":"","jetpack_publicize_feature_enabled":true,"jetpack_social_post_already_shared":true,"jetpack_social_options":{"image_generator_settings":{"template":"highway","enabled":false},"version":2}},"categories":[1],"tags":[],"class_list":["post-16160","post","type-post","status-publish","format-standard","has-post-thumbnail","hentry","category-notas"],"jetpack_publicize_connections":[],"jetpack_sharing_enabled":true,"jetpack_featured_media_url":"https:\/\/i0.wp.com\/blogdalucianaoliveira.com.br\/blog\/wp-content\/uploads\/2018\/01\/Pris%C3%A3o.jpg?fit=1600%2C1061","jetpack_shortlink":"https:\/\/wp.me\/p7wKYW-4cE","jetpack-related-posts":[],"_links":{"self":[{"href":"http:\/\/blogdalucianaoliveira.com.br\/blog\/wp-json\/wp\/v2\/posts\/16160","targetHints":{"allow":["GET"]}}],"collection":[{"href":"http:\/\/blogdalucianaoliveira.com.br\/blog\/wp-json\/wp\/v2\/posts"}],"about":[{"href":"http:\/\/blogdalucianaoliveira.com.br\/blog\/wp-json\/wp\/v2\/types\/post"}],"author":[{"embeddable":true,"href":"http:\/\/blogdalucianaoliveira.com.br\/blog\/wp-json\/wp\/v2\/users\/1"}],"replies":[{"embeddable":true,"href":"http:\/\/blogdalucianaoliveira.com.br\/blog\/wp-json\/wp\/v2\/comments?post=16160"}],"version-history":[{"count":2,"href":"http:\/\/blogdalucianaoliveira.com.br\/blog\/wp-json\/wp\/v2\/posts\/16160\/revisions"}],"predecessor-version":[{"id":16164,"href":"http:\/\/blogdalucianaoliveira.com.br\/blog\/wp-json\/wp\/v2\/posts\/16160\/revisions\/16164"}],"wp:featuredmedia":[{"embeddable":true,"href":"http:\/\/blogdalucianaoliveira.com.br\/blog\/wp-json\/wp\/v2\/media\/16163"}],"wp:attachment":[{"href":"http:\/\/blogdalucianaoliveira.com.br\/blog\/wp-json\/wp\/v2\/media?parent=16160"}],"wp:term":[{"taxonomy":"category","embeddable":true,"href":"http:\/\/blogdalucianaoliveira.com.br\/blog\/wp-json\/wp\/v2\/categories?post=16160"},{"taxonomy":"post_tag","embeddable":true,"href":"http:\/\/blogdalucianaoliveira.com.br\/blog\/wp-json\/wp\/v2\/tags?post=16160"}],"curies":[{"name":"wp","href":"https:\/\/api.w.org\/{rel}","templated":true}]}}