{"id":16165,"date":"2018-01-18T18:35:55","date_gmt":"2018-01-18T22:35:55","guid":{"rendered":"http:\/\/blogdalucianaoliveira.com.br\/blog\/?p=16165"},"modified":"2018-01-18T18:35:55","modified_gmt":"2018-01-18T22:35:55","slug":"na-era-da-justica-transformada-em-espetaculo-o-trf-4-decidiu-transmitir-pelo-youtube-o-julgamento-do-ex-presidente","status":"publish","type":"post","link":"http:\/\/blogdalucianaoliveira.com.br\/blog\/2018\/01\/18\/na-era-da-justica-transformada-em-espetaculo-o-trf-4-decidiu-transmitir-pelo-youtube-o-julgamento-do-ex-presidente\/","title":{"rendered":"Na era da Justi\u00e7a transformada em espet\u00e1culo, o TRF-4 decidiu transmitir, pelo YouTube, o julgamento do ex-presidente"},"content":{"rendered":"<p><img data-recalc-dims=\"1\" loading=\"lazy\" decoding=\"async\" data-attachment-id=\"16166\" data-permalink=\"http:\/\/blogdalucianaoliveira.com.br\/blog\/2018\/01\/18\/na-era-da-justica-transformada-em-espetaculo-o-trf-4-decidiu-transmitir-pelo-youtube-o-julgamento-do-ex-presidente\/you\/\" data-orig-file=\"https:\/\/i0.wp.com\/blogdalucianaoliveira.com.br\/blog\/wp-content\/uploads\/2018\/01\/you.jpg?fit=1000%2C357\" data-orig-size=\"1000,357\" data-comments-opened=\"0\" data-image-meta=\"{&quot;aperture&quot;:&quot;0&quot;,&quot;credit&quot;:&quot;&quot;,&quot;camera&quot;:&quot;&quot;,&quot;caption&quot;:&quot;&quot;,&quot;created_timestamp&quot;:&quot;0&quot;,&quot;copyright&quot;:&quot;&quot;,&quot;focal_length&quot;:&quot;0&quot;,&quot;iso&quot;:&quot;0&quot;,&quot;shutter_speed&quot;:&quot;0&quot;,&quot;title&quot;:&quot;&quot;,&quot;orientation&quot;:&quot;0&quot;}\" data-image-title=\"you\" data-image-description=\"\" data-image-caption=\"\" data-medium-file=\"https:\/\/i0.wp.com\/blogdalucianaoliveira.com.br\/blog\/wp-content\/uploads\/2018\/01\/you.jpg?fit=300%2C107\" data-large-file=\"https:\/\/i0.wp.com\/blogdalucianaoliveira.com.br\/blog\/wp-content\/uploads\/2018\/01\/you.jpg?fit=600%2C214\" src=\"https:\/\/i0.wp.com\/blogdalucianaoliveira.com.br\/blog\/wp-content\/uploads\/2018\/01\/you.jpg?resize=600%2C214\" alt=\"you\" width=\"600\" height=\"214\" class=\"alignnone size-full wp-image-16166\" srcset=\"https:\/\/i0.wp.com\/blogdalucianaoliveira.com.br\/blog\/wp-content\/uploads\/2018\/01\/you.jpg?w=1000 1000w, https:\/\/i0.wp.com\/blogdalucianaoliveira.com.br\/blog\/wp-content\/uploads\/2018\/01\/you.jpg?resize=300%2C107 300w, https:\/\/i0.wp.com\/blogdalucianaoliveira.com.br\/blog\/wp-content\/uploads\/2018\/01\/you.jpg?resize=768%2C274 768w, https:\/\/i0.wp.com\/blogdalucianaoliveira.com.br\/blog\/wp-content\/uploads\/2018\/01\/you.jpg?resize=800%2C286 800w\" sizes=\"auto, (max-width: 600px) 100vw, 600px\" \/><\/p>\n<p>TRF-4 TRANSMITIR\u00c1 PELO YOUTUBE JULGAMENTO DE LULA<!--more--><\/p>\n<p>Rio Grande do Sul 247 &#8211; O Tribunal Regional Federal da 4\u00aa Regi\u00e3o (TRF-4) decidiu transmitir, pelo YouTube, o julgamento do ex-presidente Luiz In\u00e1cio Lula da Silva.<\/p>\n<p>A informa\u00e7\u00e3o foi publicada pelo jornal O Globo e confirmada pela assessoria do tribunal. <\/p>\n<p>Lula j\u00e1 foi condenado sem provas pelo juiz Sergio Moro a nove anos e meio de pris\u00e3o, em raz\u00e3o de um triplex da OAS que, h\u00e1 poucos dias, foi penhorado a credores da empreiteira.<\/p>\n<p>O julgamento come\u00e7ar\u00e1 \u00e0s 8h30m do pr\u00f3ximo dia 24. Ser\u00e1 a primeira sess\u00e3o da 8\u00aa turma em 2018 e a 24\u00aa apela\u00e7\u00e3o julgada pelo TRF-4 contra senten\u00e7as nas a\u00e7\u00f5es derivadas da Opera\u00e7\u00e3o Lava Jato.<\/p>\n<p>Desembargadores s\u00e3o pressionados pela Globo a condenar Lula e retir\u00e1-lo da disputa presidencial, mas juristas apontam que Lula n\u00e3o pode ser condenado por reformas num im\u00f3vel que, comprovadamente, nunca lhe pertenceu.<\/p>\n","protected":false},"excerpt":{"rendered":"<p>TRF-4 TRANSMITIR\u00c1 PELO YOUTUBE JULGAMENTO DE LULA<\/p>\n","protected":false},"author":1,"featured_media":0,"comment_status":"closed","ping_status":"open","sticky":false,"template":"","format":"standard","meta":{"_exactmetrics_skip_tracking":false,"_exactmetrics_sitenote_active":false,"_exactmetrics_sitenote_note":"","_exactmetrics_sitenote_category":0,"jetpack_post_was_ever_published":false,"_jetpack_newsletter_access":"","_jetpack_dont_email_post_to_subs":false,"_jetpack_newsletter_tier_id":0,"_jetpack_memberships_contains_paywalled_content":false,"_jetpack_memberships_contains_paid_content":false,"footnotes":"","jetpack_publicize_message":"","jetpack_publicize_feature_enabled":true,"jetpack_social_post_already_shared":true,"jetpack_social_options":{"image_generator_settings":{"template":"highway","enabled":false},"version":2}},"categories":[1],"tags":[],"class_list":["post-16165","post","type-post","status-publish","format-standard","hentry","category-notas"],"jetpack_publicize_connections":[],"jetpack_sharing_enabled":true,"jetpack_featured_media_url":"","jetpack_shortlink":"https:\/\/wp.me\/p7wKYW-4cJ","jetpack-related-posts":[],"_links":{"self":[{"href":"http:\/\/blogdalucianaoliveira.com.br\/blog\/wp-json\/wp\/v2\/posts\/16165","targetHints":{"allow":["GET"]}}],"collection":[{"href":"http:\/\/blogdalucianaoliveira.com.br\/blog\/wp-json\/wp\/v2\/posts"}],"about":[{"href":"http:\/\/blogdalucianaoliveira.com.br\/blog\/wp-json\/wp\/v2\/types\/post"}],"author":[{"embeddable":true,"href":"http:\/\/blogdalucianaoliveira.com.br\/blog\/wp-json\/wp\/v2\/users\/1"}],"replies":[{"embeddable":true,"href":"http:\/\/blogdalucianaoliveira.com.br\/blog\/wp-json\/wp\/v2\/comments?post=16165"}],"version-history":[{"count":1,"href":"http:\/\/blogdalucianaoliveira.com.br\/blog\/wp-json\/wp\/v2\/posts\/16165\/revisions"}],"predecessor-version":[{"id":16167,"href":"http:\/\/blogdalucianaoliveira.com.br\/blog\/wp-json\/wp\/v2\/posts\/16165\/revisions\/16167"}],"wp:attachment":[{"href":"http:\/\/blogdalucianaoliveira.com.br\/blog\/wp-json\/wp\/v2\/media?parent=16165"}],"wp:term":[{"taxonomy":"category","embeddable":true,"href":"http:\/\/blogdalucianaoliveira.com.br\/blog\/wp-json\/wp\/v2\/categories?post=16165"},{"taxonomy":"post_tag","embeddable":true,"href":"http:\/\/blogdalucianaoliveira.com.br\/blog\/wp-json\/wp\/v2\/tags?post=16165"}],"curies":[{"name":"wp","href":"https:\/\/api.w.org\/{rel}","templated":true}]}}