{"id":16169,"date":"2018-01-19T11:42:32","date_gmt":"2018-01-19T15:42:32","guid":{"rendered":"http:\/\/blogdalucianaoliveira.com.br\/blog\/?p=16169"},"modified":"2018-01-19T11:42:32","modified_gmt":"2018-01-19T15:42:32","slug":"politicos-dao-a-largada-com-resgate-de-lacos-amorosos-e-rompimento-das-paixoes","status":"publish","type":"post","link":"http:\/\/blogdalucianaoliveira.com.br\/blog\/2018\/01\/19\/politicos-dao-a-largada-com-resgate-de-lacos-amorosos-e-rompimento-das-paixoes\/","title":{"rendered":"Pol\u00edticos d\u00e3o a largada com resgate de la\u00e7os amorosos e rompimento das paix\u00f5es"},"content":{"rendered":"<p><img data-recalc-dims=\"1\" loading=\"lazy\" decoding=\"async\" data-attachment-id=\"16170\" data-permalink=\"http:\/\/blogdalucianaoliveira.com.br\/blog\/2018\/01\/19\/politicos-dao-a-largada-com-resgate-de-lacos-amorosos-e-rompimento-das-paixoes\/e430ac69-a8be-4680-b5c8-5724c3acb399\/\" data-orig-file=\"https:\/\/i0.wp.com\/blogdalucianaoliveira.com.br\/blog\/wp-content\/uploads\/2018\/01\/E430AC69-A8BE-4680-B5C8-5724C3ACB399.jpeg?fit=700%2C700\" data-orig-size=\"700,700\" data-comments-opened=\"0\" data-image-meta=\"{&quot;aperture&quot;:&quot;0&quot;,&quot;credit&quot;:&quot;&quot;,&quot;camera&quot;:&quot;&quot;,&quot;caption&quot;:&quot;&quot;,&quot;created_timestamp&quot;:&quot;0&quot;,&quot;copyright&quot;:&quot;&quot;,&quot;focal_length&quot;:&quot;0&quot;,&quot;iso&quot;:&quot;0&quot;,&quot;shutter_speed&quot;:&quot;0&quot;,&quot;title&quot;:&quot;&quot;,&quot;orientation&quot;:&quot;1&quot;}\" data-image-title=\"E430AC69-A8BE-4680-B5C8-5724C3ACB399\" data-image-description=\"\" data-image-caption=\"\" data-medium-file=\"https:\/\/i0.wp.com\/blogdalucianaoliveira.com.br\/blog\/wp-content\/uploads\/2018\/01\/E430AC69-A8BE-4680-B5C8-5724C3ACB399.jpeg?fit=300%2C300\" data-large-file=\"https:\/\/i0.wp.com\/blogdalucianaoliveira.com.br\/blog\/wp-content\/uploads\/2018\/01\/E430AC69-A8BE-4680-B5C8-5724C3ACB399.jpeg?fit=600%2C600\" src=\"https:\/\/i0.wp.com\/blogdalucianaoliveira.com.br\/blog\/wp-content\/uploads\/2018\/01\/E430AC69-A8BE-4680-B5C8-5724C3ACB399.jpeg?resize=600%2C600\" alt=\"E430AC69-A8BE-4680-B5C8-5724C3ACB399\" width=\"600\" height=\"600\" class=\"alignnone size-full wp-image-16170\" srcset=\"https:\/\/i0.wp.com\/blogdalucianaoliveira.com.br\/blog\/wp-content\/uploads\/2018\/01\/E430AC69-A8BE-4680-B5C8-5724C3ACB399.jpeg?w=700 700w, https:\/\/i0.wp.com\/blogdalucianaoliveira.com.br\/blog\/wp-content\/uploads\/2018\/01\/E430AC69-A8BE-4680-B5C8-5724C3ACB399.jpeg?resize=150%2C150 150w, https:\/\/i0.wp.com\/blogdalucianaoliveira.com.br\/blog\/wp-content\/uploads\/2018\/01\/E430AC69-A8BE-4680-B5C8-5724C3ACB399.jpeg?resize=300%2C300 300w\" sizes=\"auto, (max-width: 600px) 100vw, 600px\" \/><\/p>\n<p>No Rond\u00f4nia Din\u00e2mica  \u2013 Ah, como a pol\u00edtica \u00e9 fascinante, meus amigos&#8230; Ela, em sua complexidade chula, tem o cond\u00e3o de ressuscitar paix\u00f5es antigas, mas, ao mesmo tempo em que det\u00e9m o poder de aglutinar, demonstra capacidade inexor\u00e1vel de destrui\u00e7\u00e3o de la\u00e7os estreitos. Depende da conveni\u00eancia, claro.<!--more--><\/p>\n<p>O term\u00f4metro que exp\u00f5e o in\u00edcio das elei\u00e7\u00f5es em Rond\u00f4nia, por exemplo, s\u00e3o os indicativos de rachas e tamb\u00e9m os reatamentos abruptos.<\/p>\n<p>Expedito J\u00fanior, do PSDB, resolveu andar novamente de m\u00e3os dadas com o senador da Rep\u00fablica Ivo Cassol (PP). Se Cassol for candidato \u2013 caso tenha condi\u00e7\u00f5es de superar os empecilhos legais \u2013 a probabilidade de os tucanos indicarem um candidato a vice-governador \u00e9 enorme, gritante. Palavras de J\u00fanior, inclusive.<\/p>\n<p>Esse regresso de sentimentos remotos, abandonados l\u00e1 atr\u00e1s por troca de fagulhas eleitorais, tem nome e sobrenome: popularidade e votos. Muitos votos.<\/p>\n<p>Se Cassol tem o \u201cdedo podre\u201d, como relatei em artigo anterior, e n\u00e3o consegue promover o cont\u00e1gio de seu espectro eletivo, sobressai, apesar disso, sua capacidade de manter-se inc\u00f3lume e angariar cada vez mais admiradores e eleitores em potencial; neste \u00faltimo aspecto o mesmo ocorre com Expedito, sua paix\u00e3o de ver\u00e3o pol\u00edtica. A diferen\u00e7a \u00e9 que o peessedebista geralmente tem sucesso ao apadrinhar candidatos, incluindo o filho Expedito Netto (PSD) e o pr\u00f3prio prefeito de Porto Velho Dr. Hildon Chaves (PSDB), desconhecido at\u00e9 lan\u00e7ar candidatura em 2016.<\/p>\n<p>Ali\u00e1s, falando em Netto, o jovem tornou-se um s\u00edmbolo do rompimento dos Cassol com os Expedito ao protagonizar um v\u00eddeo trocando ofensas com o ex-governador ap\u00f3s debate promovido em 2014 pela ent\u00e3o TV Candel\u00e1ria (atualmente SICtv). \u00c0 ocasi\u00e3o, Cassol prestava apoio \u00e0 irm\u00e3 Jaqueline Cassol (PR).<\/p>\n<p>\u201cGalinha choca\u201d, disse o rapaz ao congressista. E embora eu n\u00e3o saiba exatamente se a express\u00e3o deveria soar ofensiva, magoou o suficiente consternando visivelmente o seu Narciso.<\/p>\n<div class=\"jetpack-video-wrapper\"><iframe loading=\"lazy\" title=\"Expedito Neto chama Ivo Cassol de galinha choca\" width=\"600\" height=\"450\" src=\"https:\/\/www.youtube.com\/embed\/A_KEk3ULeY8?feature=oembed\" frameborder=\"0\" allow=\"accelerometer; autoplay; clipboard-write; encrypted-media; gyroscope; picture-in-picture; web-share\" referrerpolicy=\"strict-origin-when-cross-origin\" allowfullscreen><\/iframe><\/div>\n<p>Eu te dei meu amor<br \/>\nPor um dia<br \/>\nE depois sem querer te perdi<br \/>\nN\u00e3o pensei que o amor existia<br \/>\nQue tamb\u00e9m choraria por ti<br \/>\nMas tudo passa, tudo passar\u00e1&#8230;<br \/>\nA can\u00e7\u00e3o entoada pelo vozeir\u00e3o do pequeno-grande Nelson Ned deixa claro que o tempo e as necessidades s\u00e3o capazes de superar qualquer problema de relacionamento. E foi o que ocorreu.<\/p>\n<p>E se a reconcilia\u00e7\u00e3o faz parte do jogo, na outra ponta esfarelam-se aos poucos v\u00ednculos s\u00f3lidos e estreitos, a exemplo da situa\u00e7\u00e3o vivenciada pelo governador Conf\u00facio Moura (MDB) e seu vice Daniel Pereira (PSB). Ainda que a troca m\u00fatua de mimos p\u00fablicos seja constante, Pereira j\u00e1 deixou claro que n\u00e3o deve arcar com as exig\u00eancias pol\u00edticas de Moura. Logo, o sindicalista pediu o div\u00f3rcio para se casar com outra; no caso, com outro \u2013 o senador Acir Gurgacz, do PDT.<\/p>\n<p>O chefe do Executivo, ent\u00e3o, passou a cantar a vers\u00e3o brasileira de Tu T&#8217;en Vas (N\u00e3o se v\u00e1), de Alain Barri\u00e8re, imortalizada pela dupla Jane e Herondy.<\/p>\n<p>N\u00e3o se v\u00e1!<br \/>\nEu j\u00e1 n\u00e3o posso suportar<br \/>\nEsta minha vida de amargura<br \/>\nN\u00e3o se v\u00e1!<br \/>\nEstou partindo porque sei<br \/>\nQue voc\u00ea j\u00e1 n\u00e3o mais me ama&#8230;<\/p>\n<p>Amor. Trai\u00e7\u00e3o. Deslealdade. Paix\u00e3o. Fervor. Uni\u00e3o. Descontentamento. Um romance acaba, exsurge novo matrim\u00f4nio: come\u00e7ou 2018!<\/p>\n","protected":false},"excerpt":{"rendered":"<p>No Rond\u00f4nia Din\u00e2mica \u2013 Ah, como a pol\u00edtica \u00e9 fascinante, meus amigos&#8230; Ela, em sua complexidade chula, tem o cond\u00e3o de ressuscitar paix\u00f5es antigas, mas, ao mesmo tempo em que det\u00e9m o poder de aglutinar, demonstra capacidade inexor\u00e1vel de destrui\u00e7\u00e3o de la\u00e7os estreitos. Depende da conveni\u00eancia, claro.<\/p>\n","protected":false},"author":1,"featured_media":0,"comment_status":"closed","ping_status":"open","sticky":false,"template":"","format":"standard","meta":{"_exactmetrics_skip_tracking":false,"_exactmetrics_sitenote_active":false,"_exactmetrics_sitenote_note":"","_exactmetrics_sitenote_category":0,"jetpack_post_was_ever_published":false,"_jetpack_newsletter_access":"","_jetpack_dont_email_post_to_subs":false,"_jetpack_newsletter_tier_id":0,"_jetpack_memberships_contains_paywalled_content":false,"_jetpack_memberships_contains_paid_content":false,"footnotes":"","jetpack_publicize_message":"","jetpack_publicize_feature_enabled":true,"jetpack_social_post_already_shared":true,"jetpack_social_options":{"image_generator_settings":{"template":"highway","enabled":false},"version":2}},"categories":[1],"tags":[],"class_list":["post-16169","post","type-post","status-publish","format-standard","hentry","category-notas"],"jetpack_publicize_connections":[],"jetpack_sharing_enabled":true,"jetpack_featured_media_url":"","jetpack_shortlink":"https:\/\/wp.me\/p7wKYW-4cN","jetpack-related-posts":[],"_links":{"self":[{"href":"http:\/\/blogdalucianaoliveira.com.br\/blog\/wp-json\/wp\/v2\/posts\/16169","targetHints":{"allow":["GET"]}}],"collection":[{"href":"http:\/\/blogdalucianaoliveira.com.br\/blog\/wp-json\/wp\/v2\/posts"}],"about":[{"href":"http:\/\/blogdalucianaoliveira.com.br\/blog\/wp-json\/wp\/v2\/types\/post"}],"author":[{"embeddable":true,"href":"http:\/\/blogdalucianaoliveira.com.br\/blog\/wp-json\/wp\/v2\/users\/1"}],"replies":[{"embeddable":true,"href":"http:\/\/blogdalucianaoliveira.com.br\/blog\/wp-json\/wp\/v2\/comments?post=16169"}],"version-history":[{"count":1,"href":"http:\/\/blogdalucianaoliveira.com.br\/blog\/wp-json\/wp\/v2\/posts\/16169\/revisions"}],"predecessor-version":[{"id":16171,"href":"http:\/\/blogdalucianaoliveira.com.br\/blog\/wp-json\/wp\/v2\/posts\/16169\/revisions\/16171"}],"wp:attachment":[{"href":"http:\/\/blogdalucianaoliveira.com.br\/blog\/wp-json\/wp\/v2\/media?parent=16169"}],"wp:term":[{"taxonomy":"category","embeddable":true,"href":"http:\/\/blogdalucianaoliveira.com.br\/blog\/wp-json\/wp\/v2\/categories?post=16169"},{"taxonomy":"post_tag","embeddable":true,"href":"http:\/\/blogdalucianaoliveira.com.br\/blog\/wp-json\/wp\/v2\/tags?post=16169"}],"curies":[{"name":"wp","href":"https:\/\/api.w.org\/{rel}","templated":true}]}}