{"id":16174,"date":"2018-01-19T16:23:02","date_gmt":"2018-01-19T20:23:02","guid":{"rendered":"http:\/\/blogdalucianaoliveira.com.br\/blog\/?p=16174"},"modified":"2018-01-19T16:23:02","modified_gmt":"2018-01-19T20:23:02","slug":"por-que-os-movimentos-populares-apoiam-o-ex-presidente-lula","status":"publish","type":"post","link":"http:\/\/blogdalucianaoliveira.com.br\/blog\/2018\/01\/19\/por-que-os-movimentos-populares-apoiam-o-ex-presidente-lula\/","title":{"rendered":"Por que os movimentos populares apoiam o ex-presidente Lula?"},"content":{"rendered":"<p><img data-recalc-dims=\"1\" loading=\"lazy\" decoding=\"async\" data-attachment-id=\"16175\" data-permalink=\"http:\/\/blogdalucianaoliveira.com.br\/blog\/2018\/01\/19\/por-que-os-movimentos-populares-apoiam-o-ex-presidente-lula\/lula1\/\" data-orig-file=\"https:\/\/i0.wp.com\/blogdalucianaoliveira.com.br\/blog\/wp-content\/uploads\/2018\/01\/lula1.jpg?fit=640%2C427\" data-orig-size=\"640,427\" data-comments-opened=\"0\" data-image-meta=\"{&quot;aperture&quot;:&quot;0&quot;,&quot;credit&quot;:&quot;&quot;,&quot;camera&quot;:&quot;&quot;,&quot;caption&quot;:&quot;&quot;,&quot;created_timestamp&quot;:&quot;0&quot;,&quot;copyright&quot;:&quot;&quot;,&quot;focal_length&quot;:&quot;0&quot;,&quot;iso&quot;:&quot;0&quot;,&quot;shutter_speed&quot;:&quot;0&quot;,&quot;title&quot;:&quot;&quot;,&quot;orientation&quot;:&quot;0&quot;}\" data-image-title=\"lula1\" data-image-description=\"\" data-image-caption=\"\" data-medium-file=\"https:\/\/i0.wp.com\/blogdalucianaoliveira.com.br\/blog\/wp-content\/uploads\/2018\/01\/lula1.jpg?fit=300%2C200\" data-large-file=\"https:\/\/i0.wp.com\/blogdalucianaoliveira.com.br\/blog\/wp-content\/uploads\/2018\/01\/lula1.jpg?fit=600%2C400\" src=\"https:\/\/i0.wp.com\/blogdalucianaoliveira.com.br\/blog\/wp-content\/uploads\/2018\/01\/lula1.jpg?resize=600%2C400\" alt=\"lula1\" width=\"600\" height=\"400\" class=\"alignnone size-full wp-image-16175\" srcset=\"https:\/\/i0.wp.com\/blogdalucianaoliveira.com.br\/blog\/wp-content\/uploads\/2018\/01\/lula1.jpg?w=640 640w, https:\/\/i0.wp.com\/blogdalucianaoliveira.com.br\/blog\/wp-content\/uploads\/2018\/01\/lula1.jpg?resize=300%2C200 300w, https:\/\/i0.wp.com\/blogdalucianaoliveira.com.br\/blog\/wp-content\/uploads\/2018\/01\/lula1.jpg?resize=450%2C300 450w\" sizes=\"auto, (max-width: 600px) 100vw, 600px\" \/><\/p>\n<p>Dirigentes pol\u00edticos falam sobre o julgamento que poderia impedir a candidatura \u00e0 Presid\u00eancia do l\u00edder de esquerda<br \/>\nFania Rodrigues<!--more--><\/p>\n<p>Brasil de Fato | Rio de Janeiro (RJ)<\/p>\n<p>Camponeses que conquistaram terras para plantar, trabalhadores sem teto que hoje t\u00eam sua casa pr\u00f3pria, jovens de escolas p\u00fablicas que entraram nas disputadas universidades federais, todos eles integrantes de movimentos populares que est\u00e3o manifestando o seu apoio ao ex-presidente Luiz In\u00e1cio Lula da Silva em mais uma etapa de julgamento no interior da opera\u00e7\u00e3o Lava Jato, que investiga crimes de corrup\u00e7\u00e3o.  <\/p>\n<p>Unidos, os movimentos populares prometem sair \u00e0s ruas na semana do dia 24 de janeiro, data em que ser\u00e1 o julgamento em segunda inst\u00e2ncia do ex-presidente do em Porto Alegre (RS), na sede do Tribunal Regional Federal da 4a Regi\u00e3o (TRF4), no caso envolvendo o apartamento triplex no Guaruj\u00e1. Atos p\u00fablicos est\u00e3o marcados para ocorrer em diversas cidades do pa\u00eds, inclusive na capital ga\u00facha.<\/p>\n<p>&#8220;O julgamento do ex-presidente Lula, no dia 24 de janeiro, representa a m\u00e1xima express\u00e3o da luta de classes no Brasil&#8221;, de acordo com Jo\u00e3o Pedro Stedile, membro da dire\u00e7\u00e3o nacional do Movimento dos Trabalhadores Rurais Sem Terra (MST). &#8220;A presen\u00e7a de milhares de trabalhadores em Porto Alegre coloca a luta de classes no seu devido patamar. De um lado os tr\u00eas poderes: Judici\u00e1rio, Legislativo e midi\u00e1tico \u2013 que representam 1% da popula\u00e7\u00e3o. E, do outro, os trabalhadores, com o Lula e os movimentos populares&#8221;, afirma.<\/p>\n<p>O dirigente ainda analisa que a poss\u00edvel condena\u00e7\u00e3o de Lula pelo TRF4 representa um &#8220;desdobramento do plano golpista da burguesia&#8221;, que come\u00e7ou com o impeachment, em 2016. &#8220;A burguesia deu um golpe na presidenta Dilma [Rousseff] e implementou pol\u00edticas econ\u00f4micas que jogam nas costas da classe trabalhadora todo o peso da crise. Por\u00e9m, esse plano golpista s\u00f3 se completa a longo prazo. Por isso querem inviabilizar a candidatura do Lula. Por sua trajet\u00f3ria, porque ele representa a s\u00edntese da classe trabalhadora, essa \u00e9 raz\u00e3o pela qual a disputa se concentra no Lula&#8221;, explica Stedile.<\/p>\n<p>Marcelo Edmundo, dirigente nacional da Central de Movimentos Populares (CMP), concorda com a an\u00e1lise do MST e aponta que o entendimento dos movimentos, tanto do campo quanto da cidade, \u00e9 que o caso de Lula revela uma &#8220;persegui\u00e7\u00e3o ardilosa&#8221;. Ele acredita que isso s\u00f3 est\u00e1 acontecendo em fun\u00e7\u00e3o do que o ex-presidente representa para as classes populares. &#8220;Lula \u00e9 a maior lideran\u00e7a popular do Brasil e uma das maiores do mundo. Lula \u00e9, sobretudo, o s\u00edmbolo da acens\u00e3o social do povo. Isso incomoda profundamente nossas elites canalhas&#8221;, ressaltou.<\/p>\n<p>Persegui\u00e7\u00e3o<\/p>\n<p>Os movimentos afirmam que o julgamento de Lula \u00e9 pol\u00edtico, pois n\u00e3o se baseia na concretude de provas dos atos pelos quais ele \u00e9 acusado \u2013 corrup\u00e7\u00e3o passiva e lavagem de dinheiro. Ou seja, na condena\u00e7\u00e3o em primeira inst\u00e2ncia, feita pelo juiz S\u00e9rgio Moro, em Curitiba (PR), n\u00e3o foram apresentadas evid\u00eancias do crime, o que se mant\u00e9m no julgamento de agora. E essa motiva\u00e7\u00e3o pol\u00edtica, para as organiza\u00e7\u00f5es populares, tem um objetivo: impedir que Lula se candidate \u00e0 Presid\u00eancia neste ano.<\/p>\n<p>Segundo o l\u00edder do Movimento dos Trabalhadores Sem Teto (MTST) Guilherme Boulos, o ex-presidente est\u00e1 sofrendo uma persegui\u00e7\u00e3o pol\u00edtica, por meio do Judici\u00e1rio, por isso os movimentos est\u00e3o mobilizados em sua defesa. &#8220;Visivelmente existe uma persegui\u00e7\u00e3o ao ex-presidente Lula. N\u00e3o houve um julgamento justo na primeira instancia da Justi\u00e7a. E, agora, existe uma atua\u00e7\u00e3o do Judici\u00e1rio no sentido de impedir a participa\u00e7\u00e3o de Lula nas elei\u00e7\u00f5es de 2018. O pa\u00eds todo est\u00e1 vendo. Inclusive, ajustaram os prazos do julgamento para impedir sua candidatura. Isso \u00e9 um ataque brutal \u00e0 democracia&#8221;, aponta.<\/p>\n<p>Como exemplo do que afirma Boulos est\u00e1 no fato de que o TRF4 passou o julgamento em segunda inst\u00e2ncia de Lula \u00e0 frente de sete outras a\u00e7\u00f5es da opera\u00e7\u00e3o Lava Jato, cujos recursos haviam chegado antes ao tribunal.<\/p>\n<p>O apoio ao ex-presidente Lula n\u00e3o \u00e9 diferente entre os integrantes do Levante Popular da Juventude, um dos maiores movimentos populares juvenis do Brasil. A dirigente nacional da organiza\u00e7\u00e3o Jessy Dayane Silva Santos destaca a falta de provas contra Lula e a manipula\u00e7\u00e3o midi\u00e1tica em torno do processo. &#8220;At\u00e9 hoje n\u00e3o foi apresentada uma \u00fanica prova contra o ex-presidente. Mesmo assim os grandes meios de comunica\u00e7\u00e3o produzem uma espetaculariza\u00e7\u00e3o do caso e j\u00e1 o condenaram h\u00e1 muito tempo. O processo tem avan\u00e7ado em tempo recorde, com claro objetivo de inviabilizar a candidatura de Lula. Eles sabem que Lula \u00e9 o candidato que tem maior chance de vit\u00f3ria&#8221;, afirmou a jovem dirigente.<\/p>\n<p>Protestos<\/p>\n<p>Diversos movimentos populares e sindicais, al\u00e9m da participa\u00e7\u00e3o espont\u00e2nea de diversas pessoas, ir\u00e3o promover manifesta\u00e7\u00f5es pelo pa\u00eds na semana do julgamento. Al\u00e9m da defesa da democracia brasileira, os protestos t\u00eam como foco defender o direito de Lula ser candidato e da participa\u00e7\u00e3o soberana da popula\u00e7\u00e3o nas elei\u00e7\u00f5es.<\/p>\n<p>Na opini\u00e3o do campon\u00eas Ildo Lemes da Silva, do Rio Grande do Sul, &#8220;defender Lula \u00e9 defender o povo brasileiro&#8221;. Ildo \u00e9 da base social do MST e um dos milhares de trabalhadores que foi beneficiado com pol\u00edticas p\u00fablicas que melhoraram a qualidade de vida da popula\u00e7\u00e3o do campo nos anos de governo Lula. &#8220;Quando meu pai foi assentado pela reforma agr\u00e1ria, nos anos de 1980, ele tinha que caminhar 27 quil\u00f4metros para comprar um quilo de farinha e um quilo de arroz para nos alimentar. N\u00e3o tinha nem estrada&#8221;, relata.<\/p>\n<p>O campon\u00eas garante que hoje a situa\u00e7\u00e3o \u00e9 bem diferente. &#8220;Nossos assentamentos s\u00e3o os maiores produtores de arroz agroecol\u00f3gico da Am\u00e9rica Latina. Gra\u00e7as \u00e0s pol\u00edticas dos governos Lula e Dilma conseguimos desenvolver a agroind\u00fastria para processar toda a cadeia de produ\u00e7\u00e3o do arroz, desde o plantio at\u00e9 a embalagem final. Produzimos mais de 5 milh\u00f5es de litros de leite s\u00f3 nas cooperativas dos assentamentos da reforma agr\u00e1ria&#8221;, disse Silva, que \u00e9 um dos milhares que estar\u00e1 em Porto Alegre no dia 24 de janeiro na mobiliza\u00e7\u00e3o em apoio ao ex-presidente Lula.<\/p>\n<p>Edi\u00e7\u00e3o: Vivian Fernandes<\/p>\n","protected":false},"excerpt":{"rendered":"<p>Dirigentes pol\u00edticos falam sobre o julgamento que poderia impedir a candidatura \u00e0 Presid\u00eancia do l\u00edder de esquerda Fania Rodrigues<\/p>\n","protected":false},"author":1,"featured_media":0,"comment_status":"closed","ping_status":"open","sticky":false,"template":"","format":"standard","meta":{"_exactmetrics_skip_tracking":false,"_exactmetrics_sitenote_active":false,"_exactmetrics_sitenote_note":"","_exactmetrics_sitenote_category":0,"jetpack_post_was_ever_published":false,"_jetpack_newsletter_access":"","_jetpack_dont_email_post_to_subs":false,"_jetpack_newsletter_tier_id":0,"_jetpack_memberships_contains_paywalled_content":false,"_jetpack_memberships_contains_paid_content":false,"footnotes":"","jetpack_publicize_message":"","jetpack_publicize_feature_enabled":true,"jetpack_social_post_already_shared":true,"jetpack_social_options":{"image_generator_settings":{"template":"highway","enabled":false},"version":2}},"categories":[1],"tags":[],"class_list":["post-16174","post","type-post","status-publish","format-standard","hentry","category-notas"],"jetpack_publicize_connections":[],"jetpack_sharing_enabled":true,"jetpack_featured_media_url":"","jetpack_shortlink":"https:\/\/wp.me\/p7wKYW-4cS","jetpack-related-posts":[],"_links":{"self":[{"href":"http:\/\/blogdalucianaoliveira.com.br\/blog\/wp-json\/wp\/v2\/posts\/16174","targetHints":{"allow":["GET"]}}],"collection":[{"href":"http:\/\/blogdalucianaoliveira.com.br\/blog\/wp-json\/wp\/v2\/posts"}],"about":[{"href":"http:\/\/blogdalucianaoliveira.com.br\/blog\/wp-json\/wp\/v2\/types\/post"}],"author":[{"embeddable":true,"href":"http:\/\/blogdalucianaoliveira.com.br\/blog\/wp-json\/wp\/v2\/users\/1"}],"replies":[{"embeddable":true,"href":"http:\/\/blogdalucianaoliveira.com.br\/blog\/wp-json\/wp\/v2\/comments?post=16174"}],"version-history":[{"count":1,"href":"http:\/\/blogdalucianaoliveira.com.br\/blog\/wp-json\/wp\/v2\/posts\/16174\/revisions"}],"predecessor-version":[{"id":16176,"href":"http:\/\/blogdalucianaoliveira.com.br\/blog\/wp-json\/wp\/v2\/posts\/16174\/revisions\/16176"}],"wp:attachment":[{"href":"http:\/\/blogdalucianaoliveira.com.br\/blog\/wp-json\/wp\/v2\/media?parent=16174"}],"wp:term":[{"taxonomy":"category","embeddable":true,"href":"http:\/\/blogdalucianaoliveira.com.br\/blog\/wp-json\/wp\/v2\/categories?post=16174"},{"taxonomy":"post_tag","embeddable":true,"href":"http:\/\/blogdalucianaoliveira.com.br\/blog\/wp-json\/wp\/v2\/tags?post=16174"}],"curies":[{"name":"wp","href":"https:\/\/api.w.org\/{rel}","templated":true}]}}