{"id":16191,"date":"2018-01-20T07:48:25","date_gmt":"2018-01-20T11:48:25","guid":{"rendered":"http:\/\/blogdalucianaoliveira.com.br\/blog\/?p=16191"},"modified":"2018-01-20T07:48:25","modified_gmt":"2018-01-20T11:48:25","slug":"democratas-americanos-humilham-o-brasil-e-o-stf-ao-pedir-garantias-a-lula","status":"publish","type":"post","link":"http:\/\/blogdalucianaoliveira.com.br\/blog\/2018\/01\/20\/democratas-americanos-humilham-o-brasil-e-o-stf-ao-pedir-garantias-a-lula\/","title":{"rendered":"DEMOCRATAS AMERICANOS HUMILHAM O BRASIL E O STF AO PEDIR GARANTIAS A LULA"},"content":{"rendered":"<p><img data-recalc-dims=\"1\" loading=\"lazy\" decoding=\"async\" data-attachment-id=\"16192\" data-permalink=\"http:\/\/blogdalucianaoliveira.com.br\/blog\/2018\/01\/20\/democratas-americanos-humilham-o-brasil-e-o-stf-ao-pedir-garantias-a-lula\/demo-3\/\" data-orig-file=\"https:\/\/i0.wp.com\/blogdalucianaoliveira.com.br\/blog\/wp-content\/uploads\/2018\/01\/demo.jpg?fit=1000%2C357\" data-orig-size=\"1000,357\" data-comments-opened=\"0\" data-image-meta=\"{&quot;aperture&quot;:&quot;0&quot;,&quot;credit&quot;:&quot;&quot;,&quot;camera&quot;:&quot;&quot;,&quot;caption&quot;:&quot;&quot;,&quot;created_timestamp&quot;:&quot;0&quot;,&quot;copyright&quot;:&quot;&quot;,&quot;focal_length&quot;:&quot;0&quot;,&quot;iso&quot;:&quot;0&quot;,&quot;shutter_speed&quot;:&quot;0&quot;,&quot;title&quot;:&quot;&quot;,&quot;orientation&quot;:&quot;0&quot;}\" data-image-title=\"demo\" data-image-description=\"\" data-image-caption=\"\" data-medium-file=\"https:\/\/i0.wp.com\/blogdalucianaoliveira.com.br\/blog\/wp-content\/uploads\/2018\/01\/demo.jpg?fit=300%2C107\" data-large-file=\"https:\/\/i0.wp.com\/blogdalucianaoliveira.com.br\/blog\/wp-content\/uploads\/2018\/01\/demo.jpg?fit=600%2C214\" src=\"https:\/\/i0.wp.com\/blogdalucianaoliveira.com.br\/blog\/wp-content\/uploads\/2018\/01\/demo.jpg?resize=600%2C214\" alt=\"demo\" width=\"600\" height=\"214\" class=\"alignnone size-full wp-image-16192\" srcset=\"https:\/\/i0.wp.com\/blogdalucianaoliveira.com.br\/blog\/wp-content\/uploads\/2018\/01\/demo.jpg?w=1000 1000w, https:\/\/i0.wp.com\/blogdalucianaoliveira.com.br\/blog\/wp-content\/uploads\/2018\/01\/demo.jpg?resize=300%2C107 300w, https:\/\/i0.wp.com\/blogdalucianaoliveira.com.br\/blog\/wp-content\/uploads\/2018\/01\/demo.jpg?resize=768%2C274 768w, https:\/\/i0.wp.com\/blogdalucianaoliveira.com.br\/blog\/wp-content\/uploads\/2018\/01\/demo.jpg?resize=800%2C286 800w\" sizes=\"auto, (max-width: 600px) 100vw, 600px\" \/><\/p>\n<p>247 \u2013 Caiu a m\u00e1scara da persegui\u00e7\u00e3o ao ex-presidente Lula at\u00e9 nos Estados Unidos, pa\u00eds onde foi desenhado o golpe para que o petr\u00f3leo brasileiro fosse entregue \u00e0s petroleiras globais.<!--more--><\/p>\n<p>Na carta enviada ao embaixador Sergio Amaral e a todos os ministros do Supremo Tribunal Federal, presidido por C\u00e1rmen L\u00facia, os deputados do campo progressista e democr\u00e1tico nos Estados Unidos dizem que Lula foi condenado sem provas por Sergio Moro e ainda denunciam o juiz paranaense por ter grampeado ilegalmente a presidente deposta Dilma Rousseff.<\/p>\n<p>&#8220;A natureza claramente politizada dos processos judiciais contra Lula tem colocado em risco institui\u00e7\u00f5es democr\u00e1ticas vitais e a f\u00e9 dos cidad\u00e3os nessas institui\u00e7\u00f5es&#8221;, dizem os parlamentares americanos.<\/p>\n<p>A persegui\u00e7\u00e3o a Lula na Banana Republic Brazil vira esc\u00e2ndalo internacional. Leia a \u00edntegra:<\/p>\n<p>Caro Embaixador Sergio Silva Do Amaral:<\/p>\n<p>N\u00f3s, respeitosamente, fazemos um chamado \u00e0s autoridades do Brasil para que garantam que os direitos b\u00e1sicos do ex-presidente Luiz In\u00e1cio &#8220;Lula&#8221; da Silva \u2013 em particular, seu direito a um tratamento justo, livre e imparcial perante a lei \u2013 sejam totalmente protegidos, de acordo com as obriga\u00e7\u00f5es dos tratados internacionais assinados pelo Brasil. Estamos profundamente preocupados com as crescentes evid\u00eancias de flagrantes viola\u00e7\u00f5es dos direitos de Lula ao devido processo legal e com o que parece ser uma campanha de persegui\u00e7\u00e3o judicial politicamente motivada, destinada a minar sua tentativa de reelei\u00e7\u00e3o no final deste ano.<\/p>\n<p>Em julho de 2017, Lula foi condenado a uma senten\u00e7a de quase 10 anos de pris\u00e3o pelo juiz federal de primeira inst\u00e2ncia Sergio Moro, quem, sob o quadro legal at\u00edpico do Brasil, tamb\u00e9m exerceu o papel de procurador-chefe no caso de Lula. A principal acusa\u00e7\u00e3o est\u00e1 baseada em uma \u201cevid\u00eancia\u201d altamente question\u00e1vel, que seria rejeitada em primeira m\u00e3o pela maioria das cortes ao redor do mundo.<\/p>\n<p>Lula \u00e9 acusado de ter recebido propina na forma de reformas em um apartamento \u00e0 beira-mar financiadas pela construtora brasileira Grupo OAS. N\u00e3o h\u00e1, entretanto, nenhuma evid\u00eancia de que Lula ou sua falecida esposa tenham sido propriet\u00e1rios do im\u00f3vel ou que o tenham usado de nenhuma maneira. A \u00fanica \u201cevid\u00eancia\u201d produzida por Moro foi o depoimento de um gerente j\u00e1 condenado de OAS, que, em troca de seu testemunho contra Lula, teve sua senten\u00e7a drasticamente reduzida.<\/p>\n<p>Antes dessa senten\u00e7a, o juiz Moro participou de a\u00e7\u00f5es anti\u00e9ticas e, por vezes, ilegais, dirigidas a Lula que demonstraram claramente que ele n\u00e3o era capaz de desempenhar os deveres de um juiz imparcial no caso de Lula. Em uma ocasi\u00e3o, Moro ordenou a deten\u00e7\u00e3o de Lula e deu ordens para que ele fosse transportado sob uma pesada guarda para testemunhar, apesar do fato de Lula n\u00e3o ter demonstrado falta de vontade de testemunhar.<\/p>\n<p>Moro vazou &#8211; em viola\u00e7\u00e3o da lei brasileira \u2013intercepta\u00e7\u00f5es telef\u00f4nicas para a m\u00eddia, que inclu\u00edam conversas privadas entre Lula, seus advogados e membros de sua fam\u00edlia, bem como uma grava\u00e7\u00e3o obtida ilegalmente de uma conversa com a ent\u00e3o Presidenta Dilma Rousseff.<\/p>\n<p>Estas e outras a\u00e7\u00f5es contenciosas de Moro deixaram claro que Lula n\u00e3o tem nenhuma esperan\u00e7a de ver seus direitos b\u00e1sicos de devido processo legal &#8211; por exemplo, o direito a um julgamento justo e equitativo e o direito \u00e0 presun\u00e7\u00e3o de inoc\u00eancia &#8211; respeitados pelo juiz.<\/p>\n<p>Apesar das probabilidades contr\u00e1rias enfrentadas por Lula, continua a existir uma oportunidade para que a justi\u00e7a e o devido processo legal prevale\u00e7am no caso de Lula. De acordo com a legisla\u00e7\u00e3o brasileira, uma condena\u00e7\u00e3o e senten\u00e7a proferidas por um juiz de um tribunal inferior n\u00e3o \u00e9 totalmente v\u00e1lida at\u00e9 que seja confirmada por um tribunal superior. Em 24 de janeiro, o Tribunal Federal de Apela\u00e7\u00f5es do Distrito Sul, composta por tr\u00eas membros, realizar\u00e1 uma audi\u00eancia para confirmar ou rejeitar a condena\u00e7\u00e3o de Lula.<\/p>\n<p>Infelizmente, j\u00e1 h\u00e1 sinais que questionam a imparcialidade do Tribunal de Apela\u00e7\u00f5es. Entre outras coisas, o juiz que preside a Corte afirmou publicamente acreditar que o processo de Moro contra Lula seja &#8220;impec\u00e1vel&#8221; e sua chefe de gabinete publicou recentemente uma peti\u00e7\u00e3o no Facebook exigindo que Lula fosse preso.<\/p>\n<p>Frente a essas preocupantes circunst\u00e2ncias, exortamos veementemente as autoridades do Brasil para que exer\u00e7am a m\u00e1xima dilig\u00eancia em garantir a prote\u00e7\u00e3o dos direitos do processo legal que s\u00e3o prerrogativas de Lula. A natureza claramente politizada dos processos judiciais contra Lula tem colocado em risco institui\u00e7\u00f5es democr\u00e1ticas vitais e a f\u00e9 dos cidad\u00e3os nessas institui\u00e7\u00f5es. A pr\u00f3xima elei\u00e7\u00e3o presidencial e a administra\u00e7\u00e3o subsequente ser\u00e3o inexoravelmente afetadas se o sistema judicial for considerado incapaz de agir com imparcialidade e respeito aos direitos fundamentais.<\/p>\n<p>\u00c9 nossa esperan\u00e7a e expectativa que as autoridades judiciais que revisam a condena\u00e7\u00e3o de Lula n\u00e3o se deixem pressionar pelos setores pol\u00edticos ou pela m\u00eddia e sejam guiados pelos princ\u00edpios b\u00e1sicos que s\u00e3o a base de qualquer sociedade livre.<\/p>\n<p>Atenciosamente,<\/p>\n<p>CC: Membros do Supremo Tribunal Federal do Brasil<\/p>\n","protected":false},"excerpt":{"rendered":"<p>247 \u2013 Caiu a m\u00e1scara da persegui\u00e7\u00e3o ao ex-presidente Lula at\u00e9 nos Estados Unidos, pa\u00eds onde foi desenhado o golpe para que o petr\u00f3leo brasileiro fosse entregue \u00e0s petroleiras globais.<\/p>\n","protected":false},"author":1,"featured_media":0,"comment_status":"closed","ping_status":"open","sticky":false,"template":"","format":"standard","meta":{"_exactmetrics_skip_tracking":false,"_exactmetrics_sitenote_active":false,"_exactmetrics_sitenote_note":"","_exactmetrics_sitenote_category":0,"jetpack_post_was_ever_published":false,"_jetpack_newsletter_access":"","_jetpack_dont_email_post_to_subs":false,"_jetpack_newsletter_tier_id":0,"_jetpack_memberships_contains_paywalled_content":false,"_jetpack_memberships_contains_paid_content":false,"footnotes":"","jetpack_publicize_message":"","jetpack_publicize_feature_enabled":true,"jetpack_social_post_already_shared":true,"jetpack_social_options":{"image_generator_settings":{"template":"highway","enabled":false},"version":2}},"categories":[1],"tags":[],"class_list":["post-16191","post","type-post","status-publish","format-standard","hentry","category-notas"],"jetpack_publicize_connections":[],"jetpack_sharing_enabled":true,"jetpack_featured_media_url":"","jetpack_shortlink":"https:\/\/wp.me\/p7wKYW-4d9","jetpack-related-posts":[],"_links":{"self":[{"href":"http:\/\/blogdalucianaoliveira.com.br\/blog\/wp-json\/wp\/v2\/posts\/16191","targetHints":{"allow":["GET"]}}],"collection":[{"href":"http:\/\/blogdalucianaoliveira.com.br\/blog\/wp-json\/wp\/v2\/posts"}],"about":[{"href":"http:\/\/blogdalucianaoliveira.com.br\/blog\/wp-json\/wp\/v2\/types\/post"}],"author":[{"embeddable":true,"href":"http:\/\/blogdalucianaoliveira.com.br\/blog\/wp-json\/wp\/v2\/users\/1"}],"replies":[{"embeddable":true,"href":"http:\/\/blogdalucianaoliveira.com.br\/blog\/wp-json\/wp\/v2\/comments?post=16191"}],"version-history":[{"count":1,"href":"http:\/\/blogdalucianaoliveira.com.br\/blog\/wp-json\/wp\/v2\/posts\/16191\/revisions"}],"predecessor-version":[{"id":16193,"href":"http:\/\/blogdalucianaoliveira.com.br\/blog\/wp-json\/wp\/v2\/posts\/16191\/revisions\/16193"}],"wp:attachment":[{"href":"http:\/\/blogdalucianaoliveira.com.br\/blog\/wp-json\/wp\/v2\/media?parent=16191"}],"wp:term":[{"taxonomy":"category","embeddable":true,"href":"http:\/\/blogdalucianaoliveira.com.br\/blog\/wp-json\/wp\/v2\/categories?post=16191"},{"taxonomy":"post_tag","embeddable":true,"href":"http:\/\/blogdalucianaoliveira.com.br\/blog\/wp-json\/wp\/v2\/tags?post=16191"}],"curies":[{"name":"wp","href":"https:\/\/api.w.org\/{rel}","templated":true}]}}