{"id":16196,"date":"2018-01-20T07:56:16","date_gmt":"2018-01-20T11:56:16","guid":{"rendered":"http:\/\/blogdalucianaoliveira.com.br\/blog\/?p=16196"},"modified":"2018-01-20T07:56:16","modified_gmt":"2018-01-20T11:56:16","slug":"brasil-dois-jornalistas-assassinados-em-apenas-dois-dias","status":"publish","type":"post","link":"http:\/\/blogdalucianaoliveira.com.br\/blog\/2018\/01\/20\/brasil-dois-jornalistas-assassinados-em-apenas-dois-dias\/","title":{"rendered":"Brasil: Dois jornalistas assassinados em apenas dois dias"},"content":{"rendered":"<p><img data-recalc-dims=\"1\" loading=\"lazy\" decoding=\"async\" data-attachment-id=\"16197\" data-permalink=\"http:\/\/blogdalucianaoliveira.com.br\/blog\/2018\/01\/20\/brasil-dois-jornalistas-assassinados-em-apenas-dois-dias\/doi\/\" data-orig-file=\"https:\/\/i0.wp.com\/blogdalucianaoliveira.com.br\/blog\/wp-content\/uploads\/2018\/01\/doi.png?fit=1170%2C470\" data-orig-size=\"1170,470\" data-comments-opened=\"0\" data-image-meta=\"{&quot;aperture&quot;:&quot;0&quot;,&quot;credit&quot;:&quot;&quot;,&quot;camera&quot;:&quot;&quot;,&quot;caption&quot;:&quot;&quot;,&quot;created_timestamp&quot;:&quot;0&quot;,&quot;copyright&quot;:&quot;&quot;,&quot;focal_length&quot;:&quot;0&quot;,&quot;iso&quot;:&quot;0&quot;,&quot;shutter_speed&quot;:&quot;0&quot;,&quot;title&quot;:&quot;&quot;,&quot;orientation&quot;:&quot;0&quot;}\" data-image-title=\"doi\" data-image-description=\"\" data-image-caption=\"\" data-medium-file=\"https:\/\/i0.wp.com\/blogdalucianaoliveira.com.br\/blog\/wp-content\/uploads\/2018\/01\/doi.png?fit=300%2C121\" data-large-file=\"https:\/\/i0.wp.com\/blogdalucianaoliveira.com.br\/blog\/wp-content\/uploads\/2018\/01\/doi.png?fit=600%2C241\" src=\"https:\/\/i0.wp.com\/blogdalucianaoliveira.com.br\/blog\/wp-content\/uploads\/2018\/01\/doi.png?resize=600%2C241\" alt=\"doi\" width=\"600\" height=\"241\" class=\"alignnone size-full wp-image-16197\" srcset=\"https:\/\/i0.wp.com\/blogdalucianaoliveira.com.br\/blog\/wp-content\/uploads\/2018\/01\/doi.png?w=1170 1170w, https:\/\/i0.wp.com\/blogdalucianaoliveira.com.br\/blog\/wp-content\/uploads\/2018\/01\/doi.png?resize=300%2C121 300w, https:\/\/i0.wp.com\/blogdalucianaoliveira.com.br\/blog\/wp-content\/uploads\/2018\/01\/doi.png?resize=768%2C309 768w, https:\/\/i0.wp.com\/blogdalucianaoliveira.com.br\/blog\/wp-content\/uploads\/2018\/01\/doi.png?resize=1024%2C411 1024w, https:\/\/i0.wp.com\/blogdalucianaoliveira.com.br\/blog\/wp-content\/uploads\/2018\/01\/doi.png?resize=747%2C300 747w\" sizes=\"auto, (max-width: 600px) 100vw, 600px\" \/><\/p>\n<p>Do Rep\u00f3rteres Sem Fronteiras &#8211; Em apenas dois dias, um jornalista que denunciava irregularidades no estado de Rond\u00f4nia e um radialista do estado de Goi\u00e1s, conhecido por seus programas pol\u00eamicos, foram assassinados no Brasil. A Rep\u00f3rteres sem Fronteiras (RSF) denuncia esses assassinatos deliberados e pede \u00e0s autoridades que privilegiem nas investiga\u00e7\u00f5es dos crimes a poss\u00edvel rela\u00e7\u00e3o com o trabalho jornal\u00edstico.<!--more--><\/p>\n<p>O jornalista Ueliton Bayer Brizon, propriet\u00e1rio do site de not\u00edcias Jornal de Rond\u00f4nia, foi assassinado na \u00faltima ter\u00e7a-feira, 16 de janeiro 2018, em Cacoal, cidade de 90 mil habitantes, no interior do estado de Rond\u00f4nia. De acordo com informa\u00e7\u00f5es da imprensa local, Ueliton foi executado quando se deslocava de moto com a mulher pela cidade por um homem, tamb\u00e9m de moto, que efetuou os disparos e fugiu.<\/p>\n<p>No site, o jornalista publicava not\u00edcias relacionadas aos acontecimentos de Cacoal, em particular sobre a pol\u00edtica local. De acordo com a nota de pesar emitida pela Associa\u00e7\u00e3o Cacoalense de Imprensa (ACI), o jornalista era atuante e mantinha uma linha editorial respaldada pela \u00e9tica. Ele era tamb\u00e9m presidente municipal do partido PHS e suplente de vereador.<\/p>\n<p>Na cidade de Edealina, no sul do estado de Goi\u00e1s, o jornalista Jefferson Pureza Lopes, que apresentava um programa na r\u00e1dio local Beira Rio FM, foi assassinado no dia 17 de janeiro. Dois homens armados invadiram a casa do jornalista e atiraram diversas vezes. A pol\u00edcia civil anunciou que est\u00e1 apurando diversas pistas e reconheceu que o programa de Jefferson Pureza Lopes, que abordava a atualidade da regi\u00e3o, era bastante conhecido e n\u00e3o agradava \u00e0s autoridades locais. Em novembro de 2017, a r\u00e1dio Beira Rio FM foi incendiada e os respons\u00e1veis nunca foram identificados. De acordo com um amigo, o jornalista vinha sendo alvo de uma s\u00e9rie de amea\u00e7as h\u00e1 mais de um ano.<\/p>\n<p>\u201cA Rep\u00f3rteres sem Fronteiras pede \u00e0s autoridades de Rond\u00f4nia e Goi\u00e1s que identifiquem o quanto antes os respons\u00e1veis desses crimes covardes\u201d, declarou Emmanuel Colombi\u00e9, diretor regional para a Am\u00e9rica Latina da organiza\u00e7\u00e3o. \u201cA hip\u00f3tese de que estes assassinatos estejam relacionados com o trabalho jornal\u00edstico deve ser uma linha privilegiada na investiga\u00e7\u00e3o. A viol\u00eancia contra jornalistas e comunicadores cr\u00edticos \u00e9 recorrente no Brasil e constitui uma das principais amea\u00e7as ao direito \u00e0 liberdade de express\u00e3o no pa\u00eds\u201d.<\/p>\n<p>Desde 2010, ao menos 26 jornalistas e comunicadores foram assassinados no pa\u00eds em rela\u00e7\u00e3o com seu exerc\u00edcio professional. Na madrugada do dia 28 de dezembro de 2017, o jornalista Gabriel Barbosa da Silva, colaborador do site de not\u00edcias Verbo Online, foi v\u00edtima de uma tentativa de assassinato em Embu das Artes, no estado de S\u00e3o Paulo.<\/p>\n<p>O Brasil se encontra na 103a posi\u00e7\u00e3o, entre 180 pa\u00edses, no Ranking Mundial da Liberdade de Imprensa 2017 elaborado pela Rep\u00f3rteres sem Fronteiras.<\/p>\n<p>BRASIL<\/p>\n","protected":false},"excerpt":{"rendered":"<p>Do Rep\u00f3rteres Sem Fronteiras &#8211; Em apenas dois dias, um jornalista que denunciava irregularidades no estado de Rond\u00f4nia e um radialista do estado de Goi\u00e1s, conhecido por seus programas pol\u00eamicos, foram assassinados no Brasil. A Rep\u00f3rteres sem Fronteiras (RSF) denuncia esses assassinatos deliberados e pede \u00e0s autoridades que privilegiem nas investiga\u00e7\u00f5es dos crimes a poss\u00edvel&#8230;<a class=\"more-link\" href=\"http:\/\/blogdalucianaoliveira.com.br\/blog\/2018\/01\/20\/brasil-dois-jornalistas-assassinados-em-apenas-dois-dias\/\">Continue a leitura <span class=\"meta-nav\">&raquo;<\/span><\/a><\/p>\n","protected":false},"author":1,"featured_media":0,"comment_status":"closed","ping_status":"open","sticky":false,"template":"","format":"standard","meta":{"_exactmetrics_skip_tracking":false,"_exactmetrics_sitenote_active":false,"_exactmetrics_sitenote_note":"","_exactmetrics_sitenote_category":0,"jetpack_post_was_ever_published":false,"_jetpack_newsletter_access":"","_jetpack_dont_email_post_to_subs":false,"_jetpack_newsletter_tier_id":0,"_jetpack_memberships_contains_paywalled_content":false,"_jetpack_memberships_contains_paid_content":false,"footnotes":"","jetpack_publicize_message":"","jetpack_publicize_feature_enabled":true,"jetpack_social_post_already_shared":true,"jetpack_social_options":{"image_generator_settings":{"template":"highway","enabled":false},"version":2}},"categories":[1],"tags":[],"class_list":["post-16196","post","type-post","status-publish","format-standard","hentry","category-notas"],"jetpack_publicize_connections":[],"jetpack_sharing_enabled":true,"jetpack_featured_media_url":"","jetpack_shortlink":"https:\/\/wp.me\/p7wKYW-4de","jetpack-related-posts":[],"_links":{"self":[{"href":"http:\/\/blogdalucianaoliveira.com.br\/blog\/wp-json\/wp\/v2\/posts\/16196","targetHints":{"allow":["GET"]}}],"collection":[{"href":"http:\/\/blogdalucianaoliveira.com.br\/blog\/wp-json\/wp\/v2\/posts"}],"about":[{"href":"http:\/\/blogdalucianaoliveira.com.br\/blog\/wp-json\/wp\/v2\/types\/post"}],"author":[{"embeddable":true,"href":"http:\/\/blogdalucianaoliveira.com.br\/blog\/wp-json\/wp\/v2\/users\/1"}],"replies":[{"embeddable":true,"href":"http:\/\/blogdalucianaoliveira.com.br\/blog\/wp-json\/wp\/v2\/comments?post=16196"}],"version-history":[{"count":1,"href":"http:\/\/blogdalucianaoliveira.com.br\/blog\/wp-json\/wp\/v2\/posts\/16196\/revisions"}],"predecessor-version":[{"id":16198,"href":"http:\/\/blogdalucianaoliveira.com.br\/blog\/wp-json\/wp\/v2\/posts\/16196\/revisions\/16198"}],"wp:attachment":[{"href":"http:\/\/blogdalucianaoliveira.com.br\/blog\/wp-json\/wp\/v2\/media?parent=16196"}],"wp:term":[{"taxonomy":"category","embeddable":true,"href":"http:\/\/blogdalucianaoliveira.com.br\/blog\/wp-json\/wp\/v2\/categories?post=16196"},{"taxonomy":"post_tag","embeddable":true,"href":"http:\/\/blogdalucianaoliveira.com.br\/blog\/wp-json\/wp\/v2\/tags?post=16196"}],"curies":[{"name":"wp","href":"https:\/\/api.w.org\/{rel}","templated":true}]}}