{"id":16201,"date":"2018-01-21T12:29:54","date_gmt":"2018-01-21T16:29:54","guid":{"rendered":"http:\/\/blogdalucianaoliveira.com.br\/blog\/?p=16201"},"modified":"2018-01-21T12:29:54","modified_gmt":"2018-01-21T16:29:54","slug":"centenas-de-milhares-de-mulheres-se-manifestam-nas-grandes-cidades-dos-eua-contra-trump-e-o-machismo","status":"publish","type":"post","link":"http:\/\/blogdalucianaoliveira.com.br\/blog\/2018\/01\/21\/centenas-de-milhares-de-mulheres-se-manifestam-nas-grandes-cidades-dos-eua-contra-trump-e-o-machismo\/","title":{"rendered":"Centenas de milhares de mulheres se manifestam nas grandes cidades dos EUA contra Trump e o machismo"},"content":{"rendered":"<p><img data-recalc-dims=\"1\" loading=\"lazy\" decoding=\"async\" data-attachment-id=\"16202\" data-permalink=\"http:\/\/blogdalucianaoliveira.com.br\/blog\/2018\/01\/21\/centenas-de-milhares-de-mulheres-se-manifestam-nas-grandes-cidades-dos-eua-contra-trump-e-o-machismo\/mau\/\" data-orig-file=\"https:\/\/i0.wp.com\/blogdalucianaoliveira.com.br\/blog\/wp-content\/uploads\/2018\/01\/mau.jpg?fit=1960%2C1111\" data-orig-size=\"1960,1111\" data-comments-opened=\"0\" data-image-meta=\"{&quot;aperture&quot;:&quot;0&quot;,&quot;credit&quot;:&quot;&quot;,&quot;camera&quot;:&quot;&quot;,&quot;caption&quot;:&quot;&quot;,&quot;created_timestamp&quot;:&quot;0&quot;,&quot;copyright&quot;:&quot;&quot;,&quot;focal_length&quot;:&quot;0&quot;,&quot;iso&quot;:&quot;0&quot;,&quot;shutter_speed&quot;:&quot;0&quot;,&quot;title&quot;:&quot;&quot;,&quot;orientation&quot;:&quot;0&quot;}\" data-image-title=\"mau\" data-image-description=\"\" data-image-caption=\"\" data-medium-file=\"https:\/\/i0.wp.com\/blogdalucianaoliveira.com.br\/blog\/wp-content\/uploads\/2018\/01\/mau.jpg?fit=300%2C170\" data-large-file=\"https:\/\/i0.wp.com\/blogdalucianaoliveira.com.br\/blog\/wp-content\/uploads\/2018\/01\/mau.jpg?fit=600%2C340\" src=\"https:\/\/i0.wp.com\/blogdalucianaoliveira.com.br\/blog\/wp-content\/uploads\/2018\/01\/mau.jpg?resize=600%2C340\" alt=\"mau\" width=\"600\" height=\"340\" class=\"alignnone size-full wp-image-16202\" srcset=\"https:\/\/i0.wp.com\/blogdalucianaoliveira.com.br\/blog\/wp-content\/uploads\/2018\/01\/mau.jpg?w=1960 1960w, https:\/\/i0.wp.com\/blogdalucianaoliveira.com.br\/blog\/wp-content\/uploads\/2018\/01\/mau.jpg?resize=300%2C170 300w, https:\/\/i0.wp.com\/blogdalucianaoliveira.com.br\/blog\/wp-content\/uploads\/2018\/01\/mau.jpg?resize=768%2C435 768w, https:\/\/i0.wp.com\/blogdalucianaoliveira.com.br\/blog\/wp-content\/uploads\/2018\/01\/mau.jpg?resize=1024%2C580 1024w, https:\/\/i0.wp.com\/blogdalucianaoliveira.com.br\/blog\/wp-content\/uploads\/2018\/01\/mau.jpg?resize=529%2C300 529w, https:\/\/i0.wp.com\/blogdalucianaoliveira.com.br\/blog\/wp-content\/uploads\/2018\/01\/mau.jpg?w=1200 1200w, https:\/\/i0.wp.com\/blogdalucianaoliveira.com.br\/blog\/wp-content\/uploads\/2018\/01\/mau.jpg?w=1800 1800w\" sizes=\"auto, (max-width: 600px) 100vw, 600px\" \/><\/p>\n<p>Um ano depois da primeira mobiliza\u00e7\u00e3o, o alvo s\u00e3o as elei\u00e7\u00f5es legislativas de 2018<!--more--><\/p>\n<p>No El Pa\u00eds &#8211; Milhares de pessoas se manifestaram neste s\u00e1bado (20) em Washington, Nova York, Los Angeles e dezenas de outras cidades importantes dos Estados Unidos contra as pol\u00edticas conservadoras de Donald Trump, quando se completa um ano de sua chegada \u00e0 Casa Branca e, tamb\u00e9m, de uma primeira Marcha das Mulheres que &#8211; ent\u00e3o n\u00e3o se sabia &#8211; seria o primeiro s\u00edmbolo de um tremendo vendaval feminista em escala global. Entre camisetas com o rosto da Princesa Leia, a hero\u00edna de Star Wars, cita\u00e7\u00f5es hist\u00f3ricas de Eleanor Roosevelt e m\u00faltiplas refer\u00eancias a pussy (g\u00edria norte-americana para vagina) &#8211; \u201cPussy power\u201d, \u201cEsta pussy tem garras\u201d, \u201cSou a \u00fanica propriet\u00e1ria da minha pussy\u201d &#8211; o protesto mostrou sua musculatura ao longo do espelho d\u2019\u00e1gua do monumento a Lincoln na capital norte-americana. Trata-se de um lugar carregado de simbolismo, onde Martin Luther King proferiu o famoso discurso \u201cEu tenho um sonho\u201d.<\/p>\n<p>Mais que de sonhos, por\u00e9m, a jovem Jamie Albaum recitava queixas na manh\u00e3 deste s\u00e1bado, diante da escadaria do monumento. \u201cA igualdade entre homens e mulheres j\u00e1 est\u00e1 escrita nas leis, mas n\u00e3o \u00e9 real na pr\u00e1tica, e eu estou aqui lutando por isso.\u201d Albaum, de 22 anos, \u00e9 das que acreditam que 2017 foi um divisor de \u00e1guas no movimento feminista, que marcar\u00e1 um antes e um depois nas reivindica\u00e7\u00f5es contra a discrimina\u00e7\u00e3o e o ass\u00e9dio. Quando perguntada sobre o risco de uma onda de puritanismo surgir em decorr\u00eancia de tantos protestos, ela arqueia as sobrancelhas at\u00e9 que estas se destaquem sobre os \u00f3culos de sol: \u201cO ass\u00e9dio \u00e9 um problema muito grave para muitas mulheres no trabalho. N\u00e3o estou de acordo com quem diz que \u00e9 uma ca\u00e7a \u00e0s bruxas. N\u00e3o \u00e9, porque \u00e9 s\u00f3 quest\u00e3o de tempo at\u00e9 que se os perpetradores sejam levados \u00e0 Justi\u00e7a por crimes que duraram muito tempo\u201d.<\/p>\n<p>A manifesta\u00e7\u00e3o do ano passado em Washington foi uma das maiores da hist\u00f3ria norte-americana, convocada para protestar contra a chegada ao poder de um candidato que se caracterizou por seus pronunciamentos racistas e machistas, e que tamb\u00e9m foi alvo de s\u00e9rias acusa\u00e7\u00f5es de ass\u00e9dio. J\u00e1 o protesto deste s\u00e1bado reuniu bem menos gente, mas tinha uma pauta muito clara: derrotar os republicanos nas elei\u00e7\u00f5es legislativas de 2018. A ONG Emily\u2019s List, que promove a participa\u00e7\u00e3o das mulheres na pol\u00edtica, afirma que, desde a elei\u00e7\u00e3o presidencial de 2016, 25.000 mulheres procuraram seus escrit\u00f3rios para manifestar a inten\u00e7\u00e3o de disputar algum cargo eletivo. Em 2016, um ano eleitoral, apenas 920 tomaram essa iniciativa. A resist\u00eancia a Trump parece menos febril, por\u00e9m mais organizada, ap\u00f3s estes 12 meses de pol\u00edticas sociais regressivas em assuntos como aborto, direitos LGTBs e imigra\u00e7\u00e3o.<\/p>\n<p>\u201cAgarre ele pelas legislativas\u201d, propunha um cartaz, parafraseando a frase que Trump disse na grava\u00e7\u00e3o de um programa televisivo uma d\u00e9cada atr\u00e1s, quando se vangloriava de poder assediar as mulheres gra\u00e7as \u00e0 sua fama e seu poder: \u201cVoc\u00ea pode fazer o que quiser, agarr\u00e1-las pela boceta\u201d. H\u00e1 quem veja na Marcha das Mulheres a semente do que foi o movimento antiass\u00e9dio Me Too (\u201ceu tamb\u00e9m\u201d). Em Nova York, Tarana Burke, que criou o lema h\u00e1 mais de uma d\u00e9cada, incentivava os manifestantes: \u201cSomos mais fortes que o medo\u201d, clamou. \u201cOs homens de qualidade n\u00e3o temem a igualdade.\u201d<\/p>\n<p>O protesto reuniu mais de 200.000 pessoas nas ruas de Manhattan. \u201cHavia muita raiva pela chegada de Donald Trump\u201d no ano passado, recorda Katherine Siemionko, uma das organizadoras, \u201cmas agora j\u00e1 n\u00e3o \u00e9 por ele, \u00e9 por n\u00f3s\u201d. Isso explica que a Marcha das Mulheres tenha se tornado um fen\u00f4meno global, e que as manifesta\u00e7\u00f5es, como j\u00e1 ocorreu h\u00e1 um ano, se reproduzam em diversas cidades do mundo ao longo do fim de semana.<\/p>\n<p>\u201cAs mulheres se ergueram porque perceberam que n\u00e3o h\u00e1 igualdade e entenderam que precisavam agir rapidamente\u201d, disse Siemionko, \u201cporque esta Administra\u00e7\u00e3o n\u00e3o vai proteger seus direitos mais b\u00e1sicos. Tampouco os direitos dos imigrantes, da comunidade LGBTQ+, dos deficientes e dos n\u00e3o brancos\u201d.<\/p>\n<p>Nova York \u00e9 h\u00e1 d\u00e9cadas o lar dessas comunidades. \u00c9 a metr\u00f3pole mais diversificada do pa\u00eds e a que se gaba de ser o porta-estandarte da igualdade. Por isso, a cidade dos arranha-c\u00e9us virou, desde a vit\u00f3ria de Trump, o grande eixo da resist\u00eancia contra as pol\u00edticas que emanam de Washington. \u201cSuas leis destroem os sonhos de milh\u00f5es\u201d, denunciava outro dos cartazes.<\/p>\n<p>Em Nova York, ao final do protesto organizou-se um evento que tinha como objetivo arrecadar fundos para ajudar as mulheres com aspira\u00e7\u00f5es pol\u00edticas a apresentarem suas candidaturas. \u201cO pr\u00f3ximo passo s\u00e3o as urnas\u201d, dizem as respons\u00e1veis pela campanha VoteRunLead (\u201cvote-concorra-lidere\u201d).<\/p>\n","protected":false},"excerpt":{"rendered":"<p>Um ano depois da primeira mobiliza\u00e7\u00e3o, o alvo s\u00e3o as elei\u00e7\u00f5es legislativas de 2018<\/p>\n","protected":false},"author":1,"featured_media":0,"comment_status":"closed","ping_status":"open","sticky":false,"template":"","format":"standard","meta":{"_exactmetrics_skip_tracking":false,"_exactmetrics_sitenote_active":false,"_exactmetrics_sitenote_note":"","_exactmetrics_sitenote_category":0,"jetpack_post_was_ever_published":false,"_jetpack_newsletter_access":"","_jetpack_dont_email_post_to_subs":false,"_jetpack_newsletter_tier_id":0,"_jetpack_memberships_contains_paywalled_content":false,"_jetpack_memberships_contains_paid_content":false,"footnotes":"","jetpack_publicize_message":"","jetpack_publicize_feature_enabled":true,"jetpack_social_post_already_shared":true,"jetpack_social_options":{"image_generator_settings":{"template":"highway","enabled":false},"version":2}},"categories":[1],"tags":[],"class_list":["post-16201","post","type-post","status-publish","format-standard","hentry","category-notas"],"jetpack_publicize_connections":[],"jetpack_sharing_enabled":true,"jetpack_featured_media_url":"","jetpack_shortlink":"https:\/\/wp.me\/p7wKYW-4dj","jetpack-related-posts":[],"_links":{"self":[{"href":"http:\/\/blogdalucianaoliveira.com.br\/blog\/wp-json\/wp\/v2\/posts\/16201","targetHints":{"allow":["GET"]}}],"collection":[{"href":"http:\/\/blogdalucianaoliveira.com.br\/blog\/wp-json\/wp\/v2\/posts"}],"about":[{"href":"http:\/\/blogdalucianaoliveira.com.br\/blog\/wp-json\/wp\/v2\/types\/post"}],"author":[{"embeddable":true,"href":"http:\/\/blogdalucianaoliveira.com.br\/blog\/wp-json\/wp\/v2\/users\/1"}],"replies":[{"embeddable":true,"href":"http:\/\/blogdalucianaoliveira.com.br\/blog\/wp-json\/wp\/v2\/comments?post=16201"}],"version-history":[{"count":1,"href":"http:\/\/blogdalucianaoliveira.com.br\/blog\/wp-json\/wp\/v2\/posts\/16201\/revisions"}],"predecessor-version":[{"id":16203,"href":"http:\/\/blogdalucianaoliveira.com.br\/blog\/wp-json\/wp\/v2\/posts\/16201\/revisions\/16203"}],"wp:attachment":[{"href":"http:\/\/blogdalucianaoliveira.com.br\/blog\/wp-json\/wp\/v2\/media?parent=16201"}],"wp:term":[{"taxonomy":"category","embeddable":true,"href":"http:\/\/blogdalucianaoliveira.com.br\/blog\/wp-json\/wp\/v2\/categories?post=16201"},{"taxonomy":"post_tag","embeddable":true,"href":"http:\/\/blogdalucianaoliveira.com.br\/blog\/wp-json\/wp\/v2\/tags?post=16201"}],"curies":[{"name":"wp","href":"https:\/\/api.w.org\/{rel}","templated":true}]}}