{"id":16204,"date":"2018-01-21T12:33:12","date_gmt":"2018-01-21T16:33:12","guid":{"rendered":"http:\/\/blogdalucianaoliveira.com.br\/blog\/?p=16204"},"modified":"2018-01-21T12:33:12","modified_gmt":"2018-01-21T16:33:12","slug":"advogados-trabalhistas-recorrem-ao-supremo-contra-posse-de-cristiane-brasil","status":"publish","type":"post","link":"http:\/\/blogdalucianaoliveira.com.br\/blog\/2018\/01\/21\/advogados-trabalhistas-recorrem-ao-supremo-contra-posse-de-cristiane-brasil\/","title":{"rendered":"Advogados trabalhistas recorrem ao Supremo contra posse de Cristiane Brasil"},"content":{"rendered":"<p><img data-recalc-dims=\"1\" loading=\"lazy\" decoding=\"async\" data-attachment-id=\"16070\" data-permalink=\"http:\/\/blogdalucianaoliveira.com.br\/blog\/cri-2\/\" data-orig-file=\"https:\/\/i0.wp.com\/blogdalucianaoliveira.com.br\/blog\/wp-content\/uploads\/2018\/01\/cri.jpg?fit=278%2C182\" data-orig-size=\"278,182\" data-comments-opened=\"0\" data-image-meta=\"{&quot;aperture&quot;:&quot;0&quot;,&quot;credit&quot;:&quot;&quot;,&quot;camera&quot;:&quot;&quot;,&quot;caption&quot;:&quot;&quot;,&quot;created_timestamp&quot;:&quot;0&quot;,&quot;copyright&quot;:&quot;&quot;,&quot;focal_length&quot;:&quot;0&quot;,&quot;iso&quot;:&quot;0&quot;,&quot;shutter_speed&quot;:&quot;0&quot;,&quot;title&quot;:&quot;&quot;,&quot;orientation&quot;:&quot;0&quot;}\" data-image-title=\"cri\" data-image-description=\"\" data-image-caption=\"\" data-medium-file=\"https:\/\/i0.wp.com\/blogdalucianaoliveira.com.br\/blog\/wp-content\/uploads\/2018\/01\/cri.jpg?fit=278%2C182\" data-large-file=\"https:\/\/i0.wp.com\/blogdalucianaoliveira.com.br\/blog\/wp-content\/uploads\/2018\/01\/cri.jpg?fit=278%2C182\" src=\"https:\/\/i0.wp.com\/blogdalucianaoliveira.com.br\/blog\/wp-content\/uploads\/2018\/01\/cri.jpg?resize=278%2C182\" alt=\"cri\" width=\"278\" height=\"182\" class=\"alignnone size-full wp-image-16070\" \/><\/p>\n<p>No El Pa\u00eds &#8211; O ministro Gilmar Mendes vai relatar a reclama\u00e7\u00e3o que pretende impedir a posse da deputada Cristiane Brasil como ministra do TrabalhoGilmar Felix\/ C\u00e2mara dos Deputados.<!--more--><\/p>\n<p>Autor da a\u00e7\u00e3o popular que impediu a nomea\u00e7\u00e3o e a posse da deputada Cristiane Brasil (PTB-RJ) como ministra do Trabalho, o Movimento dos Advogados Trabalhistas Independentes (Mati) protocolou no Supremo Tribunal Federal (STF) pedido de liminar contra a decis\u00e3o do vice-presidente do Superior Tribunal de Justi\u00e7a (STJ), ministro Humberto Martins, que suspendeu ontem (20) a decis\u00e3o da 4\u00aa Vara Federal de Niter\u00f3i, que impedia a posse da deputada.<\/p>\n<p>O ministro Gilmar Mendes foi escolhido relator da reclama\u00e7\u00e3o, protocolada na noite desse s\u00e1bado no STF.<\/p>\n<p>No documento, o Mati, que re\u00fane cerca de 300 advogados especializados em direito do trabalho, argumenta que a decis\u00e3o do vice-presidente do STJ \u00e9 inconstitucional, pois fere compet\u00eancia do STF.<\/p>\n<p>\u201cProva maior, portanto, de que a ofensa [\u00e0 Constitui\u00e7\u00e3o] \u00e9 direta, e n\u00e3o reflexa. Observe-se que o debate que se travou nas inst\u00e2ncias origin\u00e1rias avaliou e cotejou diretamente e t\u00e3o somente comandos e princ\u00edpios constitucionais\u201d, afirma o movimento na reclama\u00e7\u00e3o.<\/p>\n<p>Saiba Mais<\/p>\n<p>De acordo com o Mati, a a\u00e7\u00e3o popular que impedida a nomea\u00e7\u00e3o e posse da deputada Cristiane Brasil tem como base os artigos 2\u00ba (independ\u00eancia entre os poderes), 37\u00ba (princ\u00edpio da moralidade administrativa) e 87\u00ba (compet\u00eancia para escolha de ministros) da Constitui\u00e7\u00e3o Federal.<\/p>\n<p>\u201c\u00c9, portanto, a reclama\u00e7\u00e3o ao Supremo Tribunal Federal a \u00fanica via para que a ordem jur\u00eddica seja reestabelecida e os autos encaminhados para an\u00e1lise do seu ju\u00edzo natural, o que se requer\u201d. Al\u00e9m disso, o Mati ressalta a urg\u00eancia da liminar visto que o Pal\u00e1cio do Planalto marcou para amanh\u00e3 (22) a posse de Cristiane Brasil como ministra do Trabalho.<\/p>\n<p>\u201cFato \u00e9, p\u00fablico e not\u00f3rio, ali\u00e1s, noticiado pelo oficialmente governo federal, que a posse da ministra est\u00e1 agendada para segunda-feira. N\u00e3o h\u00e1, portanto, tempo h\u00e1bil para se aguardar dila\u00e7\u00e3o probat\u00f3ria ou oferecimento do contradit\u00f3rio\u201d.<\/p>\n<p>Na reclama\u00e7\u00e3o, os advogados refor\u00e7am o entendimento de que a eventual nomea\u00e7\u00e3o e posse da deputada como ministra do Trabalho representar\u00e1 afronta ao princ\u00edpio da moralidade administrativa.<\/p>\n<p>\u201cEfetivamente, choca a sociedade ter uma ministra do Trabalho com condena\u00e7\u00f5es trabalhistas, assim como chocaria um presidente de Departamento de Tr\u00e2nsito que acumula infra\u00e7\u00f5es de tr\u00e2nsito ou um presidente de Banco estatal com restri\u00e7\u00f5es no Serasa. A hip\u00f3tese, portanto, \u00e9 de avalia\u00e7\u00e3o da pertin\u00eancia tem\u00e1tica entre a restri\u00e7\u00e3o apontada e o cargo pretendido como fato gerador de imoralidade\u201d.<\/p>\n<p>Entenda o caso<\/p>\n<p>Indicada ao cargo pelo pai e presidente do PTB, o ex-deputado Roberto Jefferson, Cristiane Brasil foi anunciada pelo presidente Michel Temer ministra do Trabalho em 3 de janeiro, mas foi impedida de tomar posse por for\u00e7a de uma decis\u00e3o liminar (provis\u00f3ria) do juiz Leonardo da Costa Couceiro, da 4\u00aa Vara Federal de Niter\u00f3i, proferida em 8 de janeiro.<\/p>\n<p>Contra a liminar, a Advocacia-Geral da Uni\u00e3o (AGU) e a defesa da parlamentar apresentaram agravos de instrumento. O Tribunal Regional Federal da 2\u00aa Regi\u00e3o (TRF2) negou, liminarmente, os pedidos da Uni\u00e3o e de Cristiane Brasil.<\/p>\n<p>Edi\u00e7\u00e3o: Armando Cardoso<\/p>\n","protected":false},"excerpt":{"rendered":"<p>No El Pa\u00eds &#8211; O ministro Gilmar Mendes vai relatar a reclama\u00e7\u00e3o que pretende impedir a posse da deputada Cristiane Brasil como ministra do TrabalhoGilmar Felix\/ C\u00e2mara dos Deputados.<\/p>\n","protected":false},"author":1,"featured_media":0,"comment_status":"closed","ping_status":"open","sticky":false,"template":"","format":"standard","meta":{"_exactmetrics_skip_tracking":false,"_exactmetrics_sitenote_active":false,"_exactmetrics_sitenote_note":"","_exactmetrics_sitenote_category":0,"jetpack_post_was_ever_published":false,"_jetpack_newsletter_access":"","_jetpack_dont_email_post_to_subs":false,"_jetpack_newsletter_tier_id":0,"_jetpack_memberships_contains_paywalled_content":false,"_jetpack_memberships_contains_paid_content":false,"footnotes":"","jetpack_publicize_message":"","jetpack_publicize_feature_enabled":true,"jetpack_social_post_already_shared":true,"jetpack_social_options":{"image_generator_settings":{"template":"highway","enabled":false},"version":2}},"categories":[1],"tags":[],"class_list":["post-16204","post","type-post","status-publish","format-standard","hentry","category-notas"],"jetpack_publicize_connections":[],"jetpack_sharing_enabled":true,"jetpack_featured_media_url":"","jetpack_shortlink":"https:\/\/wp.me\/p7wKYW-4dm","jetpack-related-posts":[],"_links":{"self":[{"href":"http:\/\/blogdalucianaoliveira.com.br\/blog\/wp-json\/wp\/v2\/posts\/16204","targetHints":{"allow":["GET"]}}],"collection":[{"href":"http:\/\/blogdalucianaoliveira.com.br\/blog\/wp-json\/wp\/v2\/posts"}],"about":[{"href":"http:\/\/blogdalucianaoliveira.com.br\/blog\/wp-json\/wp\/v2\/types\/post"}],"author":[{"embeddable":true,"href":"http:\/\/blogdalucianaoliveira.com.br\/blog\/wp-json\/wp\/v2\/users\/1"}],"replies":[{"embeddable":true,"href":"http:\/\/blogdalucianaoliveira.com.br\/blog\/wp-json\/wp\/v2\/comments?post=16204"}],"version-history":[{"count":1,"href":"http:\/\/blogdalucianaoliveira.com.br\/blog\/wp-json\/wp\/v2\/posts\/16204\/revisions"}],"predecessor-version":[{"id":16205,"href":"http:\/\/blogdalucianaoliveira.com.br\/blog\/wp-json\/wp\/v2\/posts\/16204\/revisions\/16205"}],"wp:attachment":[{"href":"http:\/\/blogdalucianaoliveira.com.br\/blog\/wp-json\/wp\/v2\/media?parent=16204"}],"wp:term":[{"taxonomy":"category","embeddable":true,"href":"http:\/\/blogdalucianaoliveira.com.br\/blog\/wp-json\/wp\/v2\/categories?post=16204"},{"taxonomy":"post_tag","embeddable":true,"href":"http:\/\/blogdalucianaoliveira.com.br\/blog\/wp-json\/wp\/v2\/tags?post=16204"}],"curies":[{"name":"wp","href":"https:\/\/api.w.org\/{rel}","templated":true}]}}