{"id":16206,"date":"2018-01-21T18:36:53","date_gmt":"2018-01-21T22:36:53","guid":{"rendered":"http:\/\/blogdalucianaoliveira.com.br\/blog\/?p=16206"},"modified":"2018-01-21T18:36:53","modified_gmt":"2018-01-21T22:36:53","slug":"campanha-da-globo-sai-pela-culatra-e-internautas-pedem-brasil-sem-golpe","status":"publish","type":"post","link":"http:\/\/blogdalucianaoliveira.com.br\/blog\/2018\/01\/21\/campanha-da-globo-sai-pela-culatra-e-internautas-pedem-brasil-sem-golpe\/","title":{"rendered":"CAMPANHA DA GLOBO SAI PELA CULATRA E INTERNAUTAS PEDEM BRASIL SEM GOLPE"},"content":{"rendered":"<p><img data-recalc-dims=\"1\" loading=\"lazy\" decoding=\"async\" data-attachment-id=\"16207\" data-permalink=\"http:\/\/blogdalucianaoliveira.com.br\/blog\/2018\/01\/21\/campanha-da-globo-sai-pela-culatra-e-internautas-pedem-brasil-sem-golpe\/camp\/\" data-orig-file=\"https:\/\/i0.wp.com\/blogdalucianaoliveira.com.br\/blog\/wp-content\/uploads\/2018\/01\/camp.jpg?fit=1000%2C357\" data-orig-size=\"1000,357\" data-comments-opened=\"0\" data-image-meta=\"{&quot;aperture&quot;:&quot;0&quot;,&quot;credit&quot;:&quot;&quot;,&quot;camera&quot;:&quot;&quot;,&quot;caption&quot;:&quot;&quot;,&quot;created_timestamp&quot;:&quot;0&quot;,&quot;copyright&quot;:&quot;&quot;,&quot;focal_length&quot;:&quot;0&quot;,&quot;iso&quot;:&quot;0&quot;,&quot;shutter_speed&quot;:&quot;0&quot;,&quot;title&quot;:&quot;&quot;,&quot;orientation&quot;:&quot;0&quot;}\" data-image-title=\"camp\" data-image-description=\"\" data-image-caption=\"\" data-medium-file=\"https:\/\/i0.wp.com\/blogdalucianaoliveira.com.br\/blog\/wp-content\/uploads\/2018\/01\/camp.jpg?fit=300%2C107\" data-large-file=\"https:\/\/i0.wp.com\/blogdalucianaoliveira.com.br\/blog\/wp-content\/uploads\/2018\/01\/camp.jpg?fit=600%2C214\" src=\"https:\/\/i0.wp.com\/blogdalucianaoliveira.com.br\/blog\/wp-content\/uploads\/2018\/01\/camp.jpg?resize=600%2C214\" alt=\"camp\" width=\"600\" height=\"214\" class=\"alignnone size-full wp-image-16207\" srcset=\"https:\/\/i0.wp.com\/blogdalucianaoliveira.com.br\/blog\/wp-content\/uploads\/2018\/01\/camp.jpg?w=1000 1000w, https:\/\/i0.wp.com\/blogdalucianaoliveira.com.br\/blog\/wp-content\/uploads\/2018\/01\/camp.jpg?resize=300%2C107 300w, https:\/\/i0.wp.com\/blogdalucianaoliveira.com.br\/blog\/wp-content\/uploads\/2018\/01\/camp.jpg?resize=768%2C274 768w, https:\/\/i0.wp.com\/blogdalucianaoliveira.com.br\/blog\/wp-content\/uploads\/2018\/01\/camp.jpg?resize=800%2C286 800w\" sizes=\"auto, (max-width: 600px) 100vw, 600px\" \/><\/p>\n<p>247 \u2013 Depois de liderar o golpe de 2016, que instalou uma quadrilha no poder e desempregou milh\u00f5es de brasileiros, a Globo lan\u00e7ou uma campanha pedindo que internautas gravem v\u00eddeos dizendo &#8220;que Brasil desejam&#8221;.<\/p>\n<p>O resultado foi uma avalanche de cr\u00edticas \u00e0 emissora. De um lado, a jornalista Luciana Oliveira pediu um &#8220;Brasil sem m\u00eddia golpista&#8221;, que manipule as pessoas em favor da &#8220;elite do atraso&#8221;.<!--more--><\/p>\n<div class=\"jetpack-video-wrapper\"><iframe loading=\"lazy\" title=\"Luciana Oliveira manda um recado para a Globo: menos m\u00eddia golpista\" width=\"600\" height=\"338\" src=\"https:\/\/www.youtube.com\/embed\/uktgx66dqHI?feature=oembed\" frameborder=\"0\" allow=\"accelerometer; autoplay; clipboard-write; encrypted-media; gyroscope; picture-in-picture; web-share\" referrerpolicy=\"strict-origin-when-cross-origin\" allowfullscreen><\/iframe><\/div>\n<p>Tamb\u00e9m em v\u00eddeo, o professor Claret Santos afirmou que &#8220;enquanto houver Globo, n\u00e3o haver\u00e1 democracia&#8221;. &#8220;Eu quero um Brasil consciente de que, com voc\u00ea, nunca haver\u00e1 democracia&#8221;, afirmou.<\/p>\n<div class=\"jetpack-video-wrapper\"><iframe loading=\"lazy\" title=\"Claret Santos: com Globo, nunca haver\u00e1 democracia\" width=\"600\" height=\"450\" src=\"https:\/\/www.youtube.com\/embed\/i8RNhgALMdk?feature=oembed\" frameborder=\"0\" allow=\"accelerometer; autoplay; clipboard-write; encrypted-media; gyroscope; picture-in-picture; web-share\" referrerpolicy=\"strict-origin-when-cross-origin\" allowfullscreen><\/iframe><\/div>\n<p>No Rio, Ieda Paiva gravou um v\u00eddeo num hospital e pediu ao povo que &#8220;n\u00e3o valorize nada do que a Globo faz ou representa&#8221;. Ela tamb\u00e9m postou um texto de protesto no Facebook:<\/p>\n<p>A Globo esta convocando a popula\u00e7\u00e3o a enviar v\u00eddeos de lugares bonitinhos, no fundo ao qual voc\u00ea arrumadinho, bem sorridente, dever\u00e1 dizer sobre o &#8221; Pa\u00eds que voc\u00ea quer&#8221;. <\/p>\n<p>E assim ela d\u00e1 in\u00edcio a sua campanha pol\u00edtica, cutucando os internautas a terem os seus 15 segundos de fama para montar a sua base cheia de gente bonitinha em lugares bonitinhos. Que bonito, heim?<\/p>\n<p>Pe\u00e7o aos vaidosos de plant\u00e3o que n\u00e3o se deixem seduzir pelo chamamento \u00e0 vaidade e fa\u00e7am muitos, mais muitos mesmo, muitos v\u00eddeos com o real cen\u00e1rio do que temos no momento. Ou seja&#8230; <\/p>\n<p>Entupir a caixa deles com as imagens dos hospitais falidos, suas filas imensas, todas mais que n\u00e3o deveriam existir, inclusive a de desempregados. <\/p>\n<p>Mostrem o sucateamento da nossa pol\u00edcia, da sua frota, dos seus equipamentos e armas; a decad\u00eancia do ensino e abandono das escolas.<\/p>\n<p>Mostrem as imagens dos arrast\u00f5es, dos assaltos, de toda a falta de seguran\u00e7a que temos. <\/p>\n<p>Mostrem as avenidas e ruas esburacadas, viadutos sem manuten\u00e7\u00e3o, ruas sem asfalto, ilumina\u00e7\u00e3o, \u00e1reas alagadas, \u00e1reas em total abandono, esgoto a c\u00e9u aberto, mendigos que povoam as ruas, pre\u00e7os exorbitantes, invas\u00f5es de terras&#8230; <\/p>\n<p>Enfim, tudo o que estamos vivendo, inclusive, o mau atendimento que temos daqueles que deveriam lembrar de que somos n\u00f3s que pagamos o seu sal\u00e1rio, e o m\u00ednimo que eles poderiam oferecer \u00e9 educa\u00e7\u00e3o no trato com as pessoas.<\/p>\n<p>Vamos inverter o tema para o &#8221; O pa\u00eds que eu n\u00e3o quero&#8221; e manda ver nos v\u00eddeos. <\/p>\n<p>Se eles querem cenas bonitinhas para fazerem as suas mat\u00e9rias, que fa\u00e7am sozinhos.<\/p>\n<p>Se \u00e9 para o povo ajudar, que seja para mostrar o que eles n\u00e3o querem ver. <\/p>\n<p>Vamos l\u00e1 gente! <\/p>\n<p>Vamos mostrar o Pa\u00eds que n\u00e3o queremos mais e que as m\u00eddias ajudaram a construir iludindo as massas. \u00c9 hora de devolver!<\/p>\n<p>Obs: N\u00e3o valorize o que a Globo faz ou o que ela representa. <\/p>\n<p>Nada presta&#8230; <\/p>\n<div class=\"jetpack-video-wrapper\"><iframe loading=\"lazy\" title=\"Ieda Paiva: n\u00e3o valorize o que a Globo faz ou representa\" width=\"600\" height=\"338\" src=\"https:\/\/www.youtube.com\/embed\/j6_5zUy8xi4?feature=oembed\" frameborder=\"0\" allow=\"accelerometer; autoplay; clipboard-write; encrypted-media; gyroscope; picture-in-picture; web-share\" referrerpolicy=\"strict-origin-when-cross-origin\" allowfullscreen><\/iframe><\/div>\n","protected":false},"excerpt":{"rendered":"<p>247 \u2013 Depois de liderar o golpe de 2016, que instalou uma quadrilha no poder e desempregou milh\u00f5es de brasileiros, a Globo lan\u00e7ou uma campanha pedindo que internautas gravem v\u00eddeos dizendo &#8220;que Brasil desejam&#8221;. O resultado foi uma avalanche de cr\u00edticas \u00e0 emissora. De um lado, a jornalista Luciana Oliveira pediu um &#8220;Brasil sem m\u00eddia&#8230;<a class=\"more-link\" href=\"http:\/\/blogdalucianaoliveira.com.br\/blog\/2018\/01\/21\/campanha-da-globo-sai-pela-culatra-e-internautas-pedem-brasil-sem-golpe\/\">Continue a leitura <span class=\"meta-nav\">&raquo;<\/span><\/a><\/p>\n","protected":false},"author":1,"featured_media":0,"comment_status":"closed","ping_status":"open","sticky":false,"template":"","format":"standard","meta":{"_exactmetrics_skip_tracking":false,"_exactmetrics_sitenote_active":false,"_exactmetrics_sitenote_note":"","_exactmetrics_sitenote_category":0,"jetpack_post_was_ever_published":false,"_jetpack_newsletter_access":"","_jetpack_dont_email_post_to_subs":false,"_jetpack_newsletter_tier_id":0,"_jetpack_memberships_contains_paywalled_content":false,"_jetpack_memberships_contains_paid_content":false,"footnotes":"","jetpack_publicize_message":"","jetpack_publicize_feature_enabled":true,"jetpack_social_post_already_shared":true,"jetpack_social_options":{"image_generator_settings":{"template":"highway","enabled":false},"version":2}},"categories":[1],"tags":[],"class_list":["post-16206","post","type-post","status-publish","format-standard","hentry","category-notas"],"jetpack_publicize_connections":[],"jetpack_sharing_enabled":true,"jetpack_featured_media_url":"","jetpack_shortlink":"https:\/\/wp.me\/p7wKYW-4do","jetpack-related-posts":[],"_links":{"self":[{"href":"http:\/\/blogdalucianaoliveira.com.br\/blog\/wp-json\/wp\/v2\/posts\/16206","targetHints":{"allow":["GET"]}}],"collection":[{"href":"http:\/\/blogdalucianaoliveira.com.br\/blog\/wp-json\/wp\/v2\/posts"}],"about":[{"href":"http:\/\/blogdalucianaoliveira.com.br\/blog\/wp-json\/wp\/v2\/types\/post"}],"author":[{"embeddable":true,"href":"http:\/\/blogdalucianaoliveira.com.br\/blog\/wp-json\/wp\/v2\/users\/1"}],"replies":[{"embeddable":true,"href":"http:\/\/blogdalucianaoliveira.com.br\/blog\/wp-json\/wp\/v2\/comments?post=16206"}],"version-history":[{"count":1,"href":"http:\/\/blogdalucianaoliveira.com.br\/blog\/wp-json\/wp\/v2\/posts\/16206\/revisions"}],"predecessor-version":[{"id":16208,"href":"http:\/\/blogdalucianaoliveira.com.br\/blog\/wp-json\/wp\/v2\/posts\/16206\/revisions\/16208"}],"wp:attachment":[{"href":"http:\/\/blogdalucianaoliveira.com.br\/blog\/wp-json\/wp\/v2\/media?parent=16206"}],"wp:term":[{"taxonomy":"category","embeddable":true,"href":"http:\/\/blogdalucianaoliveira.com.br\/blog\/wp-json\/wp\/v2\/categories?post=16206"},{"taxonomy":"post_tag","embeddable":true,"href":"http:\/\/blogdalucianaoliveira.com.br\/blog\/wp-json\/wp\/v2\/tags?post=16206"}],"curies":[{"name":"wp","href":"https:\/\/api.w.org\/{rel}","templated":true}]}}