{"id":16209,"date":"2018-01-21T19:57:57","date_gmt":"2018-01-21T23:57:57","guid":{"rendered":"http:\/\/blogdalucianaoliveira.com.br\/blog\/?p=16209"},"modified":"2018-01-21T19:58:29","modified_gmt":"2018-01-21T23:58:29","slug":"rondonia-video-de-ativista-rondoniense-atinge-1-milhao-de-visualizacoes","status":"publish","type":"post","link":"http:\/\/blogdalucianaoliveira.com.br\/blog\/2018\/01\/21\/rondonia-video-de-ativista-rondoniense-atinge-1-milhao-de-visualizacoes\/","title":{"rendered":"ROND\u00d4NIA: V\u00eddeo de ativista rondoniense atinge 1 milh\u00e3o de visualiza\u00e7\u00f5es"},"content":{"rendered":"<p><img data-recalc-dims=\"1\" loading=\"lazy\" decoding=\"async\" data-attachment-id=\"16207\" data-permalink=\"http:\/\/blogdalucianaoliveira.com.br\/blog\/2018\/01\/21\/campanha-da-globo-sai-pela-culatra-e-internautas-pedem-brasil-sem-golpe\/camp\/\" data-orig-file=\"https:\/\/i0.wp.com\/blogdalucianaoliveira.com.br\/blog\/wp-content\/uploads\/2018\/01\/camp.jpg?fit=1000%2C357\" data-orig-size=\"1000,357\" data-comments-opened=\"0\" data-image-meta=\"{&quot;aperture&quot;:&quot;0&quot;,&quot;credit&quot;:&quot;&quot;,&quot;camera&quot;:&quot;&quot;,&quot;caption&quot;:&quot;&quot;,&quot;created_timestamp&quot;:&quot;0&quot;,&quot;copyright&quot;:&quot;&quot;,&quot;focal_length&quot;:&quot;0&quot;,&quot;iso&quot;:&quot;0&quot;,&quot;shutter_speed&quot;:&quot;0&quot;,&quot;title&quot;:&quot;&quot;,&quot;orientation&quot;:&quot;0&quot;}\" data-image-title=\"camp\" data-image-description=\"\" data-image-caption=\"\" data-medium-file=\"https:\/\/i0.wp.com\/blogdalucianaoliveira.com.br\/blog\/wp-content\/uploads\/2018\/01\/camp.jpg?fit=300%2C107\" data-large-file=\"https:\/\/i0.wp.com\/blogdalucianaoliveira.com.br\/blog\/wp-content\/uploads\/2018\/01\/camp.jpg?fit=600%2C214\" src=\"https:\/\/i0.wp.com\/blogdalucianaoliveira.com.br\/blog\/wp-content\/uploads\/2018\/01\/camp.jpg?resize=600%2C214\" alt=\"camp\" width=\"600\" height=\"214\" class=\"alignnone size-full wp-image-16207\" srcset=\"https:\/\/i0.wp.com\/blogdalucianaoliveira.com.br\/blog\/wp-content\/uploads\/2018\/01\/camp.jpg?w=1000 1000w, https:\/\/i0.wp.com\/blogdalucianaoliveira.com.br\/blog\/wp-content\/uploads\/2018\/01\/camp.jpg?resize=300%2C107 300w, https:\/\/i0.wp.com\/blogdalucianaoliveira.com.br\/blog\/wp-content\/uploads\/2018\/01\/camp.jpg?resize=768%2C274 768w, https:\/\/i0.wp.com\/blogdalucianaoliveira.com.br\/blog\/wp-content\/uploads\/2018\/01\/camp.jpg?resize=800%2C286 800w\" sizes=\"auto, (max-width: 600px) 100vw, 600px\" \/><\/p>\n<p>No Mais RO &#8211; Quem pergunta o que quer, pode ouvir a resposta que n\u00e3o quer. A jornalista rondoniense, Luciana Oliveira, mais conhecida no Brasil como ativista contra o golpe de 2016, respondeu \u00e0 pergunta da Rede Globo com um petardo que estilha\u00e7ou o s\u00edmbolo do plim plim. <!--more--><\/p>\n<p>Ela gravou um v\u00eddeo que intitulou \u201cduvido que a Globo vai divulgar meu v\u00eddeo\u201d. Claro, a Globo n\u00e3o divulgou, mas, quem precisa de Globo em se tratando da nova musa anti-golpe, Luciana Oliveira? Pois a resposta dela \u00e0 Globo atingiu agora, \u00e0s 21h (hor\u00e1rio de Bras\u00edlia) a marca de 1 milh\u00e3o de visualiza\u00e7\u00f5es s\u00f3 no Facebook, n\u00e3o contabilizados os acessos via Instagram e You Tube. <\/p>\n<p>Vejam abaixo o v\u00eddeo.<\/p>\n<div class=\"jetpack-video-wrapper\"><iframe loading=\"lazy\" title=\"Luciana Oliveira manda um recado para a Globo: menos m\u00eddia golpista\" width=\"600\" height=\"338\" src=\"https:\/\/www.youtube.com\/embed\/uktgx66dqHI?feature=oembed\" frameborder=\"0\" allow=\"accelerometer; autoplay; clipboard-write; encrypted-media; gyroscope; picture-in-picture; web-share\" referrerpolicy=\"strict-origin-when-cross-origin\" allowfullscreen><\/iframe><\/div>\n","protected":false},"excerpt":{"rendered":"<p>No Mais RO &#8211; Quem pergunta o que quer, pode ouvir a resposta que n\u00e3o quer. A jornalista rondoniense, Luciana Oliveira, mais conhecida no Brasil como ativista contra o golpe de 2016, respondeu \u00e0 pergunta da Rede Globo com um petardo que estilha\u00e7ou o s\u00edmbolo do plim plim.<\/p>\n","protected":false},"author":1,"featured_media":0,"comment_status":"closed","ping_status":"open","sticky":false,"template":"","format":"standard","meta":{"_exactmetrics_skip_tracking":false,"_exactmetrics_sitenote_active":false,"_exactmetrics_sitenote_note":"","_exactmetrics_sitenote_category":0,"jetpack_post_was_ever_published":false,"_jetpack_newsletter_access":"","_jetpack_dont_email_post_to_subs":false,"_jetpack_newsletter_tier_id":0,"_jetpack_memberships_contains_paywalled_content":false,"_jetpack_memberships_contains_paid_content":false,"footnotes":"","jetpack_publicize_message":"","jetpack_publicize_feature_enabled":true,"jetpack_social_post_already_shared":true,"jetpack_social_options":{"image_generator_settings":{"template":"highway","enabled":false},"version":2}},"categories":[1],"tags":[],"class_list":["post-16209","post","type-post","status-publish","format-standard","hentry","category-notas"],"jetpack_publicize_connections":[],"jetpack_sharing_enabled":true,"jetpack_featured_media_url":"","jetpack_shortlink":"https:\/\/wp.me\/p7wKYW-4dr","jetpack-related-posts":[],"_links":{"self":[{"href":"http:\/\/blogdalucianaoliveira.com.br\/blog\/wp-json\/wp\/v2\/posts\/16209","targetHints":{"allow":["GET"]}}],"collection":[{"href":"http:\/\/blogdalucianaoliveira.com.br\/blog\/wp-json\/wp\/v2\/posts"}],"about":[{"href":"http:\/\/blogdalucianaoliveira.com.br\/blog\/wp-json\/wp\/v2\/types\/post"}],"author":[{"embeddable":true,"href":"http:\/\/blogdalucianaoliveira.com.br\/blog\/wp-json\/wp\/v2\/users\/1"}],"replies":[{"embeddable":true,"href":"http:\/\/blogdalucianaoliveira.com.br\/blog\/wp-json\/wp\/v2\/comments?post=16209"}],"version-history":[{"count":2,"href":"http:\/\/blogdalucianaoliveira.com.br\/blog\/wp-json\/wp\/v2\/posts\/16209\/revisions"}],"predecessor-version":[{"id":16211,"href":"http:\/\/blogdalucianaoliveira.com.br\/blog\/wp-json\/wp\/v2\/posts\/16209\/revisions\/16211"}],"wp:attachment":[{"href":"http:\/\/blogdalucianaoliveira.com.br\/blog\/wp-json\/wp\/v2\/media?parent=16209"}],"wp:term":[{"taxonomy":"category","embeddable":true,"href":"http:\/\/blogdalucianaoliveira.com.br\/blog\/wp-json\/wp\/v2\/categories?post=16209"},{"taxonomy":"post_tag","embeddable":true,"href":"http:\/\/blogdalucianaoliveira.com.br\/blog\/wp-json\/wp\/v2\/tags?post=16209"}],"curies":[{"name":"wp","href":"https:\/\/api.w.org\/{rel}","templated":true}]}}