{"id":16212,"date":"2018-01-22T09:46:23","date_gmt":"2018-01-22T13:46:23","guid":{"rendered":"http:\/\/blogdalucianaoliveira.com.br\/blog\/?p=16212"},"modified":"2018-01-22T09:46:23","modified_gmt":"2018-01-22T13:46:23","slug":"2017-riqueza-de-bilionarios-aumentou-6-vezes-mais-rapido-do-que-a-de-trabalhadores","status":"publish","type":"post","link":"http:\/\/blogdalucianaoliveira.com.br\/blog\/2018\/01\/22\/2017-riqueza-de-bilionarios-aumentou-6-vezes-mais-rapido-do-que-a-de-trabalhadores\/","title":{"rendered":"2017: riqueza de bilion\u00e1rios aumentou 6 vezes mais r\u00e1pido do que a de trabalhadores"},"content":{"rendered":"<p><img data-recalc-dims=\"1\" loading=\"lazy\" decoding=\"async\" data-attachment-id=\"16213\" data-permalink=\"http:\/\/blogdalucianaoliveira.com.br\/blog\/2018\/01\/22\/2017-riqueza-de-bilionarios-aumentou-6-vezes-mais-rapido-do-que-a-de-trabalhadores\/riqu\/\" data-orig-file=\"https:\/\/i0.wp.com\/blogdalucianaoliveira.com.br\/blog\/wp-content\/uploads\/2018\/01\/riqu.jpg?fit=640%2C375\" data-orig-size=\"640,375\" data-comments-opened=\"0\" data-image-meta=\"{&quot;aperture&quot;:&quot;0&quot;,&quot;credit&quot;:&quot;&quot;,&quot;camera&quot;:&quot;&quot;,&quot;caption&quot;:&quot;&quot;,&quot;created_timestamp&quot;:&quot;0&quot;,&quot;copyright&quot;:&quot;&quot;,&quot;focal_length&quot;:&quot;0&quot;,&quot;iso&quot;:&quot;0&quot;,&quot;shutter_speed&quot;:&quot;0&quot;,&quot;title&quot;:&quot;&quot;,&quot;orientation&quot;:&quot;0&quot;}\" data-image-title=\"riqu\" data-image-description=\"\" data-image-caption=\"\" data-medium-file=\"https:\/\/i0.wp.com\/blogdalucianaoliveira.com.br\/blog\/wp-content\/uploads\/2018\/01\/riqu.jpg?fit=300%2C176\" data-large-file=\"https:\/\/i0.wp.com\/blogdalucianaoliveira.com.br\/blog\/wp-content\/uploads\/2018\/01\/riqu.jpg?fit=600%2C352\" src=\"https:\/\/i0.wp.com\/blogdalucianaoliveira.com.br\/blog\/wp-content\/uploads\/2018\/01\/riqu.jpg?resize=600%2C352\" alt=\"riqu\" width=\"600\" height=\"352\" class=\"alignnone size-full wp-image-16213\" srcset=\"https:\/\/i0.wp.com\/blogdalucianaoliveira.com.br\/blog\/wp-content\/uploads\/2018\/01\/riqu.jpg?w=640 640w, https:\/\/i0.wp.com\/blogdalucianaoliveira.com.br\/blog\/wp-content\/uploads\/2018\/01\/riqu.jpg?resize=300%2C176 300w, https:\/\/i0.wp.com\/blogdalucianaoliveira.com.br\/blog\/wp-content\/uploads\/2018\/01\/riqu.jpg?resize=512%2C300 512w\" sizes=\"auto, (max-width: 600px) 100vw, 600px\" \/><\/p>\n<p>82% da riqueza mundial ficou nas m\u00e3os do 1% mais rico; dados est\u00e3o no relat\u00f3rio da Oxfam<!--more--><\/p>\n<p>Reda\u00e7\u00e3o<br \/>\nBrasil de Fato | S\u00e3o Paulo (SP)<\/p>\n<p>A riqueza dos bilion\u00e1rios aumentou 13% ao ano, em m\u00e9dia, de 2010 a 2017 \u2013 seis vezes mais rapidamente do que os sal\u00e1rios pagos a trabalhadores, que tiveram aumento de apenas 2% por ano, na m\u00e9dia, no mesmo per\u00edodo. Os dados fazem parte do relat\u00f3rio \u201cRecompensem o trabalho, n\u00e3o a riqueza\u201d, divulgado pela organiza\u00e7\u00e3o n\u00e3o-governamental (ONG) Oxfam, nesta segunda-feira (22).<\/p>\n<p>O documento tamb\u00e9m revela que, ano passado, 82% de toda a riqueza gerada ficou nas m\u00e3os de 1% dos mais rico do mundo. Al\u00e9m disso, um aumento recorde de bilion\u00e1rios foi registrado &#8211; um a cada dois dias -, chegando ao patamar de 2.043 bilion\u00e1rios no mundo.<\/p>\n<p>\u201cO aumento sem precedentes de bilion\u00e1rios n\u00e3o \u00e9 um sinal de uma economia pr\u00f3spera, mas um sintoma de um sistema econ\u00f4mico falido. As pessoas que fazem nossas roupas, montam nossos telefones e cultivam nossos alimentos est\u00e3o sendo exploradas para garantir um estoque constante de bens baratos e aumentar os lucros de empresas e investidores bilion\u00e1rios\u201d, afirma Katia Maia, diretora executiva da Oxfam Brasil.<\/p>\n<p>Concentra\u00e7\u00e3o<\/p>\n<p>Particularmente, no Brasil, de mar\u00e7o de 2016 \u00e0 mar\u00e7o de 2017, o pa\u00eds passou de 31 para 43 bilion\u00e1rios. O patrim\u00f4nio somado dos bilion\u00e1rios brasileiros chegou a R$ 549 bilh\u00f5es em 2017, num crescimento de 13% em rela\u00e7\u00e3o ao ano anterior.<\/p>\n<p>Ao mesmo tempo, os 50% mais pobres do pa\u00eds viram sua fatia da renda nacional ser reduzida ainda mais, de 2,7% para 2%. O Brasil tem hoje cinco bilion\u00e1rios com patrim\u00f4nio equivalente ao da metade mais pobre da popula\u00e7\u00e3o brasileira.<\/p>\n<p>Os novos dados sobre a concentra\u00e7\u00e3o de renda no pa\u00eds est\u00e3o relacionados \u00e0s novas regras que regem a legisla\u00e7\u00e3o trabalhista. \u201cEntre os fatores que contribuem para esse quadro est\u00e1 a redu\u00e7\u00e3o de custos trabalhistas, como sal\u00e1rios e direitos, para maximizar retornos aos acionistas\u201d, disse Katia.<\/p>\n<p>O levantamento da Oxfam antecede o encontro de empres\u00e1rios e pol\u00edticos em Davos (Su\u00ed\u00e7a), para mais uma edi\u00e7\u00e3o do F\u00f3rum Econ\u00f4mico Mundial.<\/p>\n<p>Edi\u00e7\u00e3o: Simone Freire<\/p>\n","protected":false},"excerpt":{"rendered":"<p>82% da riqueza mundial ficou nas m\u00e3os do 1% mais rico; dados est\u00e3o no relat\u00f3rio da Oxfam<\/p>\n","protected":false},"author":1,"featured_media":0,"comment_status":"closed","ping_status":"open","sticky":false,"template":"","format":"standard","meta":{"_exactmetrics_skip_tracking":false,"_exactmetrics_sitenote_active":false,"_exactmetrics_sitenote_note":"","_exactmetrics_sitenote_category":0,"jetpack_post_was_ever_published":false,"_jetpack_newsletter_access":"","_jetpack_dont_email_post_to_subs":false,"_jetpack_newsletter_tier_id":0,"_jetpack_memberships_contains_paywalled_content":false,"_jetpack_memberships_contains_paid_content":false,"footnotes":"","jetpack_publicize_message":"","jetpack_publicize_feature_enabled":true,"jetpack_social_post_already_shared":true,"jetpack_social_options":{"image_generator_settings":{"template":"highway","enabled":false},"version":2}},"categories":[1],"tags":[],"class_list":["post-16212","post","type-post","status-publish","format-standard","hentry","category-notas"],"jetpack_publicize_connections":[],"jetpack_sharing_enabled":true,"jetpack_featured_media_url":"","jetpack_shortlink":"https:\/\/wp.me\/p7wKYW-4du","jetpack-related-posts":[],"_links":{"self":[{"href":"http:\/\/blogdalucianaoliveira.com.br\/blog\/wp-json\/wp\/v2\/posts\/16212","targetHints":{"allow":["GET"]}}],"collection":[{"href":"http:\/\/blogdalucianaoliveira.com.br\/blog\/wp-json\/wp\/v2\/posts"}],"about":[{"href":"http:\/\/blogdalucianaoliveira.com.br\/blog\/wp-json\/wp\/v2\/types\/post"}],"author":[{"embeddable":true,"href":"http:\/\/blogdalucianaoliveira.com.br\/blog\/wp-json\/wp\/v2\/users\/1"}],"replies":[{"embeddable":true,"href":"http:\/\/blogdalucianaoliveira.com.br\/blog\/wp-json\/wp\/v2\/comments?post=16212"}],"version-history":[{"count":1,"href":"http:\/\/blogdalucianaoliveira.com.br\/blog\/wp-json\/wp\/v2\/posts\/16212\/revisions"}],"predecessor-version":[{"id":16214,"href":"http:\/\/blogdalucianaoliveira.com.br\/blog\/wp-json\/wp\/v2\/posts\/16212\/revisions\/16214"}],"wp:attachment":[{"href":"http:\/\/blogdalucianaoliveira.com.br\/blog\/wp-json\/wp\/v2\/media?parent=16212"}],"wp:term":[{"taxonomy":"category","embeddable":true,"href":"http:\/\/blogdalucianaoliveira.com.br\/blog\/wp-json\/wp\/v2\/categories?post=16212"},{"taxonomy":"post_tag","embeddable":true,"href":"http:\/\/blogdalucianaoliveira.com.br\/blog\/wp-json\/wp\/v2\/tags?post=16212"}],"curies":[{"name":"wp","href":"https:\/\/api.w.org\/{rel}","templated":true}]}}