{"id":16217,"date":"2018-01-22T11:04:52","date_gmt":"2018-01-22T15:04:52","guid":{"rendered":"http:\/\/blogdalucianaoliveira.com.br\/blog\/?p=16217"},"modified":"2018-01-22T11:04:52","modified_gmt":"2018-01-22T15:04:52","slug":"ou-revoga-se-a-sentenca-ou-revoga-se-a-democracia","status":"publish","type":"post","link":"http:\/\/blogdalucianaoliveira.com.br\/blog\/2018\/01\/22\/ou-revoga-se-a-sentenca-ou-revoga-se-a-democracia\/","title":{"rendered":"Ou revoga-se a senten\u00e7a ou revoga-se a democracia"},"content":{"rendered":"<p><img data-recalc-dims=\"1\" loading=\"lazy\" decoding=\"async\" data-attachment-id=\"16218\" data-permalink=\"http:\/\/blogdalucianaoliveira.com.br\/blog\/2018\/01\/22\/ou-revoga-se-a-sentenca-ou-revoga-se-a-democracia\/moro9\/\" data-orig-file=\"https:\/\/i0.wp.com\/blogdalucianaoliveira.com.br\/blog\/wp-content\/uploads\/2018\/01\/moro9.jpg?fit=490%2C280\" data-orig-size=\"490,280\" data-comments-opened=\"0\" data-image-meta=\"{&quot;aperture&quot;:&quot;0&quot;,&quot;credit&quot;:&quot;&quot;,&quot;camera&quot;:&quot;&quot;,&quot;caption&quot;:&quot;&quot;,&quot;created_timestamp&quot;:&quot;0&quot;,&quot;copyright&quot;:&quot;&quot;,&quot;focal_length&quot;:&quot;0&quot;,&quot;iso&quot;:&quot;0&quot;,&quot;shutter_speed&quot;:&quot;0&quot;,&quot;title&quot;:&quot;&quot;,&quot;orientation&quot;:&quot;0&quot;}\" data-image-title=\"moro9\" data-image-description=\"\" data-image-caption=\"\" data-medium-file=\"https:\/\/i0.wp.com\/blogdalucianaoliveira.com.br\/blog\/wp-content\/uploads\/2018\/01\/moro9.jpg?fit=300%2C171\" data-large-file=\"https:\/\/i0.wp.com\/blogdalucianaoliveira.com.br\/blog\/wp-content\/uploads\/2018\/01\/moro9.jpg?fit=490%2C280\" src=\"https:\/\/i0.wp.com\/blogdalucianaoliveira.com.br\/blog\/wp-content\/uploads\/2018\/01\/moro9.jpg?resize=490%2C280\" alt=\"moro9\" width=\"490\" height=\"280\" class=\"alignnone size-full wp-image-16218\" srcset=\"https:\/\/i0.wp.com\/blogdalucianaoliveira.com.br\/blog\/wp-content\/uploads\/2018\/01\/moro9.jpg?w=490 490w, https:\/\/i0.wp.com\/blogdalucianaoliveira.com.br\/blog\/wp-content\/uploads\/2018\/01\/moro9.jpg?resize=300%2C171 300w\" sizes=\"auto, (max-width: 490px) 100vw, 490px\" \/><\/p>\n<p>Moro condenou Lula com base no princ\u00edpio \u201cin dubio pro juiz\u201d.<!--more--><\/p>\n<p>Por Alex Solnik, no Brasil 247<\/p>\n<p>   Um princ\u00edpio de sua autoria.<\/p>\n<p>   Tamb\u00e9m faz parte do princ\u00edpio a desnecessidade de provas para se condenar uma pessoa.<\/p>\n<p>   Para ele, um juiz pode condenar mesmo sem provar crime uma pessoa a 9 anos e meio de pris\u00e3o e a cassa\u00e7\u00e3o dos direitos pol\u00edticos, como se fazia nos tempos da ditadura de 64.<\/p>\n<p>   Ele jamais afirma na senten\u00e7a que o tr\u00edplex \u00e9 de Lula e sim que \u201cfoi atribu\u00eddo a Lula\u201d, \u201cfoi disponibilizado para Lula\u201d, \u201cfoi reservado para Lula\u201d.<\/p>\n<p>   A senten\u00e7a do Moro n\u00e3o diz: 1) de quem Lula recebeu o tr\u00edplex; 2) quando; 3) onde; 4) como; 5) porque.<\/p>\n<p>   A senten\u00e7a do Moro n\u00e3o diz: 1) quem deu o tr\u00edplex a Lula; 2) quando; 3) onde; 4) como; 5) porque.<\/p>\n<p>   Nem o principal delator, que supostamente deveria ter dado o triplex a Lula n\u00e3o diz a Moro que o deu. Diz apenas:<\/p>\n<p>   &#8220;J\u00e1 haviam me dito que era dele&#8221;.<\/p>\n<p>   Mas n\u00e3o conta quem havia dito, nem Moro pergunta. <\/p>\n<p>   E essa frase, no entender de Moro, prova a sua tese.<\/p>\n<p>   Um esc\u00e2ndalo jur\u00eddico!<\/p>\n<p>   O TRF-4 vai julgar, em segunda inst\u00e2ncia, n\u00e3o um processo, mas um esc\u00e2ndalo jur\u00eddico internacional.<\/p>\n<p>   A senten\u00e7a do Moro \u00e9 incompat\u00edvel com o estado de direito.<\/p>\n<p>   Ou revoga-se a senten\u00e7a, ou revoga-se a democracia.<\/p>\n<p>   Quem condena sem provas n\u00e3o \u00e9 juiz, \u00e9 inquisidor.<\/p>\n<p>   A senten\u00e7a do Moro envergonha a justi\u00e7a brasileira.<\/p>\n<p>   Se a senten\u00e7a do Moro fosse lida na \u00edntegra no Fant\u00e1stico o povo sairia na rua para exigir a absolvi\u00e7\u00e3o de Lula.<\/p>\n<p>   Com essa senten\u00e7a Moro levaria bomba no exame da OAB.<\/p>\n","protected":false},"excerpt":{"rendered":"<p>Moro condenou Lula com base no princ\u00edpio \u201cin dubio pro juiz\u201d.<\/p>\n","protected":false},"author":1,"featured_media":0,"comment_status":"closed","ping_status":"open","sticky":false,"template":"","format":"standard","meta":{"_exactmetrics_skip_tracking":false,"_exactmetrics_sitenote_active":false,"_exactmetrics_sitenote_note":"","_exactmetrics_sitenote_category":0,"jetpack_post_was_ever_published":false,"_jetpack_newsletter_access":"","_jetpack_dont_email_post_to_subs":false,"_jetpack_newsletter_tier_id":0,"_jetpack_memberships_contains_paywalled_content":false,"_jetpack_memberships_contains_paid_content":false,"footnotes":"","jetpack_publicize_message":"","jetpack_publicize_feature_enabled":true,"jetpack_social_post_already_shared":true,"jetpack_social_options":{"image_generator_settings":{"template":"highway","enabled":false},"version":2}},"categories":[1],"tags":[],"class_list":["post-16217","post","type-post","status-publish","format-standard","hentry","category-notas"],"jetpack_publicize_connections":[],"jetpack_sharing_enabled":true,"jetpack_featured_media_url":"","jetpack_shortlink":"https:\/\/wp.me\/p7wKYW-4dz","jetpack-related-posts":[],"_links":{"self":[{"href":"http:\/\/blogdalucianaoliveira.com.br\/blog\/wp-json\/wp\/v2\/posts\/16217","targetHints":{"allow":["GET"]}}],"collection":[{"href":"http:\/\/blogdalucianaoliveira.com.br\/blog\/wp-json\/wp\/v2\/posts"}],"about":[{"href":"http:\/\/blogdalucianaoliveira.com.br\/blog\/wp-json\/wp\/v2\/types\/post"}],"author":[{"embeddable":true,"href":"http:\/\/blogdalucianaoliveira.com.br\/blog\/wp-json\/wp\/v2\/users\/1"}],"replies":[{"embeddable":true,"href":"http:\/\/blogdalucianaoliveira.com.br\/blog\/wp-json\/wp\/v2\/comments?post=16217"}],"version-history":[{"count":1,"href":"http:\/\/blogdalucianaoliveira.com.br\/blog\/wp-json\/wp\/v2\/posts\/16217\/revisions"}],"predecessor-version":[{"id":16219,"href":"http:\/\/blogdalucianaoliveira.com.br\/blog\/wp-json\/wp\/v2\/posts\/16217\/revisions\/16219"}],"wp:attachment":[{"href":"http:\/\/blogdalucianaoliveira.com.br\/blog\/wp-json\/wp\/v2\/media?parent=16217"}],"wp:term":[{"taxonomy":"category","embeddable":true,"href":"http:\/\/blogdalucianaoliveira.com.br\/blog\/wp-json\/wp\/v2\/categories?post=16217"},{"taxonomy":"post_tag","embeddable":true,"href":"http:\/\/blogdalucianaoliveira.com.br\/blog\/wp-json\/wp\/v2\/tags?post=16217"}],"curies":[{"name":"wp","href":"https:\/\/api.w.org\/{rel}","templated":true}]}}