{"id":16220,"date":"2018-01-22T11:12:33","date_gmt":"2018-01-22T15:12:33","guid":{"rendered":"http:\/\/blogdalucianaoliveira.com.br\/blog\/?p=16220"},"modified":"2018-01-22T11:12:33","modified_gmt":"2018-01-22T15:12:33","slug":"a-globo-e-o-brado-de-luciana-oliveira-a-ativista-milionaria","status":"publish","type":"post","link":"http:\/\/blogdalucianaoliveira.com.br\/blog\/2018\/01\/22\/a-globo-e-o-brado-de-luciana-oliveira-a-ativista-milionaria\/","title":{"rendered":"A Globo e o brado de Luciana Oliveira, a ativista milion\u00e1ria"},"content":{"rendered":"<p><img data-recalc-dims=\"1\" loading=\"lazy\" decoding=\"async\" data-attachment-id=\"16221\" data-permalink=\"http:\/\/blogdalucianaoliveira.com.br\/blog\/2018\/01\/22\/a-globo-e-o-brado-de-luciana-oliveira-a-ativista-milionaria\/eu1\/\" data-orig-file=\"https:\/\/i0.wp.com\/blogdalucianaoliveira.com.br\/blog\/wp-content\/uploads\/2018\/01\/eu1.jpg?fit=700%2C700\" data-orig-size=\"700,700\" data-comments-opened=\"0\" data-image-meta=\"{&quot;aperture&quot;:&quot;0&quot;,&quot;credit&quot;:&quot;&quot;,&quot;camera&quot;:&quot;&quot;,&quot;caption&quot;:&quot;&quot;,&quot;created_timestamp&quot;:&quot;0&quot;,&quot;copyright&quot;:&quot;&quot;,&quot;focal_length&quot;:&quot;0&quot;,&quot;iso&quot;:&quot;0&quot;,&quot;shutter_speed&quot;:&quot;0&quot;,&quot;title&quot;:&quot;&quot;,&quot;orientation&quot;:&quot;1&quot;}\" data-image-title=\"eu1\" data-image-description=\"\" data-image-caption=\"\" data-medium-file=\"https:\/\/i0.wp.com\/blogdalucianaoliveira.com.br\/blog\/wp-content\/uploads\/2018\/01\/eu1.jpg?fit=300%2C300\" data-large-file=\"https:\/\/i0.wp.com\/blogdalucianaoliveira.com.br\/blog\/wp-content\/uploads\/2018\/01\/eu1.jpg?fit=600%2C600\" class=\"alignnone size-full wp-image-16221\" src=\"https:\/\/i0.wp.com\/blogdalucianaoliveira.com.br\/blog\/wp-content\/uploads\/2018\/01\/eu1.jpg?resize=600%2C600\" alt=\"eu1\" width=\"600\" height=\"600\" srcset=\"https:\/\/i0.wp.com\/blogdalucianaoliveira.com.br\/blog\/wp-content\/uploads\/2018\/01\/eu1.jpg?w=700 700w, https:\/\/i0.wp.com\/blogdalucianaoliveira.com.br\/blog\/wp-content\/uploads\/2018\/01\/eu1.jpg?resize=150%2C150 150w, https:\/\/i0.wp.com\/blogdalucianaoliveira.com.br\/blog\/wp-content\/uploads\/2018\/01\/eu1.jpg?resize=300%2C300 300w\" sizes=\"auto, (max-width: 600px) 100vw, 600px\" \/><\/p>\n<p>&nbsp;<\/p>\n<p><strong>No Rond\u00f4nia Din\u00e2mica \u2013\u00a0<\/strong>O tiro saiu pela culatra. Qual ad\u00e1gio definiria melhor a campanha de \u201cconsci\u00eancia pol\u00edtico-social\u201d promovida pela Rede Globo?\u00a0<em>Que Brasil voc\u00ea quer para o futuro?\u00a0<\/em>\u2013 questiona a emissora que, embora fa\u00e7a o poss\u00edvel e o imposs\u00edvel para transitar l\u00e1 e c\u00e1 com suas pautas liberais falseadas e abordagens de tabus em\u00a0<em>&#8220;programecos&#8221;<\/em>\u00a0de audit\u00f3rio, \u00e9, sabidamente, parte interessada nos neg\u00f3cios escusos travados \u00e0 penumbra dos maiores encostos de Bras\u00edlia.<!--more--><\/p>\n<p>Sou c\u00e9tico quanto acusa\u00e7\u00f5es que tentam imputar ao monop\u00f3lio televisivo dos Marinho a pecha ideol\u00f3gica em suas atividades; l\u00e1, como em muitas empresas mundo afora, pratica-se as exig\u00eancias do mercado, a subservi\u00eancia do capital. Claro, poder tamb\u00e9m faz parte \u2013 e \u00e9 primordial.<\/p>\n<p>Dinheiro, poder e influ\u00eancia. \u00c9 isso, nada mais!<\/p>\n<p>E para que haja sincronia entre os interesses da corpora\u00e7\u00e3o e a necessidade de postar-se como ve\u00edculo de comunica\u00e7\u00e3o imparcial, proponente das grandes discuss\u00f5es brasileiras, entra em jogo o equilibrista: Ali Kamel, atual (e j\u00e1 antigu\u00edssimo) diretor-geral de jornalismo.<\/p>\n<p>E \u00e9 por isso que, ao mesmo tempo em que o telespectador assiste a um Jornal Nacional completamente enviesado, politicamente falando, \u00e9 claro, personagens secund\u00e1rios, terci\u00e1rios, quatern\u00e1rios \u2013 com protagonismo zero \u2013 ocupam cen\u00e1rios na emissora compondo um ambiente paisag\u00edstico \u00e9tnico, pretensiosamente plural.<\/p>\n<p>Logo, a programa\u00e7\u00e3o \u00e9 recheada de afrodescendentes, nordestinos, homossexuais, mulheres, uma garotada\u00a0<em>descolada<\/em>\u00a0na imprensa com camisetas\u00a0<em>geeks<\/em>\u00a0e de banda, transexuais, todos dilu\u00eddos aqui, ali e acol\u00e1 como se de fato tivessem voz. Enquanto isso, no epicentro das atividades jornal\u00edsticas, um \u00e2ncora l\u00ea no\u00a0<em>prompter<\/em>\u00a0as not\u00edcias com aquele toque magistral de incoer\u00eancia, contrariando todo o embusteiro que a Globo margeia.<\/p>\n<p>Ent\u00e3o, como disse l\u00e1 em cima, o tiro saiu pela culatra. As pessoas passaram a aderir \u00e0 campanha global, mas, grande parte delas, n\u00e3o quis enviar o v\u00eddeo \u00e0 emissora: fez\u00a0e divulgou por conta pr\u00f3pria, atrav\u00e9s das redes sociais.<\/p>\n<p>A\u00a0<em>Poderosa<\/em>\u00a0encontrou pela frente a milion\u00e1ria Luciana Oliveira, jornalista e ativista de Rond\u00f4nia que, embora tenha passado por diversas reda\u00e7\u00f5es em impressos e emissoras, encontrou na atividade independente o regozijo derradeiro, livre das amarras editoriais \u00e0s quais, muitas vezes, somos obrigados a nos submeter, incluindo este que vos escreve.<\/p>\n<p>Luciana \u00e9 corajosa, inegavelmente. Espero que possam me perdoar pelo coment\u00e1rio sexista a seguir, mas a mo\u00e7a tem, reconhe\u00e7amos, mais\u00a0<em>colh\u00f5es<\/em>\u00a0do que muitos de n\u00f3s.<\/p>\n<p><strong>LEIA TAMB\u00c9M<\/strong><br \/>\n<u><a href=\"http:\/\/www.rondoniadinamica.com.br\/arquivo\/o-preco-da-indignacao-e-as-aulas-de-insensatez-e-odio-censura-quer-calar-mais-uma-jornalista-a-forca,10671.shtml\" target=\"_blank\"><strong>O pre\u00e7o da indigna\u00e7\u00e3o e as aulas de insensatez e \u00f3dio: censura quer calar mais uma jornalista \u00e0 for\u00e7a<\/strong><\/a><\/u><\/p>\n<p>Ah, quase ia esquecendo&#8230;<\/p>\n<p>Milion\u00e1ria n\u00e3o em posse, n\u00e3o em cifras banc\u00e1rias. O v\u00eddeo-resposta de Luciana \u00e0 campanha da Globo rendeu, at\u00e9 agora,\u00a0<strong>1,6\u00a0milh\u00e3o de visualiza\u00e7\u00f5es<\/strong>. Al\u00e9m disso, 56.668 compartilhamentos e, de quebra, 5,3 mil rea\u00e7\u00f5es.<\/p>\n<p>Isso representa pequena fatia de um riqu\u00edssimo patrim\u00f4nio moral ainda incalcul\u00e1vel, n\u00e3o corp\u00f3reo, distante dos dividendos colhidos nas transa\u00e7\u00f5es que movem o jornalismo de Kamel e seus comandados.<\/p>\n<p><u><strong>Com voc\u00eas, o brado opulento de Luciana Oliveira<\/strong><\/u><\/p>\n<p><iframe loading=\"lazy\" src=\"https:\/\/www.facebook.com\/plugins\/video.php?href=https%3A%2F%2Fwww.facebook.com%2Fluciana.oliveira.75457%2Fvideos%2F1688109384598291%2F&amp;show_text=0&amp;width=560\" width=\"560\" height=\"315\" frameborder=\"0\" scrolling=\"no\" data-mce-fragment=\"1\"><\/iframe><\/p>\n<p><img data-recalc-dims=\"1\" decoding=\"async\" class=\"entry-thumb\" src=\"https:\/\/i0.wp.com\/www.rondoniadinamica.com.br\/uploads\/VINICIUS-PRONTO_16.jpg?w=600\" alt=\"Resultado de imagem para vinicius canova rondoniadinamica\" \/><\/p>\n<p><strong>Autor \/ Fonte: Vinicius Canova<\/strong><\/p>\n","protected":false},"excerpt":{"rendered":"<p>&nbsp; No Rond\u00f4nia Din\u00e2mica \u2013\u00a0O tiro saiu pela culatra. Qual ad\u00e1gio definiria melhor a campanha de \u201cconsci\u00eancia pol\u00edtico-social\u201d promovida pela Rede Globo?\u00a0Que Brasil voc\u00ea quer para o futuro?\u00a0\u2013 questiona a emissora que, embora fa\u00e7a o poss\u00edvel e o imposs\u00edvel para transitar l\u00e1 e c\u00e1 com suas pautas liberais falseadas e abordagens de tabus em\u00a0&#8220;programecos&#8221;\u00a0de audit\u00f3rio,&#8230;<a class=\"more-link\" href=\"http:\/\/blogdalucianaoliveira.com.br\/blog\/2018\/01\/22\/a-globo-e-o-brado-de-luciana-oliveira-a-ativista-milionaria\/\">Continue a leitura <span class=\"meta-nav\">&raquo;<\/span><\/a><\/p>\n","protected":false},"author":1,"featured_media":0,"comment_status":"closed","ping_status":"open","sticky":false,"template":"","format":"standard","meta":{"_exactmetrics_skip_tracking":false,"_exactmetrics_sitenote_active":false,"_exactmetrics_sitenote_note":"","_exactmetrics_sitenote_category":0,"jetpack_post_was_ever_published":false,"_jetpack_newsletter_access":"","_jetpack_dont_email_post_to_subs":false,"_jetpack_newsletter_tier_id":0,"_jetpack_memberships_contains_paywalled_content":false,"_jetpack_memberships_contains_paid_content":false,"footnotes":"","jetpack_publicize_message":"","jetpack_publicize_feature_enabled":true,"jetpack_social_post_already_shared":true,"jetpack_social_options":{"image_generator_settings":{"template":"highway","enabled":false},"version":2}},"categories":[1],"tags":[],"class_list":["post-16220","post","type-post","status-publish","format-standard","hentry","category-notas"],"jetpack_publicize_connections":[],"jetpack_sharing_enabled":true,"jetpack_featured_media_url":"","jetpack_shortlink":"https:\/\/wp.me\/p7wKYW-4dC","jetpack-related-posts":[],"_links":{"self":[{"href":"http:\/\/blogdalucianaoliveira.com.br\/blog\/wp-json\/wp\/v2\/posts\/16220","targetHints":{"allow":["GET"]}}],"collection":[{"href":"http:\/\/blogdalucianaoliveira.com.br\/blog\/wp-json\/wp\/v2\/posts"}],"about":[{"href":"http:\/\/blogdalucianaoliveira.com.br\/blog\/wp-json\/wp\/v2\/types\/post"}],"author":[{"embeddable":true,"href":"http:\/\/blogdalucianaoliveira.com.br\/blog\/wp-json\/wp\/v2\/users\/1"}],"replies":[{"embeddable":true,"href":"http:\/\/blogdalucianaoliveira.com.br\/blog\/wp-json\/wp\/v2\/comments?post=16220"}],"version-history":[{"count":1,"href":"http:\/\/blogdalucianaoliveira.com.br\/blog\/wp-json\/wp\/v2\/posts\/16220\/revisions"}],"predecessor-version":[{"id":16222,"href":"http:\/\/blogdalucianaoliveira.com.br\/blog\/wp-json\/wp\/v2\/posts\/16220\/revisions\/16222"}],"wp:attachment":[{"href":"http:\/\/blogdalucianaoliveira.com.br\/blog\/wp-json\/wp\/v2\/media?parent=16220"}],"wp:term":[{"taxonomy":"category","embeddable":true,"href":"http:\/\/blogdalucianaoliveira.com.br\/blog\/wp-json\/wp\/v2\/categories?post=16220"},{"taxonomy":"post_tag","embeddable":true,"href":"http:\/\/blogdalucianaoliveira.com.br\/blog\/wp-json\/wp\/v2\/tags?post=16220"}],"curies":[{"name":"wp","href":"https:\/\/api.w.org\/{rel}","templated":true}]}}