{"id":16228,"date":"2018-01-22T11:30:48","date_gmt":"2018-01-22T15:30:48","guid":{"rendered":"http:\/\/blogdalucianaoliveira.com.br\/blog\/?p=16228"},"modified":"2018-01-22T11:30:48","modified_gmt":"2018-01-22T15:30:48","slug":"conheca-a-nova-musica-de-gabi-gabriela","status":"publish","type":"post","link":"http:\/\/blogdalucianaoliveira.com.br\/blog\/2018\/01\/22\/conheca-a-nova-musica-de-gabi-gabriela\/","title":{"rendered":"Conhe\u00e7a a nova m\u00fasica de Gabi &#038; Gabriela"},"content":{"rendered":"<p><img data-recalc-dims=\"1\" loading=\"lazy\" decoding=\"async\" data-attachment-id=\"16224\" data-permalink=\"http:\/\/blogdalucianaoliveira.com.br\/blog\/lancamento-midias\/\" data-orig-file=\"https:\/\/i0.wp.com\/blogdalucianaoliveira.com.br\/blog\/wp-content\/uploads\/2018\/01\/LAN%C3%87AMENTO-MIDIAS.jpg?fit=2000%2C1328\" data-orig-size=\"2000,1328\" data-comments-opened=\"0\" data-image-meta=\"{&quot;aperture&quot;:&quot;0&quot;,&quot;credit&quot;:&quot;&quot;,&quot;camera&quot;:&quot;&quot;,&quot;caption&quot;:&quot;&quot;,&quot;created_timestamp&quot;:&quot;0&quot;,&quot;copyright&quot;:&quot;&quot;,&quot;focal_length&quot;:&quot;0&quot;,&quot;iso&quot;:&quot;0&quot;,&quot;shutter_speed&quot;:&quot;0&quot;,&quot;title&quot;:&quot;&quot;,&quot;orientation&quot;:&quot;1&quot;}\" data-image-title=\"LAN\u00c7AMENTO MIDIAS\" data-image-description=\"\" data-image-caption=\"\" data-medium-file=\"https:\/\/i0.wp.com\/blogdalucianaoliveira.com.br\/blog\/wp-content\/uploads\/2018\/01\/LAN%C3%87AMENTO-MIDIAS.jpg?fit=300%2C199\" data-large-file=\"https:\/\/i0.wp.com\/blogdalucianaoliveira.com.br\/blog\/wp-content\/uploads\/2018\/01\/LAN%C3%87AMENTO-MIDIAS.jpg?fit=600%2C398\" class=\"alignnone size-full wp-image-16224\" src=\"https:\/\/i0.wp.com\/blogdalucianaoliveira.com.br\/blog\/wp-content\/uploads\/2018\/01\/LAN%C3%87AMENTO-MIDIAS.jpg?resize=600%2C398\" alt=\"LAN\u00c7AMENTO MIDIAS\" width=\"600\" height=\"398\" srcset=\"https:\/\/i0.wp.com\/blogdalucianaoliveira.com.br\/blog\/wp-content\/uploads\/2018\/01\/LAN%C3%87AMENTO-MIDIAS.jpg?w=2000 2000w, https:\/\/i0.wp.com\/blogdalucianaoliveira.com.br\/blog\/wp-content\/uploads\/2018\/01\/LAN%C3%87AMENTO-MIDIAS.jpg?resize=300%2C199 300w, https:\/\/i0.wp.com\/blogdalucianaoliveira.com.br\/blog\/wp-content\/uploads\/2018\/01\/LAN%C3%87AMENTO-MIDIAS.jpg?resize=768%2C510 768w, https:\/\/i0.wp.com\/blogdalucianaoliveira.com.br\/blog\/wp-content\/uploads\/2018\/01\/LAN%C3%87AMENTO-MIDIAS.jpg?resize=1024%2C680 1024w, https:\/\/i0.wp.com\/blogdalucianaoliveira.com.br\/blog\/wp-content\/uploads\/2018\/01\/LAN%C3%87AMENTO-MIDIAS.jpg?resize=452%2C300 452w, https:\/\/i0.wp.com\/blogdalucianaoliveira.com.br\/blog\/wp-content\/uploads\/2018\/01\/LAN%C3%87AMENTO-MIDIAS.jpg?w=1200 1200w, https:\/\/i0.wp.com\/blogdalucianaoliveira.com.br\/blog\/wp-content\/uploads\/2018\/01\/LAN%C3%87AMENTO-MIDIAS.jpg?w=1800 1800w\" sizes=\"auto, (max-width: 600px) 100vw, 600px\" \/><\/p>\n<p>A dupla Gabi e Gabriela de Porto velho-RO lan\u00e7a seu mais novo single intitulado \u201cBotequeira\u201d. A composi\u00e7\u00e3o \u00e9 de Weverson bragado, da cidade de Humait\u00e1-AM.<!--more--><\/p>\n<p>A m\u00fasica tem a assinatura do Produtor Musical Tullio Nunes, um dos maiores produtores m\u00fasicas da regi\u00e3o Norte, que tamb\u00e9m j\u00e1 assinou a produ\u00e7\u00e3o de v\u00e1rios artistas da regi\u00e3o, de todos os segmentos musicais, assim como assinou a produ\u00e7\u00e3o do v\u00eddeo Clipe, juntamente com a dire\u00e7\u00e3o de Fernanda Amaral.<\/p>\n<p>A m\u00fasica Botequeira conta a est\u00f3ria de uma garota que \u201cd\u00e1 o troco no namorado\u201d que pensa que \u00e0 subestimou. O refr\u00e3o da m\u00fasica \u00e9 assim: \u201c\u00c9 que eu t\u00f4 bem melhor que voc\u00ea, nem preciso dizer, deixe que suas amigas comentem, fofoquem, informem voc\u00ea\u201d.<\/p>\n<p>A dupla Gabi e Gabriela \u00e9 natural do estado do Amazonas. Est\u00e3o \u00a0\u00e0 12 anos em Porto Velho. Como dupla t\u00eam apenas 8 meses no mercado musical da regi\u00e3o. Nos pr\u00f3ximos meses tamb\u00e9m lan\u00e7ar\u00e3o um EP com 5 m\u00fasicas autorais.<\/p>\n<p>O estilo da dupla \u00e9 o sertanejo universit\u00e1rio, com uma \u201cpegada\u201d do Norte nos arranjos. Inclusive a hashtag #somosdoNorte acompanha as meninas em todas os seus conte\u00fados, como forma de valorizar nossa terra.e<\/p>\n<p>Atualmente fazem shows nos Estados de Rond\u00f4nia e Amazonas, almejando v\u00f4os maiores ainda em 2018, como todo artista que busca o sucesso.<\/p>\n<p>O videoclipe com o \u00e1udio oficial estar\u00e1 dispon\u00edvel no Youtube e facebook dia 22\/01\/2018, a partir das 19h, hor\u00e1rio local, assim como nas principais r\u00e1dios da capital e logo em breve em todas as\u00a0 plataformas digitais.<\/p>\n<p>Quem quiser se antecipar e adquirir o \u00e1udio oficial, entre em contato pelas paginas oficiais da dupla Gabi e Gabriela na internet.<\/p>\n<p>Confiram essa dupla de talento da regi\u00e3o Norte, que em breve ser\u00e1 sucesso nacional.<\/p>\n<p id=\"yui_3_16_0_ym19_1_1516634388316_3719\">link da m\u00fasica para douwnload no computador<\/p>\n<p id=\"yui_3_16_0_ym19_1_1516634388316_3718\"><a id=\"yiv8123022555LPlnk261724\" class=\"yiv8123022555OWAAutoLink\" href=\"https:\/\/soundcloud.com\/user-447984544\/gabi-e-gabriela-botequeira\" target=\"_blank\" rel=\"nofollow\">https:\/\/soundcloud.com\/user-447984544\/gabi-e-gabriela-botequeira<\/a><\/p>\n","protected":false},"excerpt":{"rendered":"<p>A dupla Gabi e Gabriela de Porto velho-RO lan\u00e7a seu mais novo single intitulado \u201cBotequeira\u201d. A composi\u00e7\u00e3o \u00e9 de Weverson bragado, da cidade de Humait\u00e1-AM.<\/p>\n","protected":false},"author":1,"featured_media":0,"comment_status":"closed","ping_status":"open","sticky":false,"template":"","format":"standard","meta":{"_exactmetrics_skip_tracking":false,"_exactmetrics_sitenote_active":false,"_exactmetrics_sitenote_note":"","_exactmetrics_sitenote_category":0,"jetpack_post_was_ever_published":false,"_jetpack_newsletter_access":"","_jetpack_dont_email_post_to_subs":false,"_jetpack_newsletter_tier_id":0,"_jetpack_memberships_contains_paywalled_content":false,"_jetpack_memberships_contains_paid_content":false,"footnotes":"","jetpack_publicize_message":"","jetpack_publicize_feature_enabled":true,"jetpack_social_post_already_shared":true,"jetpack_social_options":{"image_generator_settings":{"template":"highway","enabled":false},"version":2}},"categories":[1],"tags":[],"class_list":["post-16228","post","type-post","status-publish","format-standard","hentry","category-notas"],"jetpack_publicize_connections":[],"jetpack_sharing_enabled":true,"jetpack_featured_media_url":"","jetpack_shortlink":"https:\/\/wp.me\/p7wKYW-4dK","jetpack-related-posts":[],"_links":{"self":[{"href":"http:\/\/blogdalucianaoliveira.com.br\/blog\/wp-json\/wp\/v2\/posts\/16228","targetHints":{"allow":["GET"]}}],"collection":[{"href":"http:\/\/blogdalucianaoliveira.com.br\/blog\/wp-json\/wp\/v2\/posts"}],"about":[{"href":"http:\/\/blogdalucianaoliveira.com.br\/blog\/wp-json\/wp\/v2\/types\/post"}],"author":[{"embeddable":true,"href":"http:\/\/blogdalucianaoliveira.com.br\/blog\/wp-json\/wp\/v2\/users\/1"}],"replies":[{"embeddable":true,"href":"http:\/\/blogdalucianaoliveira.com.br\/blog\/wp-json\/wp\/v2\/comments?post=16228"}],"version-history":[{"count":1,"href":"http:\/\/blogdalucianaoliveira.com.br\/blog\/wp-json\/wp\/v2\/posts\/16228\/revisions"}],"predecessor-version":[{"id":16229,"href":"http:\/\/blogdalucianaoliveira.com.br\/blog\/wp-json\/wp\/v2\/posts\/16228\/revisions\/16229"}],"wp:attachment":[{"href":"http:\/\/blogdalucianaoliveira.com.br\/blog\/wp-json\/wp\/v2\/media?parent=16228"}],"wp:term":[{"taxonomy":"category","embeddable":true,"href":"http:\/\/blogdalucianaoliveira.com.br\/blog\/wp-json\/wp\/v2\/categories?post=16228"},{"taxonomy":"post_tag","embeddable":true,"href":"http:\/\/blogdalucianaoliveira.com.br\/blog\/wp-json\/wp\/v2\/tags?post=16228"}],"curies":[{"name":"wp","href":"https:\/\/api.w.org\/{rel}","templated":true}]}}