{"id":16234,"date":"2018-01-23T09:54:47","date_gmt":"2018-01-23T13:54:47","guid":{"rendered":"http:\/\/blogdalucianaoliveira.com.br\/blog\/?p=16234"},"modified":"2018-01-23T09:56:28","modified_gmt":"2018-01-23T13:56:28","slug":"os-dois-brasis-que-medem-forca-no-julgamento-de-lula","status":"publish","type":"post","link":"http:\/\/blogdalucianaoliveira.com.br\/blog\/2018\/01\/23\/os-dois-brasis-que-medem-forca-no-julgamento-de-lula\/","title":{"rendered":"Os dois brasis que medem for\u00e7a no julgamento de Lula"},"content":{"rendered":"<p><img data-recalc-dims=\"1\" loading=\"lazy\" decoding=\"async\" data-attachment-id=\"16235\" data-permalink=\"http:\/\/blogdalucianaoliveira.com.br\/blog\/2018\/01\/23\/os-dois-brasis-que-medem-forca-no-julgamento-de-lula\/dois-3\/\" data-orig-file=\"https:\/\/i0.wp.com\/blogdalucianaoliveira.com.br\/blog\/wp-content\/uploads\/2018\/01\/dois.jpg?fit=1960%2C1122\" data-orig-size=\"1960,1122\" data-comments-opened=\"0\" data-image-meta=\"{&quot;aperture&quot;:&quot;0&quot;,&quot;credit&quot;:&quot;&quot;,&quot;camera&quot;:&quot;&quot;,&quot;caption&quot;:&quot;&quot;,&quot;created_timestamp&quot;:&quot;0&quot;,&quot;copyright&quot;:&quot;&quot;,&quot;focal_length&quot;:&quot;0&quot;,&quot;iso&quot;:&quot;0&quot;,&quot;shutter_speed&quot;:&quot;0&quot;,&quot;title&quot;:&quot;&quot;,&quot;orientation&quot;:&quot;0&quot;}\" data-image-title=\"dois\" data-image-description=\"\" data-image-caption=\"\" data-medium-file=\"https:\/\/i0.wp.com\/blogdalucianaoliveira.com.br\/blog\/wp-content\/uploads\/2018\/01\/dois.jpg?fit=300%2C172\" data-large-file=\"https:\/\/i0.wp.com\/blogdalucianaoliveira.com.br\/blog\/wp-content\/uploads\/2018\/01\/dois.jpg?fit=600%2C343\" class=\"alignnone size-full wp-image-16235\" src=\"https:\/\/i0.wp.com\/blogdalucianaoliveira.com.br\/blog\/wp-content\/uploads\/2018\/01\/dois.jpg?resize=600%2C343\" alt=\"dois\" width=\"600\" height=\"343\" srcset=\"https:\/\/i0.wp.com\/blogdalucianaoliveira.com.br\/blog\/wp-content\/uploads\/2018\/01\/dois.jpg?w=1960 1960w, https:\/\/i0.wp.com\/blogdalucianaoliveira.com.br\/blog\/wp-content\/uploads\/2018\/01\/dois.jpg?resize=300%2C172 300w, https:\/\/i0.wp.com\/blogdalucianaoliveira.com.br\/blog\/wp-content\/uploads\/2018\/01\/dois.jpg?resize=768%2C440 768w, https:\/\/i0.wp.com\/blogdalucianaoliveira.com.br\/blog\/wp-content\/uploads\/2018\/01\/dois.jpg?resize=1024%2C586 1024w, https:\/\/i0.wp.com\/blogdalucianaoliveira.com.br\/blog\/wp-content\/uploads\/2018\/01\/dois.jpg?resize=524%2C300 524w, https:\/\/i0.wp.com\/blogdalucianaoliveira.com.br\/blog\/wp-content\/uploads\/2018\/01\/dois.jpg?w=1200 1200w, https:\/\/i0.wp.com\/blogdalucianaoliveira.com.br\/blog\/wp-content\/uploads\/2018\/01\/dois.jpg?w=1800 1800w\" sizes=\"auto, (max-width: 600px) 100vw, 600px\" \/><\/p>\n<div id=\"articulo-titulares\" class=\"articulo-titulares\">\n<div class=\"articulo-subtitulos\">\n<h2 class=\"articulo-subtitulo\">Movimentos sociais se preparam para manifesta\u00e7\u00f5es a favor e contra o ex-presidente.<\/h2>\n<h2 class=\"articulo-subtitulo\">Petista participar\u00e1 de ato em Porto Alegre nesta ter\u00e7a-feira, horas antes de ju\u00edzo.<\/h2>\n<p>&nbsp;<!--more--><\/p>\n<p>No El Pa\u00eds &#8211; A data do julgamento do ex-presidente Luiz In\u00e1cio Lula da Silva em segunda inst\u00e2ncia marcar\u00e1 tamb\u00e9m o reencontro nas ruas das for\u00e7as antag\u00f4nicas que lideram a polariza\u00e7\u00e3o pol\u00edtica brasileira nos \u00faltimos anos. De um lado, militantes de movimentos como o MST (Movimento Sem-Terra), a central sindical CUT e estudantes, todos ligados ao PT, em defesa de Lula. Do outro, grupos que se organizaram para pedir o impeachment de Dilma Rousseff e se identificam com a ala mais \u00e0 direita no espectro pol\u00edtico e, agora, pedem a condena\u00e7\u00e3o e pris\u00e3o do petista. Ambos dividir\u00e3o espa\u00e7o em diferentes cidades do pa\u00eds, tendo Porto Alegre, local do julgamento na quarta-feira, e S\u00e3o Paulo como as prov\u00e1veis maiores concentra\u00e7\u00f5es.<\/p>\n<p>Na capital ga\u00facha, as manifesta\u00e7\u00f5es contra Lula ser\u00e3o no Parque Moinhos de Vento enquanto a milit\u00e2ncia pr\u00f3-Lula se concentrar\u00e1 nas proximidades do Anfiteatro P\u00f4r do Sol. Cerca de seis quil\u00f4metros separam um local do outro. Em S\u00e3o Paulo, h\u00e1 disputa entre os grupos em torno do uso da av. Paulista.<\/p>\n<p>O medo de confrontos tem sido debatido em ambos os lados. Carla Zambelli, l\u00edder do movimento Nas Ruas, anti-Lula, afirma que apoiar\u00e1 o ato de Porto Alegre, mas n\u00e3o o de S\u00e3o Paulo. &#8220;Recebi muitas amea\u00e7as e desisti de ir&#8221;, diz. Zambelli afirma que recebeu mensagens abertas e fechadas no Facebook com xingamentos e amea\u00e7as como &#8220;se voc\u00ea for, n\u00e3o vai voltar&#8221;. Para ela, a ades\u00e3o nas ruas \u00e0s manifesta\u00e7\u00f5es contra Lula ser\u00e1 baixa, porque a popula\u00e7\u00e3o &#8220;sabe que Lula ser\u00e1 condenado&#8221;. &#8220;O brasileiro considera isso um assunto superado e que se resolver\u00e1 nas urnas&#8221;, diz.<\/p>\n<p>Atuar para conter a viol\u00eancia tem sido tema de debate tamb\u00e9m entre os petistas. Segundo Rodrigo Dilelio, presidente do PT de Porto Alegre, 20% dos manifestantes pr\u00f3-Lula na capital ser\u00e3o pessoas preparadas para evitar poss\u00edveis confrontos. Eles estar\u00e3o marcados com uma esp\u00e9cie de bracelete e est\u00e3o autorizados a coibir a\u00e7\u00f5es de quem estiver com o rosto tapado ou encapuzado, em uma tentativa de banir adeptos da t\u00e1tica black bloc. &#8220;Vamos afastar da caminhada essas pessoas&#8221;, diz Dilelio. &#8220;Acreditamos que isso pode potencializar a vontade de quem quer ir para a rua para, de fato, ir&#8221;. Ele espera entre 30.000 e 50.000 pessoas no dia 24 em Porto Alegre, &#8220;o que \u00e9 um ato grande para os padr\u00f5es daqui&#8221;. Tamb\u00e9m na capital ga\u00facha, a Frente Brasil Popular disponibilizou dois n\u00famero de telefone para apoio jur\u00eddico e est\u00e1 fazendo circular nas redes sociais e pelo WhatsApp algumas &#8220;orienta\u00e7\u00f5es legais de conduta em caso de pris\u00e3o&#8221;.<\/p>\n<p>Em S\u00e3o Paulo, a Justi\u00e7a negou a autoriza\u00e7\u00e3o para que movimentos pr\u00f3-Lula marchassem na av. Paulista, argumentando que as for\u00e7as contr\u00e1rias j\u00e1 haviam solicitado uma autoriza\u00e7\u00e3o semelhante. Seja como for, os grupos ligados ao PT anunciaram em nota que &#8220;n\u00e3o abrir\u00e3o m\u00e3o da caminhada democr\u00e1tica na tradicional avenida&#8221; \u00e0 tarde.<\/p>\n<p>De maneira geral, nas ruas, o julgamento de Lula pode ser dividido em tr\u00eas atos. Veja:<\/p>\n<p>Antes<br \/>\nEm Porto Alegre, as manifesta\u00e7\u00f5es come\u00e7aram nesta segunda-feira, com uma caminhada liderada pela Via Campesina at\u00e9 o acampamento montado pela milit\u00e2ncia pr\u00f3-Lula no parque Anfiteatro P\u00f4r do Sol. \u201cEsperamos 3.000 pessoas para come\u00e7ar o acampamento\u201d, afirma Cedenir de Oliveira, da coordena\u00e7\u00e3o do MST no Rio Grande do Sul. O acampamento foi autorizado pela Secretaria de Seguran\u00e7a P\u00fablica para ocorrer entre os dias 22 e 24 de janeiro.<\/p>\n<p>Na ter\u00e7a-feira pela manh\u00e3, outra marcha est\u00e1 marcada em Porto Alegre, das Mulheres pela Democracia, com a presen\u00e7a da ex-presidenta Dilma Rousseff. No final da tarde, a partir das 18h, um ato contar\u00e1 com a presen\u00e7a de Lula, com concentra\u00e7\u00e3o na Esquina Democr\u00e1tica, no centro. Segundo Alexandre Padilha, vice-presidente do PT, mais de 500 caravanas de todo o Brasil confirmaram presen\u00e7a para acompanhar as manifesta\u00e7\u00f5es na cidade.<\/p>\n<p>Na mesma data, o movimento Vem Pra Rua convoca um ato &#8220;em defesa da Justi\u00e7a&#8221; &#8211; e contra o ex-presidente Lula. A concentra\u00e7\u00e3o ser\u00e1 \u00e0s 18h, no Parque Moinhos de Vento. Al\u00e9m de Porto Alegre, os organizadores prometem protestos no mesmo hor\u00e1rio em mais de 40 cidades, incluindo S\u00e3o Paulo, onde a concentra\u00e7\u00e3o ocorre na avenida Paulista, em frente ao TRF-3.<\/p>\n<p>Durante<br \/>\nApesar da programa\u00e7\u00e3o pr\u00e9-julgamento, na quarta-feira, 24 tamb\u00e9m haver\u00e1 atos de ambos os lados pol\u00edticos. Em Porto Alegre, tr\u00eas frentes pr\u00f3-Lula sair\u00e3o marchando de locais diferentes da cidade em dire\u00e7\u00e3o ao TRF-4 a partir das cinco horas da manh\u00e3. Haver\u00e1 um cord\u00e3o isolando o pr\u00e9dio e os atos ser\u00e3o no entorno.<\/p>\n<p>Do outro lado, o MBL e o Vem Pra Rua convocam sua milit\u00e2ncia para o Carnalula e a Festa da Condena\u00e7\u00e3o, no Parque Moinhos de Vento. Os atos est\u00e3o marcados para as 18h. A previs\u00e3o \u00e9 que a sess\u00e3o na corte se encerre por volta das 15h30.<\/p>\n<p>Ainda n\u00e3o est\u00e1 confirmado onde o ex-presidente assistir\u00e1 ao julgamento, que ser\u00e1 transmitido ao vivo no canal no Youtube do TRF-4. Ele estuda ir \u00e0 avenida Paulista e juntar-se \u00e0 milit\u00e2ncia petista, mas tamb\u00e9m existe a chance de que permane\u00e7a em Porto Alegre ap\u00f3s o ato no dia anterior.<\/p>\n<p>O pr\u00f3prio ato na Paulista em defesa de Lula, por\u00e9m, est\u00e1 em xeque, j\u00e1 que a avenida tamb\u00e9m foi requisitada pelo Movimento Brasil Livre e Nas Ruas, ambos contra o petista. Na quarta-feira da semana passada, houve uma reuni\u00e3o com as entidades e a Pol\u00edcia Militar, mas n\u00e3o houve acordo.<\/p>\n<p>Os movimentos Brasil Popular e Frente Povo sem Medo, ligados ao PT, pediram a autoriza\u00e7\u00e3o para realizar um ato na avenida, a partir das 14h, mas o pedido foi negado pela Justi\u00e7a. Na decis\u00e3o, o juiz Antonio Augusto Galv\u00e3o de Fran\u00e7a, do Tribunal de Justi\u00e7a de S\u00e3o Paulo, justifica que \u201ch\u00e1 not\u00edcia de que outra entidade indicou intuito em promover manifesta\u00e7\u00e3o de ideal antag\u00f4nico no mesmo dia e local\u201d. Mas afirma, por\u00e9m, que n\u00e3o est\u00e1 claro quem protocolou primeiro o pedido. \u201cContudo, analisando a ata da reuni\u00e3o realizada junto \u00e0 Pol\u00edcia Militar, tudo indica que a prefer\u00eancia \u00e9 da outra manifesta\u00e7\u00e3o\u201d.<\/p>\n<p>Ap\u00f3s a decis\u00e3o, decretada na \u00faltima sexta, os movimentos ligados ao PT divulgaram uma nota convocando a concentra\u00e7\u00e3o para \u00e0s 17h na Pra\u00e7a da Rep\u00fablica, encerrando com uma caminhada at\u00e9 a avenida Paulista, a cerca de tr\u00eas quil\u00f4metros de dist\u00e2ncia. \u201cAs entidades refor\u00e7am que n\u00e3o abrir\u00e3o m\u00e3o da caminhada democr\u00e1tica na tradicional avenida, principalmente depois de terem sido barradas ap\u00f3s in\u00fameros di\u00e1logos\u201d, diz a nota. Os movimentos alegam que tentaram dialogar mudando o hor\u00e1rio e o ponto de concentra\u00e7\u00e3o do ato na Paulista.<\/p>\n<p>\u201cN\u00e3o adianta vir a pol\u00edcia do (Geraldo) Alckmin dizer que a gente n\u00e3o pode fazer manifesta\u00e7\u00e3o, porque n\u00f3s vamos\u201d, disse Guilherme Boulos, l\u00edder do MTST (Movimento dos Trabalhadores Sem-Teto), em ato de intelectuais e artistas pela defesa de Lula na \u00faltima quinta-feira em S\u00e3o Paulo. \u201cA rua n\u00e3o \u00e9 s\u00f3 deles, dos que vestem a camisa da CBF. N\u00f3s vamos para a Paulista. O povo da Ocupa\u00e7\u00e3o Povo sem Medo, em S\u00e3o Bernardo, vir\u00e1 para o centro\u201d.<\/p>\n<p>De qualquer modo, os movimentos pela pris\u00e3o do petista prometem ir \u00e0 avenida tamb\u00e9m, com caminh\u00e3o de som e levar\u00e3o o Pixuleco. O boneco foi montado na \u00faltima sexta, em frente \u00e0 casa do ex-presidente em S\u00e3o Bernardo. Houve bate-boca entre militantes anti e pr\u00f3-Lula, mas n\u00e3o houve confronto f\u00edsico.<\/p>\n<p>Depois<br \/>\nNo dia seguinte ao julgamento, haver\u00e1 uma reuni\u00e3o do diret\u00f3rio nacional do PT em S\u00e3o Paulo que simbolizar\u00e1, extraoficialmente, o lan\u00e7amento da candidatura de Lula \u00e0 presid\u00eancia. Na pauta estar\u00e1 o encaminhamento da candidatura de 2018, mas n\u00e3o haver\u00e1 um an\u00fancio oficial ainda, devido aos prazos estabelecidos pelo Tribunal Superior Eleitoral (TSE), que estipula que as conven\u00e7\u00f5es partid\u00e1rias para escolher os candidatos devem ocorrer somente entre 20 de julho a 5 de agosto. De qualquer modo, deputados e dirigentes de todo o pa\u00eds est\u00e3o sendo convocados para a reuni\u00e3o, cujo hor\u00e1rio e local ainda n\u00e3o foram confirmados.<\/p>\n","protected":false},"excerpt":{"rendered":"<p>Movimentos sociais se preparam para manifesta\u00e7\u00f5es a favor e contra o ex-presidente. Petista participar\u00e1 de ato em Porto Alegre nesta ter\u00e7a-feira, horas antes de ju\u00edzo. &nbsp;<\/p>\n","protected":false},"author":1,"featured_media":16235,"comment_status":"closed","ping_status":"open","sticky":false,"template":"","format":"standard","meta":{"_exactmetrics_skip_tracking":false,"_exactmetrics_sitenote_active":false,"_exactmetrics_sitenote_note":"","_exactmetrics_sitenote_category":0,"jetpack_post_was_ever_published":false,"_jetpack_newsletter_access":"","_jetpack_dont_email_post_to_subs":false,"_jetpack_newsletter_tier_id":0,"_jetpack_memberships_contains_paywalled_content":false,"_jetpack_memberships_contains_paid_content":false,"footnotes":"","jetpack_publicize_message":"","jetpack_publicize_feature_enabled":true,"jetpack_social_post_already_shared":true,"jetpack_social_options":{"image_generator_settings":{"template":"highway","enabled":false},"version":2}},"categories":[1],"tags":[],"class_list":["post-16234","post","type-post","status-publish","format-standard","has-post-thumbnail","hentry","category-notas"],"jetpack_publicize_connections":[],"jetpack_sharing_enabled":true,"jetpack_featured_media_url":"https:\/\/i0.wp.com\/blogdalucianaoliveira.com.br\/blog\/wp-content\/uploads\/2018\/01\/dois.jpg?fit=1960%2C1122","jetpack_shortlink":"https:\/\/wp.me\/p7wKYW-4dQ","jetpack-related-posts":[],"_links":{"self":[{"href":"http:\/\/blogdalucianaoliveira.com.br\/blog\/wp-json\/wp\/v2\/posts\/16234","targetHints":{"allow":["GET"]}}],"collection":[{"href":"http:\/\/blogdalucianaoliveira.com.br\/blog\/wp-json\/wp\/v2\/posts"}],"about":[{"href":"http:\/\/blogdalucianaoliveira.com.br\/blog\/wp-json\/wp\/v2\/types\/post"}],"author":[{"embeddable":true,"href":"http:\/\/blogdalucianaoliveira.com.br\/blog\/wp-json\/wp\/v2\/users\/1"}],"replies":[{"embeddable":true,"href":"http:\/\/blogdalucianaoliveira.com.br\/blog\/wp-json\/wp\/v2\/comments?post=16234"}],"version-history":[{"count":1,"href":"http:\/\/blogdalucianaoliveira.com.br\/blog\/wp-json\/wp\/v2\/posts\/16234\/revisions"}],"predecessor-version":[{"id":16236,"href":"http:\/\/blogdalucianaoliveira.com.br\/blog\/wp-json\/wp\/v2\/posts\/16234\/revisions\/16236"}],"wp:featuredmedia":[{"embeddable":true,"href":"http:\/\/blogdalucianaoliveira.com.br\/blog\/wp-json\/wp\/v2\/media\/16235"}],"wp:attachment":[{"href":"http:\/\/blogdalucianaoliveira.com.br\/blog\/wp-json\/wp\/v2\/media?parent=16234"}],"wp:term":[{"taxonomy":"category","embeddable":true,"href":"http:\/\/blogdalucianaoliveira.com.br\/blog\/wp-json\/wp\/v2\/categories?post=16234"},{"taxonomy":"post_tag","embeddable":true,"href":"http:\/\/blogdalucianaoliveira.com.br\/blog\/wp-json\/wp\/v2\/tags?post=16234"}],"curies":[{"name":"wp","href":"https:\/\/api.w.org\/{rel}","templated":true}]}}