{"id":16240,"date":"2018-01-23T12:07:09","date_gmt":"2018-01-23T16:07:09","guid":{"rendered":"http:\/\/blogdalucianaoliveira.com.br\/blog\/?p=16240"},"modified":"2018-01-23T12:07:09","modified_gmt":"2018-01-23T16:07:09","slug":"mp-admite-que-lula-pode-ser-condenado-sem-provas-e-por-soma-de-indicios","status":"publish","type":"post","link":"http:\/\/blogdalucianaoliveira.com.br\/blog\/2018\/01\/23\/mp-admite-que-lula-pode-ser-condenado-sem-provas-e-por-soma-de-indicios\/","title":{"rendered":"MP ADMITE QUE LULA PODE SER CONDENADO SEM PROVAS E POR &#8216;SOMA DE IND\u00cdCIOS&#8217;"},"content":{"rendered":"<p><img data-recalc-dims=\"1\" loading=\"lazy\" decoding=\"async\" data-attachment-id=\"16241\" data-permalink=\"http:\/\/blogdalucianaoliveira.com.br\/blog\/2018\/01\/23\/mp-admite-que-lula-pode-ser-condenado-sem-provas-e-por-soma-de-indicios\/lula8\/\" data-orig-file=\"https:\/\/i0.wp.com\/blogdalucianaoliveira.com.br\/blog\/wp-content\/uploads\/2018\/01\/lula8.jpg?fit=1000%2C357\" data-orig-size=\"1000,357\" data-comments-opened=\"0\" data-image-meta=\"{&quot;aperture&quot;:&quot;0&quot;,&quot;credit&quot;:&quot;&quot;,&quot;camera&quot;:&quot;&quot;,&quot;caption&quot;:&quot;&quot;,&quot;created_timestamp&quot;:&quot;0&quot;,&quot;copyright&quot;:&quot;&quot;,&quot;focal_length&quot;:&quot;0&quot;,&quot;iso&quot;:&quot;0&quot;,&quot;shutter_speed&quot;:&quot;0&quot;,&quot;title&quot;:&quot;&quot;,&quot;orientation&quot;:&quot;0&quot;}\" data-image-title=\"lula8\" data-image-description=\"\" data-image-caption=\"\" data-medium-file=\"https:\/\/i0.wp.com\/blogdalucianaoliveira.com.br\/blog\/wp-content\/uploads\/2018\/01\/lula8.jpg?fit=300%2C107\" data-large-file=\"https:\/\/i0.wp.com\/blogdalucianaoliveira.com.br\/blog\/wp-content\/uploads\/2018\/01\/lula8.jpg?fit=600%2C214\" src=\"https:\/\/i0.wp.com\/blogdalucianaoliveira.com.br\/blog\/wp-content\/uploads\/2018\/01\/lula8.jpg?resize=600%2C214\" alt=\"lula8\" width=\"600\" height=\"214\" class=\"alignnone size-full wp-image-16241\" srcset=\"https:\/\/i0.wp.com\/blogdalucianaoliveira.com.br\/blog\/wp-content\/uploads\/2018\/01\/lula8.jpg?w=1000 1000w, https:\/\/i0.wp.com\/blogdalucianaoliveira.com.br\/blog\/wp-content\/uploads\/2018\/01\/lula8.jpg?resize=300%2C107 300w, https:\/\/i0.wp.com\/blogdalucianaoliveira.com.br\/blog\/wp-content\/uploads\/2018\/01\/lula8.jpg?resize=768%2C274 768w, https:\/\/i0.wp.com\/blogdalucianaoliveira.com.br\/blog\/wp-content\/uploads\/2018\/01\/lula8.jpg?resize=800%2C286 800w\" sizes=\"auto, (max-width: 600px) 100vw, 600px\" \/><\/p>\n<p>247 &#8211; O procurador-chefe da Procuradoria Regional da Rep\u00fablica da 4\u00aa Regi\u00e3o (PRR-4), a segunda inst\u00e2ncia do MPF (Minist\u00e9rio P\u00fablico Federal), Carlos Augusto da Silva Cazarr\u00e9, disse que &#8220;ind\u00edcios&#8221; e &#8220;convic\u00e7\u00f5es&#8221; podem influenciar em uma eventual condena\u00e7\u00e3o do ex-presidente Luiz In\u00e1cio Lula da Silva, que ser\u00e1 julgado nesta quarta-feira (24) pelo Tribunal Regional Federal da 4\u00aa Regi\u00e3o (TRF-4), em Porto Alegre, no processo do tr\u00edplex do Guaruj\u00e1.<!--more--><\/p>\n<p>&#8220;O C\u00f3digo de Processo Penal expressa a respeito disso: um conjunto de ind\u00edcios pode condenar. Ent\u00e3o, eu tenho, eventualmente, um depoimento de delator, mas eu tenho outros elementos de convic\u00e7\u00e3o que levam a um ju\u00edzo de convic\u00e7\u00e3o, de certeza&#8221;, afirmou Cazarr\u00e9 em entrevista ao portal UOL.<\/p>\n<p>A defesa de Lula alega que a senten\u00e7a proferida pelo juiz S\u00e9rgio Moro \u2013 que condenou Lula a 9,6 anos de pris\u00e3o \u2013 foi formulada com base apenas no depoimento de uma pessoa: o ex-presidente da empreiteira OAS, Leo Pinheiro, al\u00e9m de supostos ind\u00edcios e convic\u00e7\u00f5es. Cazarr\u00e9, contudo ressalta que somente a palavra de um delator n\u00e3o \u00e9 suficiente para assegurar uma condena\u00e7\u00e3o.<\/p>\n<p>&#8220;Se isso estiver isolado da prova, a\u00ed n\u00e3o posso obter a condena\u00e7\u00e3o. Agora, se eu tenho outros elementos que confirmam aquilo, que mostram que aquilo \u00e9 verdadeiro, \u00e9 um elemento a ser considerado tamb\u00e9m&#8221;, disse, Ele tamb\u00e9m ressaltou que os acordos de colabora\u00e7\u00e3o premiada tendem a resultar em resist\u00eancias por parte da popula\u00e7\u00e3o. &#8220;Isso \u00e9 natural. O primeiro impacto da dela\u00e7\u00e3o premiada para o nosso sistema jur\u00eddico \u00e9 grande: &#8216;ah, o Estado vai negociar com bandido?&#8217; Essa rea\u00e7\u00e3o j\u00e1 ocorreu&#8221;, observou.<\/p>\n<p>&#8220;A gente tem procurado se basear em cima de fatos. \u00c9 importante as pessoas examinem essas quest\u00f5es antes de fazerem an\u00e1lises pol\u00edticas&#8221;, finalizou.<\/p>\n","protected":false},"excerpt":{"rendered":"<p>247 &#8211; O procurador-chefe da Procuradoria Regional da Rep\u00fablica da 4\u00aa Regi\u00e3o (PRR-4), a segunda inst\u00e2ncia do MPF (Minist\u00e9rio P\u00fablico Federal), Carlos Augusto da Silva Cazarr\u00e9, disse que &#8220;ind\u00edcios&#8221; e &#8220;convic\u00e7\u00f5es&#8221; podem influenciar em uma eventual condena\u00e7\u00e3o do ex-presidente Luiz In\u00e1cio Lula da Silva, que ser\u00e1 julgado nesta quarta-feira (24) pelo Tribunal Regional Federal da&#8230;<a class=\"more-link\" href=\"http:\/\/blogdalucianaoliveira.com.br\/blog\/2018\/01\/23\/mp-admite-que-lula-pode-ser-condenado-sem-provas-e-por-soma-de-indicios\/\">Continue a leitura <span class=\"meta-nav\">&raquo;<\/span><\/a><\/p>\n","protected":false},"author":1,"featured_media":0,"comment_status":"closed","ping_status":"open","sticky":false,"template":"","format":"standard","meta":{"_exactmetrics_skip_tracking":false,"_exactmetrics_sitenote_active":false,"_exactmetrics_sitenote_note":"","_exactmetrics_sitenote_category":0,"jetpack_post_was_ever_published":false,"_jetpack_newsletter_access":"","_jetpack_dont_email_post_to_subs":false,"_jetpack_newsletter_tier_id":0,"_jetpack_memberships_contains_paywalled_content":false,"_jetpack_memberships_contains_paid_content":false,"footnotes":"","jetpack_publicize_message":"","jetpack_publicize_feature_enabled":true,"jetpack_social_post_already_shared":true,"jetpack_social_options":{"image_generator_settings":{"template":"highway","enabled":false},"version":2}},"categories":[1],"tags":[],"class_list":["post-16240","post","type-post","status-publish","format-standard","hentry","category-notas"],"jetpack_publicize_connections":[],"jetpack_sharing_enabled":true,"jetpack_featured_media_url":"","jetpack_shortlink":"https:\/\/wp.me\/p7wKYW-4dW","jetpack-related-posts":[],"_links":{"self":[{"href":"http:\/\/blogdalucianaoliveira.com.br\/blog\/wp-json\/wp\/v2\/posts\/16240","targetHints":{"allow":["GET"]}}],"collection":[{"href":"http:\/\/blogdalucianaoliveira.com.br\/blog\/wp-json\/wp\/v2\/posts"}],"about":[{"href":"http:\/\/blogdalucianaoliveira.com.br\/blog\/wp-json\/wp\/v2\/types\/post"}],"author":[{"embeddable":true,"href":"http:\/\/blogdalucianaoliveira.com.br\/blog\/wp-json\/wp\/v2\/users\/1"}],"replies":[{"embeddable":true,"href":"http:\/\/blogdalucianaoliveira.com.br\/blog\/wp-json\/wp\/v2\/comments?post=16240"}],"version-history":[{"count":1,"href":"http:\/\/blogdalucianaoliveira.com.br\/blog\/wp-json\/wp\/v2\/posts\/16240\/revisions"}],"predecessor-version":[{"id":16242,"href":"http:\/\/blogdalucianaoliveira.com.br\/blog\/wp-json\/wp\/v2\/posts\/16240\/revisions\/16242"}],"wp:attachment":[{"href":"http:\/\/blogdalucianaoliveira.com.br\/blog\/wp-json\/wp\/v2\/media?parent=16240"}],"wp:term":[{"taxonomy":"category","embeddable":true,"href":"http:\/\/blogdalucianaoliveira.com.br\/blog\/wp-json\/wp\/v2\/categories?post=16240"},{"taxonomy":"post_tag","embeddable":true,"href":"http:\/\/blogdalucianaoliveira.com.br\/blog\/wp-json\/wp\/v2\/tags?post=16240"}],"curies":[{"name":"wp","href":"https:\/\/api.w.org\/{rel}","templated":true}]}}