{"id":16246,"date":"2018-01-23T13:21:46","date_gmt":"2018-01-23T17:21:46","guid":{"rendered":"http:\/\/blogdalucianaoliveira.com.br\/blog\/?p=16246"},"modified":"2018-01-23T13:21:46","modified_gmt":"2018-01-23T17:21:46","slug":"que-tiro-foi-esse","status":"publish","type":"post","link":"http:\/\/blogdalucianaoliveira.com.br\/blog\/2018\/01\/23\/que-tiro-foi-esse\/","title":{"rendered":"QUE TIRO FOI ESSE?"},"content":{"rendered":"<p><img data-recalc-dims=\"1\" loading=\"lazy\" decoding=\"async\" data-attachment-id=\"16247\" data-permalink=\"http:\/\/blogdalucianaoliveira.com.br\/blog\/2018\/01\/23\/que-tiro-foi-esse\/b81fae76-a291-465b-b2c2-e2ab411a0155\/\" data-orig-file=\"https:\/\/i0.wp.com\/blogdalucianaoliveira.com.br\/blog\/wp-content\/uploads\/2018\/01\/B81FAE76-A291-465B-B2C2-E2AB411A0155.jpeg?fit=756%2C455\" data-orig-size=\"756,455\" data-comments-opened=\"0\" data-image-meta=\"{&quot;aperture&quot;:&quot;0&quot;,&quot;credit&quot;:&quot;&quot;,&quot;camera&quot;:&quot;&quot;,&quot;caption&quot;:&quot;&quot;,&quot;created_timestamp&quot;:&quot;0&quot;,&quot;copyright&quot;:&quot;&quot;,&quot;focal_length&quot;:&quot;0&quot;,&quot;iso&quot;:&quot;0&quot;,&quot;shutter_speed&quot;:&quot;0&quot;,&quot;title&quot;:&quot;&quot;,&quot;orientation&quot;:&quot;1&quot;}\" data-image-title=\"B81FAE76-A291-465B-B2C2-E2AB411A0155\" data-image-description=\"\" data-image-caption=\"\" data-medium-file=\"https:\/\/i0.wp.com\/blogdalucianaoliveira.com.br\/blog\/wp-content\/uploads\/2018\/01\/B81FAE76-A291-465B-B2C2-E2AB411A0155.jpeg?fit=300%2C181\" data-large-file=\"https:\/\/i0.wp.com\/blogdalucianaoliveira.com.br\/blog\/wp-content\/uploads\/2018\/01\/B81FAE76-A291-465B-B2C2-E2AB411A0155.jpeg?fit=600%2C361\" src=\"https:\/\/i0.wp.com\/blogdalucianaoliveira.com.br\/blog\/wp-content\/uploads\/2018\/01\/B81FAE76-A291-465B-B2C2-E2AB411A0155.jpeg?resize=600%2C361\" alt=\"B81FAE76-A291-465B-B2C2-E2AB411A0155\" width=\"600\" height=\"361\" class=\"alignnone size-full wp-image-16247\" srcset=\"https:\/\/i0.wp.com\/blogdalucianaoliveira.com.br\/blog\/wp-content\/uploads\/2018\/01\/B81FAE76-A291-465B-B2C2-E2AB411A0155.jpeg?w=756 756w, https:\/\/i0.wp.com\/blogdalucianaoliveira.com.br\/blog\/wp-content\/uploads\/2018\/01\/B81FAE76-A291-465B-B2C2-E2AB411A0155.jpeg?resize=300%2C181 300w, https:\/\/i0.wp.com\/blogdalucianaoliveira.com.br\/blog\/wp-content\/uploads\/2018\/01\/B81FAE76-A291-465B-B2C2-E2AB411A0155.jpeg?resize=498%2C300 498w\" sizes=\"auto, (max-width: 600px) 100vw, 600px\" \/><\/p>\n<p>Por Lel\u00ea Teles <\/p>\n<p>o Brasil, hoje, \u00e9 um garoto negro e pobre, solit\u00e1rio no meio da multid\u00e3o, deslumbrado com os fogos de artif\u00edcio dos ricos e os rumores de risos artificias \u00e0 sua volta.<\/p>\n<p>sem futuro, com frio, com fome e com medo.<\/p>\n<p>o r\u00e9veillon, como sabemos, essa data que marca a virada de um ano para o outro, \u00e9 um rito que seguimos por osmose.<\/p>\n<p>no Brasil, o novo ano s\u00f3 come\u00e7a de verdade depois do carnaval.<\/p>\n<p>os festejos de Momo s\u00e3o o nosso rito de passagem oficioso.<\/p>\n<p>depois de passarmos uma semana enchendo a cara, distribuindo sorrisos e simpatias, abra\u00e7ando estranhos, se drogando, mijando e transando no meio da rua, a gente acorda numa quarta-feira de ressaca.<\/p>\n<p>tira a fantasia, vai no espelho e desfaz a maquiagem; v\u00ea se h\u00e1 roxid\u00f5es pelo corpo, toma-se uma p\u00edlula do dia seguinte, um engov, bebe-se uma \u00e1gua de coco, morde-se uma banda de melancia e z\u00e1s&#8230;<\/p>\n<p>aquelas figuras felizes e sorridentes de outrora voltam, como num passe de m\u00e1gica, a mostrar o dedo m\u00e9dio para uma van escolar lotada de crian\u00e7a no caminho do trabalho, a destratar gar\u00e7ons, padeiros, pedreiros, porteiros&#8230;<\/p>\n<p>a coisa volta ao normal.<\/p>\n<p>as pessoas de bens colocam de volta suas m\u00e1scaras sociais; sempre carrancudas.<\/p>\n<p>no entanto, a anormalidade \u00e9 tamanha nesses tempos trevosos que 2018 come\u00e7ar\u00e1 ainda no grito de carnaval.<\/p>\n<p>&#8220;que tiro foi esse?&#8221;, dir\u00e3o, quando Lula passar flutuando nos bra\u00e7os da multid\u00e3o logo ap\u00f3s o voto dos tr\u00eas mosqueteiros do Paran\u00e1 amanh\u00e3, 24 de janeiro.<\/p>\n<p>\u00e9 amigo, o tiro vai sair pela culatra.<\/p>\n<p>qual ser\u00e1 o placar da vota\u00e7\u00e3o?<\/p>\n<p>talvez o \u00fanico a sab\u00ea-lo est\u00e1 morto, era aquele s\u00e1bio polvo adivinho, um molusco alem\u00e3o de nome Paul, que brilhou durante a Copa do Mundo da \u00c1frica do Sul acertando os resultados das partidas.<\/p>\n<p>aqui ficamos com a nossa brasileir\u00edssima M\u00e3e Din\u00e1h, que n\u00e3o errava nunca; a nossa pitonisa cravaria: &#8220;ou Lula ser\u00e1 condenado ou ser\u00e1 absolvido!&#8221;<\/p>\n<p>agora, atentai bem. <\/p>\n<p>n\u00e3o vai ter algema nos p\u00e9s e nas m\u00e3os de Lula, n\u00e3o vai ter cadeia. n\u00e3o \u00e9 uma condena\u00e7\u00e3o no sentido jur\u00eddico da palavra.<\/p>\n<p>o que os rapazes de Porto Alegre v\u00e3o decidir amanh\u00e3 \u00e9 se Lula vai ao ostracismo ou n\u00e3o.<\/p>\n<p>\u00e9 um espet\u00e1culo pol\u00edtico.<\/p>\n<p>o ostracismo foi criado pelo pai da democracia, o grego Cl\u00edstenes.<\/p>\n<p>e \u00e0 \u00e9poca era uma multid\u00e3o que ia \u00e0 \u00e1gora decidir que homem seria banido da vida p\u00fablica.<\/p>\n<p>precisava-se de pelo menos seis mil pessoas marcando seu voto no \u00f3straco pra coisa valer.<\/p>\n<p>aqui bastam tr\u00eas machos brancos burgueses.<\/p>\n<p>no entanto, os gregos revogaram esse instituto, porque ele serviu para o general Alceb\u00edades Clinias massacrar Hip\u00e9rbolo, seu advers\u00e1rio.<\/p>\n<p>como, hiperbolicamente, est\u00e3o a massacrar Lula da Silva hoje.<\/p>\n<p>Alceb\u00edades vive mimetizado nas figuras dos bar\u00f5es da midiazona, dos parasitas rentistas e dos burgueses togados.<\/p>\n<p>essa trinca tentou estrangular o pet\u00ea achincalhando a sua imagem, prendendo seus l\u00edderes, falseando suas biografias.<\/p>\n<p>anunciaram diversas vezes que o pet\u00ea tinha acabado.<\/p>\n<p>concomitantemente, iniciaram uma ca\u00e7ada midi\u00e1tica para destruir a imagem de Lula.<\/p>\n<p>o diabo \u00e9 que eles n\u00e3o conseguiram nem uma coisa nem outra.<\/p>\n<p>e sequer conseguiram produzir um candidato para fazer frente a Lula e ao pet\u00ea; por isso apelaram para os capas-preta.<\/p>\n<p>amanh\u00e3 ser\u00e1 3&#215;0 ou 2&#215;1, o placar pouco importa.<\/p>\n<p>importa que os dem\u00f3fobos acender\u00e3o a chama da revolta.<\/p>\n<p>a partir de amanh\u00e3 o Brasil ter\u00e1 um grito un\u00edssono que reverberar\u00e1 at\u00e9 outubro:<\/p>\n<p>elei\u00e7\u00e3o sem Lula \u00e9 fraude!<\/p>\n<p>esse \u00e9 o tiro.<\/p>\n<p>palavra da salva\u00e7\u00e3o.<\/p>\n","protected":false},"excerpt":{"rendered":"<p>Por Lel\u00ea Teles o Brasil, hoje, \u00e9 um garoto negro e pobre, solit\u00e1rio no meio da multid\u00e3o, deslumbrado com os fogos de artif\u00edcio dos ricos e os rumores de risos artificias \u00e0 sua volta. sem futuro, com frio, com fome e com medo. o r\u00e9veillon, como sabemos, essa data que marca a virada de um&#8230;<a class=\"more-link\" href=\"http:\/\/blogdalucianaoliveira.com.br\/blog\/2018\/01\/23\/que-tiro-foi-esse\/\">Continue a leitura <span class=\"meta-nav\">&raquo;<\/span><\/a><\/p>\n","protected":false},"author":1,"featured_media":0,"comment_status":"closed","ping_status":"open","sticky":false,"template":"","format":"standard","meta":{"_exactmetrics_skip_tracking":false,"_exactmetrics_sitenote_active":false,"_exactmetrics_sitenote_note":"","_exactmetrics_sitenote_category":0,"jetpack_post_was_ever_published":false,"_jetpack_newsletter_access":"","_jetpack_dont_email_post_to_subs":false,"_jetpack_newsletter_tier_id":0,"_jetpack_memberships_contains_paywalled_content":false,"_jetpack_memberships_contains_paid_content":false,"footnotes":"","jetpack_publicize_message":"","jetpack_publicize_feature_enabled":true,"jetpack_social_post_already_shared":true,"jetpack_social_options":{"image_generator_settings":{"template":"highway","enabled":false},"version":2}},"categories":[1],"tags":[],"class_list":["post-16246","post","type-post","status-publish","format-standard","hentry","category-notas"],"jetpack_publicize_connections":[],"jetpack_sharing_enabled":true,"jetpack_featured_media_url":"","jetpack_shortlink":"https:\/\/wp.me\/p7wKYW-4e2","jetpack-related-posts":[],"_links":{"self":[{"href":"http:\/\/blogdalucianaoliveira.com.br\/blog\/wp-json\/wp\/v2\/posts\/16246","targetHints":{"allow":["GET"]}}],"collection":[{"href":"http:\/\/blogdalucianaoliveira.com.br\/blog\/wp-json\/wp\/v2\/posts"}],"about":[{"href":"http:\/\/blogdalucianaoliveira.com.br\/blog\/wp-json\/wp\/v2\/types\/post"}],"author":[{"embeddable":true,"href":"http:\/\/blogdalucianaoliveira.com.br\/blog\/wp-json\/wp\/v2\/users\/1"}],"replies":[{"embeddable":true,"href":"http:\/\/blogdalucianaoliveira.com.br\/blog\/wp-json\/wp\/v2\/comments?post=16246"}],"version-history":[{"count":1,"href":"http:\/\/blogdalucianaoliveira.com.br\/blog\/wp-json\/wp\/v2\/posts\/16246\/revisions"}],"predecessor-version":[{"id":16248,"href":"http:\/\/blogdalucianaoliveira.com.br\/blog\/wp-json\/wp\/v2\/posts\/16246\/revisions\/16248"}],"wp:attachment":[{"href":"http:\/\/blogdalucianaoliveira.com.br\/blog\/wp-json\/wp\/v2\/media?parent=16246"}],"wp:term":[{"taxonomy":"category","embeddable":true,"href":"http:\/\/blogdalucianaoliveira.com.br\/blog\/wp-json\/wp\/v2\/categories?post=16246"},{"taxonomy":"post_tag","embeddable":true,"href":"http:\/\/blogdalucianaoliveira.com.br\/blog\/wp-json\/wp\/v2\/tags?post=16246"}],"curies":[{"name":"wp","href":"https:\/\/api.w.org\/{rel}","templated":true}]}}