{"id":16270,"date":"2018-01-24T11:09:44","date_gmt":"2018-01-24T15:09:44","guid":{"rendered":"http:\/\/blogdalucianaoliveira.com.br\/blog\/?p=16270"},"modified":"2018-01-24T11:09:44","modified_gmt":"2018-01-24T15:09:44","slug":"eleicao-sem-lula-e-fraude-sim","status":"publish","type":"post","link":"http:\/\/blogdalucianaoliveira.com.br\/blog\/2018\/01\/24\/eleicao-sem-lula-e-fraude-sim\/","title":{"rendered":"Elei\u00e7\u00e3o sem Lula \u00e9 fraude, sim!"},"content":{"rendered":"<p><img data-recalc-dims=\"1\" loading=\"lazy\" decoding=\"async\" data-attachment-id=\"16271\" data-permalink=\"http:\/\/blogdalucianaoliveira.com.br\/blog\/2018\/01\/24\/eleicao-sem-lula-e-fraude-sim\/4a5821a3-24f5-4a5b-bf8a-a66c172dc263\/\" data-orig-file=\"https:\/\/i0.wp.com\/blogdalucianaoliveira.com.br\/blog\/wp-content\/uploads\/2018\/01\/4A5821A3-24F5-4A5B-BF8A-A66C172DC263.jpeg?fit=1929%2C1929\" data-orig-size=\"1929,1929\" data-comments-opened=\"0\" data-image-meta=\"{&quot;aperture&quot;:&quot;2.2&quot;,&quot;credit&quot;:&quot;&quot;,&quot;camera&quot;:&quot;iPhone 6&quot;,&quot;caption&quot;:&quot;&quot;,&quot;created_timestamp&quot;:&quot;1516788024&quot;,&quot;copyright&quot;:&quot;&quot;,&quot;focal_length&quot;:&quot;4.15&quot;,&quot;iso&quot;:&quot;32&quot;,&quot;shutter_speed&quot;:&quot;0.000758150113723&quot;,&quot;title&quot;:&quot;&quot;,&quot;orientation&quot;:&quot;1&quot;}\" data-image-title=\"4A5821A3-24F5-4A5B-BF8A-A66C172DC263\" data-image-description=\"\" data-image-caption=\"\" data-medium-file=\"https:\/\/i0.wp.com\/blogdalucianaoliveira.com.br\/blog\/wp-content\/uploads\/2018\/01\/4A5821A3-24F5-4A5B-BF8A-A66C172DC263.jpeg?fit=300%2C300\" data-large-file=\"https:\/\/i0.wp.com\/blogdalucianaoliveira.com.br\/blog\/wp-content\/uploads\/2018\/01\/4A5821A3-24F5-4A5B-BF8A-A66C172DC263.jpeg?fit=600%2C600\" src=\"https:\/\/i0.wp.com\/blogdalucianaoliveira.com.br\/blog\/wp-content\/uploads\/2018\/01\/4A5821A3-24F5-4A5B-BF8A-A66C172DC263.jpeg?resize=600%2C600\" alt=\"4A5821A3-24F5-4A5B-BF8A-A66C172DC263\" width=\"600\" height=\"600\" class=\"alignnone size-full wp-image-16271\" srcset=\"https:\/\/i0.wp.com\/blogdalucianaoliveira.com.br\/blog\/wp-content\/uploads\/2018\/01\/4A5821A3-24F5-4A5B-BF8A-A66C172DC263.jpeg?w=1929 1929w, https:\/\/i0.wp.com\/blogdalucianaoliveira.com.br\/blog\/wp-content\/uploads\/2018\/01\/4A5821A3-24F5-4A5B-BF8A-A66C172DC263.jpeg?resize=150%2C150 150w, https:\/\/i0.wp.com\/blogdalucianaoliveira.com.br\/blog\/wp-content\/uploads\/2018\/01\/4A5821A3-24F5-4A5B-BF8A-A66C172DC263.jpeg?resize=300%2C300 300w, https:\/\/i0.wp.com\/blogdalucianaoliveira.com.br\/blog\/wp-content\/uploads\/2018\/01\/4A5821A3-24F5-4A5B-BF8A-A66C172DC263.jpeg?resize=768%2C768 768w, https:\/\/i0.wp.com\/blogdalucianaoliveira.com.br\/blog\/wp-content\/uploads\/2018\/01\/4A5821A3-24F5-4A5B-BF8A-A66C172DC263.jpeg?resize=1024%2C1024 1024w, https:\/\/i0.wp.com\/blogdalucianaoliveira.com.br\/blog\/wp-content\/uploads\/2018\/01\/4A5821A3-24F5-4A5B-BF8A-A66C172DC263.jpeg?w=1200 1200w, https:\/\/i0.wp.com\/blogdalucianaoliveira.com.br\/blog\/wp-content\/uploads\/2018\/01\/4A5821A3-24F5-4A5B-BF8A-A66C172DC263.jpeg?w=1800 1800w\" sizes=\"auto, (max-width: 600px) 100vw, 600px\" \/><\/p>\n<p>Hoje a primeira coisa que li nas redes sociais \u00e9 prova flagrante de que a luta de classes motiva a condena\u00e7\u00e3o, sem provas, do ex-Presidente Lula. <\/p>\n<p>Foi mais ou menos isso que li: faz parte da natureza das coisas e dos seres que uns tenham mais sem merecer e outros tenham ainda mais, porque trabalham duro. <\/p>\n<p>Jamais!<br \/>\nO combate \u00e0 desigualdade \u00e9 o \u00fanico caminho para o desenvolvimento do Brasil. Toda na\u00e7\u00e3o forte investe nisso. <!--more--><\/p>\n<p>A motiva\u00e7\u00e3o do golpe contra Dilma e agora contra Lula, \u00e9 a insaci\u00e1vel gan\u00e2ncia neoliberal que mant\u00e9m a maioria mais pobre escrava da minoria mais rica. <\/p>\n<p>Impedir Lula de disputar uma elei\u00e7\u00e3o com um processo viciado, com uma marcha processual acelerada s\u00f3 pra ele, \u00e9 prova do desespero da classe mais abastada. <\/p>\n<p>Poderiam tirar Lula das ruas, mas jamais a consci\u00eancia de justi\u00e7a social que plantou. <\/p>\n<p>E me sinto orgulhosa de estar sempre na luta pela democracia e por justi\u00e7a. <\/p>\n<p>Jamais me ver\u00e3o corroborar com seletividade, abuso e senten\u00e7a viciada contra quem quer que seja. <\/p>\n<p>Se Lula, ex-presidente, o maior l\u00edder popular do pa\u00eds est\u00e1 no banco dos r\u00e9us por crime sem prova de materialidade e autoria, ningu\u00e9m est\u00e1 protegido pela lei. <\/p>\n<p>Ningu\u00e9m est\u00e1 a salvo da elite que despreza justi\u00e7a social e democracia. <\/p>\n<p>O julgamento (pol\u00edtico) de Lula no TRF n\u00e3o importa, porque o povo experimenta com dor na alma e no bolso a descomunal diferen\u00e7a de um governo de direita e de esquerda. <\/p>\n<p>Um constr\u00f3i, divide.<br \/>\nO outro destr\u00f3i, privilegia. <\/p>\n<p>Elei\u00e7\u00e3o sem Lula por condena\u00e7\u00e3o fora dos limites legais \u00e9 fraude.<\/p>\n","protected":false},"excerpt":{"rendered":"<p>Hoje a primeira coisa que li nas redes sociais \u00e9 prova flagrante de que a luta de classes motiva a condena\u00e7\u00e3o, sem provas, do ex-Presidente Lula. Foi mais ou menos isso que li: faz parte da natureza das coisas e dos seres que uns tenham mais sem merecer e outros tenham ainda mais, porque trabalham&#8230;<a class=\"more-link\" href=\"http:\/\/blogdalucianaoliveira.com.br\/blog\/2018\/01\/24\/eleicao-sem-lula-e-fraude-sim\/\">Continue a leitura <span class=\"meta-nav\">&raquo;<\/span><\/a><\/p>\n","protected":false},"author":1,"featured_media":0,"comment_status":"closed","ping_status":"open","sticky":false,"template":"","format":"standard","meta":{"_exactmetrics_skip_tracking":false,"_exactmetrics_sitenote_active":false,"_exactmetrics_sitenote_note":"","_exactmetrics_sitenote_category":0,"jetpack_post_was_ever_published":false,"_jetpack_newsletter_access":"","_jetpack_dont_email_post_to_subs":false,"_jetpack_newsletter_tier_id":0,"_jetpack_memberships_contains_paywalled_content":false,"_jetpack_memberships_contains_paid_content":false,"footnotes":"","jetpack_publicize_message":"","jetpack_publicize_feature_enabled":true,"jetpack_social_post_already_shared":true,"jetpack_social_options":{"image_generator_settings":{"template":"highway","enabled":false},"version":2}},"categories":[1],"tags":[],"class_list":["post-16270","post","type-post","status-publish","format-standard","hentry","category-notas"],"jetpack_publicize_connections":[],"jetpack_sharing_enabled":true,"jetpack_featured_media_url":"","jetpack_shortlink":"https:\/\/wp.me\/p7wKYW-4eq","jetpack-related-posts":[],"_links":{"self":[{"href":"http:\/\/blogdalucianaoliveira.com.br\/blog\/wp-json\/wp\/v2\/posts\/16270","targetHints":{"allow":["GET"]}}],"collection":[{"href":"http:\/\/blogdalucianaoliveira.com.br\/blog\/wp-json\/wp\/v2\/posts"}],"about":[{"href":"http:\/\/blogdalucianaoliveira.com.br\/blog\/wp-json\/wp\/v2\/types\/post"}],"author":[{"embeddable":true,"href":"http:\/\/blogdalucianaoliveira.com.br\/blog\/wp-json\/wp\/v2\/users\/1"}],"replies":[{"embeddable":true,"href":"http:\/\/blogdalucianaoliveira.com.br\/blog\/wp-json\/wp\/v2\/comments?post=16270"}],"version-history":[{"count":1,"href":"http:\/\/blogdalucianaoliveira.com.br\/blog\/wp-json\/wp\/v2\/posts\/16270\/revisions"}],"predecessor-version":[{"id":16272,"href":"http:\/\/blogdalucianaoliveira.com.br\/blog\/wp-json\/wp\/v2\/posts\/16270\/revisions\/16272"}],"wp:attachment":[{"href":"http:\/\/blogdalucianaoliveira.com.br\/blog\/wp-json\/wp\/v2\/media?parent=16270"}],"wp:term":[{"taxonomy":"category","embeddable":true,"href":"http:\/\/blogdalucianaoliveira.com.br\/blog\/wp-json\/wp\/v2\/categories?post=16270"},{"taxonomy":"post_tag","embeddable":true,"href":"http:\/\/blogdalucianaoliveira.com.br\/blog\/wp-json\/wp\/v2\/tags?post=16270"}],"curies":[{"name":"wp","href":"https:\/\/api.w.org\/{rel}","templated":true}]}}