{"id":16277,"date":"2018-01-24T12:03:02","date_gmt":"2018-01-24T16:03:02","guid":{"rendered":"http:\/\/blogdalucianaoliveira.com.br\/blog\/?p=16277"},"modified":"2018-01-24T12:06:51","modified_gmt":"2018-01-24T16:06:51","slug":"porto-velho-ato-pela-democracia-e-contra-condenacao-de-lula-sem-provas","status":"publish","type":"post","link":"http:\/\/blogdalucianaoliveira.com.br\/blog\/2018\/01\/24\/porto-velho-ato-pela-democracia-e-contra-condenacao-de-lula-sem-provas\/","title":{"rendered":"PORTO VELHO: ATO PELA DEMOCRACIA E CONTRA CONDENA\u00c7\u00c3O DE LULA, SEM PROVAS"},"content":{"rendered":"<p><img data-recalc-dims=\"1\" loading=\"lazy\" decoding=\"async\" data-attachment-id=\"16274\" data-permalink=\"http:\/\/blogdalucianaoliveira.com.br\/blog\/jf1\/\" data-orig-file=\"https:\/\/i0.wp.com\/blogdalucianaoliveira.com.br\/blog\/wp-content\/uploads\/2018\/01\/jf1.jpeg?fit=1600%2C1200\" data-orig-size=\"1600,1200\" data-comments-opened=\"0\" data-image-meta=\"{&quot;aperture&quot;:&quot;0&quot;,&quot;credit&quot;:&quot;&quot;,&quot;camera&quot;:&quot;&quot;,&quot;caption&quot;:&quot;&quot;,&quot;created_timestamp&quot;:&quot;0&quot;,&quot;copyright&quot;:&quot;&quot;,&quot;focal_length&quot;:&quot;0&quot;,&quot;iso&quot;:&quot;0&quot;,&quot;shutter_speed&quot;:&quot;0&quot;,&quot;title&quot;:&quot;&quot;,&quot;orientation&quot;:&quot;0&quot;}\" data-image-title=\"jf1\" data-image-description=\"\" data-image-caption=\"\" data-medium-file=\"https:\/\/i0.wp.com\/blogdalucianaoliveira.com.br\/blog\/wp-content\/uploads\/2018\/01\/jf1.jpeg?fit=300%2C225\" data-large-file=\"https:\/\/i0.wp.com\/blogdalucianaoliveira.com.br\/blog\/wp-content\/uploads\/2018\/01\/jf1.jpeg?fit=600%2C450\" src=\"https:\/\/i0.wp.com\/blogdalucianaoliveira.com.br\/blog\/wp-content\/uploads\/2018\/01\/jf1.jpeg?resize=600%2C450\" alt=\"jf1\" width=\"600\" height=\"450\" class=\"alignnone size-full wp-image-16274\" srcset=\"https:\/\/i0.wp.com\/blogdalucianaoliveira.com.br\/blog\/wp-content\/uploads\/2018\/01\/jf1.jpeg?w=1600 1600w, https:\/\/i0.wp.com\/blogdalucianaoliveira.com.br\/blog\/wp-content\/uploads\/2018\/01\/jf1.jpeg?resize=300%2C225 300w, https:\/\/i0.wp.com\/blogdalucianaoliveira.com.br\/blog\/wp-content\/uploads\/2018\/01\/jf1.jpeg?resize=768%2C576 768w, https:\/\/i0.wp.com\/blogdalucianaoliveira.com.br\/blog\/wp-content\/uploads\/2018\/01\/jf1.jpeg?resize=1024%2C768 1024w, https:\/\/i0.wp.com\/blogdalucianaoliveira.com.br\/blog\/wp-content\/uploads\/2018\/01\/jf1.jpeg?resize=400%2C300 400w, https:\/\/i0.wp.com\/blogdalucianaoliveira.com.br\/blog\/wp-content\/uploads\/2018\/01\/jf1.jpeg?w=1200 1200w\" sizes=\"auto, (max-width: 600px) 100vw, 600px\" \/><\/p>\n<p>O ato simb\u00f3lico foi em frente ao pr\u00e9dio da Justi\u00e7a Federal na capital e reuniu representantes de movimentos sociais e sindicais, lideran\u00e7as partid\u00e1rias, advogados progressistas e organiza\u00e7\u00f5es n\u00e3o governamentais.<\/p>\n<p>Nos discursos, revolta e compromisso de luta por justi\u00e7a.<!--more--><\/p>\n<p>Fala do advogado Ernande Segismundo<br \/>\n<iframe loading=\"lazy\" src=\"https:\/\/www.facebook.com\/plugins\/video.php?href=https%3A%2F%2Fwww.facebook.com%2Fluciana.oliveira.75457%2Fvideos%2F1692420410833855%2F&#038;show_text=0&#038;width=560\" width=\"560\" height=\"315\" style=\"border:none;overflow:hidden\" scrolling=\"no\" frameborder=\"0\" allowTransparency=\"true\" allowFullScreen=\"true\"><\/iframe><\/p>\n<p>Fala do advogado Gustavo Dandolini<\/p>\n<p><iframe loading=\"lazy\" src=\"https:\/\/www.facebook.com\/plugins\/video.php?href=https%3A%2F%2Fwww.facebook.com%2Fluciana.oliveira.75457%2Fvideos%2F1692447447497818%2F&#038;show_text=0&#038;width=560\" width=\"560\" height=\"315\" style=\"border:none;overflow:hidden\" scrolling=\"no\" frameborder=\"0\" allowTransparency=\"true\" allowFullScreen=\"true\"><\/iframe><\/p>\n<p><img data-recalc-dims=\"1\" loading=\"lazy\" decoding=\"async\" data-attachment-id=\"16280\" data-permalink=\"http:\/\/blogdalucianaoliveira.com.br\/blog\/2018\/01\/24\/porto-velho-ato-pela-democracia-e-contra-condenacao-de-lula-sem-provas\/789d8a10-85a8-48fb-8b69-e07e126653c5\/\" data-orig-file=\"https:\/\/i0.wp.com\/blogdalucianaoliveira.com.br\/blog\/wp-content\/uploads\/2018\/01\/789D8A10-85A8-48FB-8B69-E07E126653C5.jpeg?fit=3264%2C2448\" data-orig-size=\"3264,2448\" data-comments-opened=\"0\" data-image-meta=\"{&quot;aperture&quot;:&quot;2.2&quot;,&quot;credit&quot;:&quot;&quot;,&quot;camera&quot;:&quot;iPhone 6&quot;,&quot;caption&quot;:&quot;&quot;,&quot;created_timestamp&quot;:&quot;1516786324&quot;,&quot;copyright&quot;:&quot;&quot;,&quot;focal_length&quot;:&quot;4.15&quot;,&quot;iso&quot;:&quot;32&quot;,&quot;shutter_speed&quot;:&quot;0.000859845227859&quot;,&quot;title&quot;:&quot;&quot;,&quot;orientation&quot;:&quot;1&quot;}\" data-image-title=\"789D8A10-85A8-48FB-8B69-E07E126653C5\" data-image-description=\"\" data-image-caption=\"\" data-medium-file=\"https:\/\/i0.wp.com\/blogdalucianaoliveira.com.br\/blog\/wp-content\/uploads\/2018\/01\/789D8A10-85A8-48FB-8B69-E07E126653C5.jpeg?fit=300%2C225\" data-large-file=\"https:\/\/i0.wp.com\/blogdalucianaoliveira.com.br\/blog\/wp-content\/uploads\/2018\/01\/789D8A10-85A8-48FB-8B69-E07E126653C5.jpeg?fit=600%2C450\" src=\"https:\/\/i0.wp.com\/blogdalucianaoliveira.com.br\/blog\/wp-content\/uploads\/2018\/01\/789D8A10-85A8-48FB-8B69-E07E126653C5.jpeg?resize=600%2C450\" alt=\"789D8A10-85A8-48FB-8B69-E07E126653C5\" width=\"600\" height=\"450\" class=\"alignnone size-full wp-image-16280\" srcset=\"https:\/\/i0.wp.com\/blogdalucianaoliveira.com.br\/blog\/wp-content\/uploads\/2018\/01\/789D8A10-85A8-48FB-8B69-E07E126653C5.jpeg?w=3264 3264w, https:\/\/i0.wp.com\/blogdalucianaoliveira.com.br\/blog\/wp-content\/uploads\/2018\/01\/789D8A10-85A8-48FB-8B69-E07E126653C5.jpeg?resize=300%2C225 300w, https:\/\/i0.wp.com\/blogdalucianaoliveira.com.br\/blog\/wp-content\/uploads\/2018\/01\/789D8A10-85A8-48FB-8B69-E07E126653C5.jpeg?resize=768%2C576 768w, https:\/\/i0.wp.com\/blogdalucianaoliveira.com.br\/blog\/wp-content\/uploads\/2018\/01\/789D8A10-85A8-48FB-8B69-E07E126653C5.jpeg?resize=1024%2C768 1024w, https:\/\/i0.wp.com\/blogdalucianaoliveira.com.br\/blog\/wp-content\/uploads\/2018\/01\/789D8A10-85A8-48FB-8B69-E07E126653C5.jpeg?resize=400%2C300 400w, https:\/\/i0.wp.com\/blogdalucianaoliveira.com.br\/blog\/wp-content\/uploads\/2018\/01\/789D8A10-85A8-48FB-8B69-E07E126653C5.jpeg?w=1200 1200w, https:\/\/i0.wp.com\/blogdalucianaoliveira.com.br\/blog\/wp-content\/uploads\/2018\/01\/789D8A10-85A8-48FB-8B69-E07E126653C5.jpeg?w=1800 1800w\" sizes=\"auto, (max-width: 600px) 100vw, 600px\" \/><\/p>\n","protected":false},"excerpt":{"rendered":"<p>O ato simb\u00f3lico foi em frente ao pr\u00e9dio da Justi\u00e7a Federal na capital e reuniu representantes de movimentos sociais e sindicais, lideran\u00e7as partid\u00e1rias, advogados progressistas e organiza\u00e7\u00f5es n\u00e3o governamentais. Nos discursos, revolta e compromisso de luta por justi\u00e7a.<\/p>\n","protected":false},"author":1,"featured_media":0,"comment_status":"closed","ping_status":"open","sticky":false,"template":"","format":"standard","meta":{"_exactmetrics_skip_tracking":false,"_exactmetrics_sitenote_active":false,"_exactmetrics_sitenote_note":"","_exactmetrics_sitenote_category":0,"jetpack_post_was_ever_published":false,"_jetpack_newsletter_access":"","_jetpack_dont_email_post_to_subs":false,"_jetpack_newsletter_tier_id":0,"_jetpack_memberships_contains_paywalled_content":false,"_jetpack_memberships_contains_paid_content":false,"footnotes":"","jetpack_publicize_message":"","jetpack_publicize_feature_enabled":true,"jetpack_social_post_already_shared":true,"jetpack_social_options":{"image_generator_settings":{"template":"highway","enabled":false},"version":2}},"categories":[1],"tags":[],"class_list":["post-16277","post","type-post","status-publish","format-standard","hentry","category-notas"],"jetpack_publicize_connections":[],"jetpack_sharing_enabled":true,"jetpack_featured_media_url":"","jetpack_shortlink":"https:\/\/wp.me\/p7wKYW-4ex","jetpack-related-posts":[],"_links":{"self":[{"href":"http:\/\/blogdalucianaoliveira.com.br\/blog\/wp-json\/wp\/v2\/posts\/16277","targetHints":{"allow":["GET"]}}],"collection":[{"href":"http:\/\/blogdalucianaoliveira.com.br\/blog\/wp-json\/wp\/v2\/posts"}],"about":[{"href":"http:\/\/blogdalucianaoliveira.com.br\/blog\/wp-json\/wp\/v2\/types\/post"}],"author":[{"embeddable":true,"href":"http:\/\/blogdalucianaoliveira.com.br\/blog\/wp-json\/wp\/v2\/users\/1"}],"replies":[{"embeddable":true,"href":"http:\/\/blogdalucianaoliveira.com.br\/blog\/wp-json\/wp\/v2\/comments?post=16277"}],"version-history":[{"count":3,"href":"http:\/\/blogdalucianaoliveira.com.br\/blog\/wp-json\/wp\/v2\/posts\/16277\/revisions"}],"predecessor-version":[{"id":16281,"href":"http:\/\/blogdalucianaoliveira.com.br\/blog\/wp-json\/wp\/v2\/posts\/16277\/revisions\/16281"}],"wp:attachment":[{"href":"http:\/\/blogdalucianaoliveira.com.br\/blog\/wp-json\/wp\/v2\/media?parent=16277"}],"wp:term":[{"taxonomy":"category","embeddable":true,"href":"http:\/\/blogdalucianaoliveira.com.br\/blog\/wp-json\/wp\/v2\/categories?post=16277"},{"taxonomy":"post_tag","embeddable":true,"href":"http:\/\/blogdalucianaoliveira.com.br\/blog\/wp-json\/wp\/v2\/tags?post=16277"}],"curies":[{"name":"wp","href":"https:\/\/api.w.org\/{rel}","templated":true}]}}