{"id":16282,"date":"2018-01-24T13:32:04","date_gmt":"2018-01-24T17:32:04","guid":{"rendered":"http:\/\/blogdalucianaoliveira.com.br\/blog\/?p=16282"},"modified":"2018-01-24T13:32:04","modified_gmt":"2018-01-24T17:32:04","slug":"historico-julgamento-de-lula-leva-novos-ressentidos-ao-banco-dos-reus","status":"publish","type":"post","link":"http:\/\/blogdalucianaoliveira.com.br\/blog\/2018\/01\/24\/historico-julgamento-de-lula-leva-novos-ressentidos-ao-banco-dos-reus\/","title":{"rendered":"Hist\u00f3rico, julgamento de Lula leva novos ressentidos ao banco dos r\u00e9us"},"content":{"rendered":"<p><img data-recalc-dims=\"1\" loading=\"lazy\" decoding=\"async\" data-attachment-id=\"16283\" data-permalink=\"http:\/\/blogdalucianaoliveira.com.br\/blog\/2018\/01\/24\/historico-julgamento-de-lula-leva-novos-ressentidos-ao-banco-dos-reus\/ress\/\" data-orig-file=\"https:\/\/i0.wp.com\/blogdalucianaoliveira.com.br\/blog\/wp-content\/uploads\/2018\/01\/ress.jpg?fit=1960%2C1300\" data-orig-size=\"1960,1300\" data-comments-opened=\"0\" data-image-meta=\"{&quot;aperture&quot;:&quot;0&quot;,&quot;credit&quot;:&quot;&quot;,&quot;camera&quot;:&quot;&quot;,&quot;caption&quot;:&quot;&quot;,&quot;created_timestamp&quot;:&quot;0&quot;,&quot;copyright&quot;:&quot;&quot;,&quot;focal_length&quot;:&quot;0&quot;,&quot;iso&quot;:&quot;0&quot;,&quot;shutter_speed&quot;:&quot;0&quot;,&quot;title&quot;:&quot;&quot;,&quot;orientation&quot;:&quot;0&quot;}\" data-image-title=\"ress\" data-image-description=\"\" data-image-caption=\"\" data-medium-file=\"https:\/\/i0.wp.com\/blogdalucianaoliveira.com.br\/blog\/wp-content\/uploads\/2018\/01\/ress.jpg?fit=300%2C199\" data-large-file=\"https:\/\/i0.wp.com\/blogdalucianaoliveira.com.br\/blog\/wp-content\/uploads\/2018\/01\/ress.jpg?fit=600%2C398\" src=\"https:\/\/i0.wp.com\/blogdalucianaoliveira.com.br\/blog\/wp-content\/uploads\/2018\/01\/ress.jpg?resize=600%2C398\" alt=\"ress\" width=\"600\" height=\"398\" class=\"alignnone size-full wp-image-16283\" srcset=\"https:\/\/i0.wp.com\/blogdalucianaoliveira.com.br\/blog\/wp-content\/uploads\/2018\/01\/ress.jpg?w=1960 1960w, https:\/\/i0.wp.com\/blogdalucianaoliveira.com.br\/blog\/wp-content\/uploads\/2018\/01\/ress.jpg?resize=300%2C199 300w, https:\/\/i0.wp.com\/blogdalucianaoliveira.com.br\/blog\/wp-content\/uploads\/2018\/01\/ress.jpg?resize=768%2C509 768w, https:\/\/i0.wp.com\/blogdalucianaoliveira.com.br\/blog\/wp-content\/uploads\/2018\/01\/ress.jpg?resize=1024%2C679 1024w, https:\/\/i0.wp.com\/blogdalucianaoliveira.com.br\/blog\/wp-content\/uploads\/2018\/01\/ress.jpg?resize=452%2C300 452w, https:\/\/i0.wp.com\/blogdalucianaoliveira.com.br\/blog\/wp-content\/uploads\/2018\/01\/ress.jpg?w=1200 1200w, https:\/\/i0.wp.com\/blogdalucianaoliveira.com.br\/blog\/wp-content\/uploads\/2018\/01\/ress.jpg?w=1800 1800w\" sizes=\"auto, (max-width: 600px) 100vw, 600px\" \/><\/p>\n<p>Sensa\u00e7\u00e3o de que petista \u00e9 o \u00fanico a pagar por Lava Jato silencia quem apoiava impeachment de Dilma. Processo exp\u00f5e sombras da democracia brasileira<!--more--><\/p>\n<p>No El Pa\u00eds, por CARLA JIM\u00c9NEZ &#8211; O Brasil encara um ju\u00edzo hist\u00f3rico contra o ex-presidente Lula, neste julgamento que deve ser lembrado como marco pol\u00edtico, do mesmo modo que as jornadas de 2013, ou o impeachment de Dilma em 2016. N\u00e3o h\u00e1 exageros nesta afirma\u00e7\u00e3o, uma vez que as vari\u00e1veis em jogo ter\u00e3o consequ\u00eancias pr\u00e1ticas para as elei\u00e7\u00f5es, e devem ser capitalizadas politicamente por muito tempo, seja qual for o resultado. Com Lula no banco dos r\u00e9us, o Brasil traz junto seus ressentimentos, passados e presentes, ap\u00f3s dois anos de um processo pol\u00edtico aparvalhado que come\u00e7ou no dia 2 de dezembro de 2015.<\/p>\n<p>Naquele dia, o homem, que viria a pedir publicamente que a miseric\u00f3rdia divina intercedesse pelo Brasil, acatou o pedido de impeachment da ex-presidente Dilma. Eduardo Cunha, ent\u00e3o presidente da C\u00e2mara, era ali o homem mais poderoso do pa\u00eds, com o dedo ao alcance da bomba at\u00f4mica pol\u00edtica. Acabou explodindo junto com ela dois meses depois (talvez atendido pela miseric\u00f3rdia divina) da destitui\u00e7\u00e3o de Dilma.<\/p>\n<p>A decis\u00e3o de Cunha, por\u00e9m, tinha o apoio de uma maioria no Brasil. Pessoas que nunca gostaram do PT. Outras que gostavam no passado e se desencantaram, e outras ainda que nunca chegaram a odiar o PT, mas detestavam saber que a Petrobras havia virado a mina de ouro de esquemas corruptos. Entre esses, estavam tamb\u00e9m os que padecem de demofobia, que jogaram no ventilador o ressentimento de ver um pa\u00eds fora do zona de (des)conforto social. Os tais que reclamam de pobres nas universidades, avi\u00f5es ou que acreditam que o Bolsa Fam\u00edlia servia para aumentar a prole da baixa renda. Mas dizer que toda essa massa era homog\u00eanea \u00e9 desonesto. Nada no processo pol\u00edtico brasileiro hoje, ali\u00e1s, pode ser visto por um filtro manique\u00edsta. Nem mesmo o ju\u00edzo de Lula.<\/p>\n<p>A constata\u00e7\u00e3o de que o 2 + 2 n\u00e3o \u00e9 igual a 4 na pol\u00edtica brasileira ficou patente entre aquele 2 de dezembro de 2015 e este 24 de janeiro de 2018. Neste per\u00edodo, o Brasil \u2013 e a massa que apoiou o impeachment de Dilma por pr\u00e1ticas il\u00edcitas reveladas por delatores da Lava Jato \u2013 encarou uma realidade bem menos apraz\u00edvel do que esperava. Assumiu o vice Michel Temer com seu superminist\u00e9rio masculino. Estabeleceram-se reformas a toque de caixa, gastos p\u00fablicos foram congelados, um bom peda\u00e7o da Amaz\u00f4nia quase foi rifado. O Congresso deu marcha a r\u00e9 para conquistas sociais importantes, colocando sob risco at\u00e9 mesmo o direito ao aborto em caso de estupro. Congresso este que engavetou duas den\u00fancias de corrup\u00e7\u00e3o contra Temer, muito embora tenha sido implac\u00e1vel com as pedaladas de Dilma.<\/p>\n<p>Saiu uma presidente sob o manto da corrup\u00e7\u00e3o, entrou um mandat\u00e1rio, sobre quem pesam suspeitas monstruosas que passam por propina da JBS e Odebrecht, favorecimento de uma empresa no porto de Santos, e at\u00e9 o conluio com o pr\u00f3prio Cunha, preso desde outubro de 2016 em Curitiba. Mala de dinheiro de seu principal assessor, Rocha Loures. Uma montanha de 51 milh\u00f5es de reais no apartamento de seu ex-ministro Geddel Vieira Lima&#8230; Corrup\u00e7\u00e3o do senador A\u00e9cio Neves, que questionava a idoneidade das contas de campanha de Dilma Rousseff.<\/p>\n<p>Todo mundo viu esse mesmo filme, e as manobras bem sucedidas para evitar que a Justi\u00e7a se aproximasse dessa nova c\u00fapula no poder. Viu tamb\u00e9m o Supremo negar a Lula a vaga de ministro, mas endossar a posse de Moreira Franco e, qui\u00e7\u00e1, a da nova ministra do Trabalho, Cristina Brasil, que tem pend\u00eancias com a Justi\u00e7a.<\/p>\n<p>Mudaram os personagens, mas n\u00e3o as pr\u00e1ticas. O que gerou um desconforto real diante do julgamento do ex-presidente Lula, que pode ser impedido de concorrer \u00e0 elei\u00e7\u00e3o deste ano. \u00c9 inocente? N\u00e3o h\u00e1 unanimidade para essa linha de defesa. Mas, no m\u00ednimo, sabe-se que est\u00e1 sozinho pagando o pre\u00e7o de toda a Lava Jato, enquanto outros pol\u00edticos no poder encontraram seus artif\u00edcios para fugir das garras da lei. Talvez por isso contavam-se em dezenas ou centenas, e n\u00e3o por milhares ou milh\u00f5es, os manifestantes que celebravam o julgamento de Lula nesta ter\u00e7a, 23. Nem as panelas, s\u00edmbolo do fim do Governo Dilma, soaram. Multid\u00e3o mesmo s\u00f3 em Porto Alegre, na Esquina Democr\u00e1tica, com milhares vestidos de vermelho para defender o ex-presidente neste momento.<\/p>\n<p>Muitos que apoiaram a queda de Dilma no passado recente j\u00e1 n\u00e3o escondem ressentimento. H\u00e1 uma ang\u00fastia vis\u00edvel diante do julgamento do TRF-4 sobre o suposto crime de Lula de ter sido beneficiado pela OAS com um tr\u00edplex no Guaruj\u00e1. \u201cTirar o Lula da elei\u00e7\u00e3o \u00e9 um golpe\u201d, diz Luis, de S\u00e3o Paulo, que apoiou o impeachment. \u201c\u00c9 uma total palha\u00e7ada\u201d, diz Lucia, de Natal, que votou em A\u00e9cio em 2014. A sensa\u00e7\u00e3o \u00e9 que a bola j\u00e1 est\u00e1 cantada e o resultado j\u00e1 \u00e9 sabido antes do ju\u00edzo. O mesmo que o teatro do impeachment na C\u00e2mara, a vota\u00e7\u00e3o das den\u00fancias contra Temer, o julgamento no Tribunal Superior Eleitoral, que tamb\u00e9m salvou o presidente&#8230;<\/p>\n<p>Uma amostra de que esse inc\u00f4modo era crescente ficou patente na queda da popularidade do juiz Sergio Moro, retratada em pesquisas de opini\u00e3o do instituto Ipsos. A percep\u00e7\u00e3o de injusti\u00e7a passou por ele, que condenou Lula a 9 anos e meio de pris\u00e3o em julho do ano passado. Desde ent\u00e3o, seu ibope vem caindo. Em dezembro, por primeira vez, o n\u00famero de pessoas que desaprovam Moro \u2013 53% \u2013 superou os que o aprovam.<\/p>\n<p>Pois Lula candidato tamb\u00e9m se beneficiou desse inc\u00f4modo generalizado, ao ver os \u00edndices de rejei\u00e7\u00e3o ca\u00edrem e seu apoio para que volte \u00e0 presid\u00eancia crescer. A despeito de quem viu provas circunstanciais muito fortes para confirmar a condena\u00e7\u00e3o de Lula, como a ex-ministra do Superior Tribunal de Justi\u00e7a, Eliana Calmon, o Brasil atual passou recibo de um quadro deformado e cheio de sombras \u00e0s v\u00e9speras da elei\u00e7\u00e3o. Talvez Lula j\u00e1 fizesse esse c\u00e1lculo e por isso viu na candidatura seu caminho para salvar sua reputa\u00e7\u00e3o.<\/p>\n<p>Ironicamente, a classe pol\u00edtica que apoiou e sentenciou sua queda \u00e0 espera de herdar seus votos vive um rev\u00e9s que j\u00e1 havia sido previsto pelo cientista pol\u00edtico Rud\u00e1 Ricci em artigo para este jornal no dia 30 de agosto de 2016. \u201cA direita que hoje celebra a queda de Rousseff ser\u00e1 recha\u00e7ada outra vez. O Brasil \u00e9 um pa\u00eds rico onde a maioria da popula\u00e7\u00e3o \u00e9 pobre. N\u00e3o h\u00e1 pol\u00edtica liberal que sustente essa matem\u00e1tica. Desta forma, a esquerda, que hoje se v\u00ea acossada, voltar\u00e1 em 2018\u201d, sentenciava Ricci.<\/p>\n<p>No Brasil do absurdo e de uma justi\u00e7a que n\u00e3o parece para todos, Lula deve sair como v\u00edtima. Beneficia-se tamb\u00e9m da percep\u00e7\u00e3o de que os n\u00f3s da democracia n\u00e3o est\u00e3o sendo desatados. Muito pelo contr\u00e1rio, ganha mais um indigesto fantasma neste dia 24. Estende-se o ressentimento sobre a vulgaridade que dominou o pa\u00eds e mostra qua h\u00e1 um caminho muito mais longo do que se esperava para alcan\u00e7ar uma sociedade mais sadia.<\/p>\n","protected":false},"excerpt":{"rendered":"<p>Sensa\u00e7\u00e3o de que petista \u00e9 o \u00fanico a pagar por Lava Jato silencia quem apoiava impeachment de Dilma. Processo exp\u00f5e sombras da democracia brasileira<\/p>\n","protected":false},"author":1,"featured_media":0,"comment_status":"closed","ping_status":"open","sticky":false,"template":"","format":"standard","meta":{"_exactmetrics_skip_tracking":false,"_exactmetrics_sitenote_active":false,"_exactmetrics_sitenote_note":"","_exactmetrics_sitenote_category":0,"jetpack_post_was_ever_published":false,"_jetpack_newsletter_access":"","_jetpack_dont_email_post_to_subs":false,"_jetpack_newsletter_tier_id":0,"_jetpack_memberships_contains_paywalled_content":false,"_jetpack_memberships_contains_paid_content":false,"footnotes":"","jetpack_publicize_message":"","jetpack_publicize_feature_enabled":true,"jetpack_social_post_already_shared":true,"jetpack_social_options":{"image_generator_settings":{"template":"highway","enabled":false},"version":2}},"categories":[1],"tags":[],"class_list":["post-16282","post","type-post","status-publish","format-standard","hentry","category-notas"],"jetpack_publicize_connections":[],"jetpack_sharing_enabled":true,"jetpack_featured_media_url":"","jetpack_shortlink":"https:\/\/wp.me\/p7wKYW-4eC","jetpack-related-posts":[],"_links":{"self":[{"href":"http:\/\/blogdalucianaoliveira.com.br\/blog\/wp-json\/wp\/v2\/posts\/16282","targetHints":{"allow":["GET"]}}],"collection":[{"href":"http:\/\/blogdalucianaoliveira.com.br\/blog\/wp-json\/wp\/v2\/posts"}],"about":[{"href":"http:\/\/blogdalucianaoliveira.com.br\/blog\/wp-json\/wp\/v2\/types\/post"}],"author":[{"embeddable":true,"href":"http:\/\/blogdalucianaoliveira.com.br\/blog\/wp-json\/wp\/v2\/users\/1"}],"replies":[{"embeddable":true,"href":"http:\/\/blogdalucianaoliveira.com.br\/blog\/wp-json\/wp\/v2\/comments?post=16282"}],"version-history":[{"count":1,"href":"http:\/\/blogdalucianaoliveira.com.br\/blog\/wp-json\/wp\/v2\/posts\/16282\/revisions"}],"predecessor-version":[{"id":16284,"href":"http:\/\/blogdalucianaoliveira.com.br\/blog\/wp-json\/wp\/v2\/posts\/16282\/revisions\/16284"}],"wp:attachment":[{"href":"http:\/\/blogdalucianaoliveira.com.br\/blog\/wp-json\/wp\/v2\/media?parent=16282"}],"wp:term":[{"taxonomy":"category","embeddable":true,"href":"http:\/\/blogdalucianaoliveira.com.br\/blog\/wp-json\/wp\/v2\/categories?post=16282"},{"taxonomy":"post_tag","embeddable":true,"href":"http:\/\/blogdalucianaoliveira.com.br\/blog\/wp-json\/wp\/v2\/tags?post=16282"}],"curies":[{"name":"wp","href":"https:\/\/api.w.org\/{rel}","templated":true}]}}