{"id":16285,"date":"2018-01-24T17:02:43","date_gmt":"2018-01-24T21:02:43","guid":{"rendered":"http:\/\/blogdalucianaoliveira.com.br\/blog\/?p=16285"},"modified":"2018-01-24T17:02:43","modified_gmt":"2018-01-24T21:02:43","slug":"pt-nao-nos-renderemos-lula-sera-candidato","status":"publish","type":"post","link":"http:\/\/blogdalucianaoliveira.com.br\/blog\/2018\/01\/24\/pt-nao-nos-renderemos-lula-sera-candidato\/","title":{"rendered":"PT: N\u00c3O NOS RENDEREMOS. LULA SER\u00c1 CANDIDATO"},"content":{"rendered":"<p><img data-recalc-dims=\"1\" loading=\"lazy\" decoding=\"async\" data-attachment-id=\"16286\" data-permalink=\"http:\/\/blogdalucianaoliveira.com.br\/blog\/2018\/01\/24\/pt-nao-nos-renderemos-lula-sera-candidato\/can\/\" data-orig-file=\"https:\/\/i0.wp.com\/blogdalucianaoliveira.com.br\/blog\/wp-content\/uploads\/2018\/01\/can.jpg?fit=1000%2C357\" data-orig-size=\"1000,357\" data-comments-opened=\"0\" data-image-meta=\"{&quot;aperture&quot;:&quot;0&quot;,&quot;credit&quot;:&quot;&quot;,&quot;camera&quot;:&quot;&quot;,&quot;caption&quot;:&quot;&quot;,&quot;created_timestamp&quot;:&quot;0&quot;,&quot;copyright&quot;:&quot;&quot;,&quot;focal_length&quot;:&quot;0&quot;,&quot;iso&quot;:&quot;0&quot;,&quot;shutter_speed&quot;:&quot;0&quot;,&quot;title&quot;:&quot;&quot;,&quot;orientation&quot;:&quot;0&quot;}\" data-image-title=\"can\" data-image-description=\"\" data-image-caption=\"\" data-medium-file=\"https:\/\/i0.wp.com\/blogdalucianaoliveira.com.br\/blog\/wp-content\/uploads\/2018\/01\/can.jpg?fit=300%2C107\" data-large-file=\"https:\/\/i0.wp.com\/blogdalucianaoliveira.com.br\/blog\/wp-content\/uploads\/2018\/01\/can.jpg?fit=600%2C214\" src=\"https:\/\/i0.wp.com\/blogdalucianaoliveira.com.br\/blog\/wp-content\/uploads\/2018\/01\/can.jpg?resize=600%2C214\" alt=\"can\" width=\"600\" height=\"214\" class=\"alignnone size-full wp-image-16286\" srcset=\"https:\/\/i0.wp.com\/blogdalucianaoliveira.com.br\/blog\/wp-content\/uploads\/2018\/01\/can.jpg?w=1000 1000w, https:\/\/i0.wp.com\/blogdalucianaoliveira.com.br\/blog\/wp-content\/uploads\/2018\/01\/can.jpg?resize=300%2C107 300w, https:\/\/i0.wp.com\/blogdalucianaoliveira.com.br\/blog\/wp-content\/uploads\/2018\/01\/can.jpg?resize=768%2C274 768w, https:\/\/i0.wp.com\/blogdalucianaoliveira.com.br\/blog\/wp-content\/uploads\/2018\/01\/can.jpg?resize=800%2C286 800w\" sizes=\"auto, (max-width: 600px) 100vw, 600px\" \/><\/p>\n<p>247 &#8211; Em nota ap\u00f3s o julgamento que confirmou a condena\u00e7\u00e3o do ex-presidente Lula por 3 a 0 pelo TRF4, o Partido dos Trabalhadores, presidido pela senadora Gleisi Hoffmann (PR), diz que n\u00e3o haver\u00e1 rendi\u00e7\u00e3o &#8220;diante da injusti\u00e7a&#8221;.<!--more--><\/p>\n<p>&#8220;N\u00e3o vamos aceitar passivamente que a democracia e a vontade da maioria sejam mais uma vez desrespeitadas. Vamos lutar em defesa da democracia em todas as inst\u00e2ncias, na Justi\u00e7a e principalmente nas ruas. Vamos confirmar a candidatura de Lula na conven\u00e7\u00e3o partid\u00e1ria e registr\u00e1-la em 15 de agosto, seguindo rigorosamente o que assegura a Legisla\u00e7\u00e3o eleitoral&#8221;, diz trecho da nota.<\/p>\n<p>&#8220;Se pensam que hist\u00f3ria termina com a decis\u00e3o de hoje, est\u00e3o muito enganados, porque n\u00e3o nos rendemos diante da injusti\u00e7a. Os partidos de esquerda, os movimentos sociais, os democratas do Brasil, estamos mais unidos do que nunca, fortalecidos pelas jornadas de luta que mobilizaram multid\u00f5es nos \u00faltimos meses&#8221;, prossegue.<\/p>\n<p>Leia a \u00edntegra:<\/p>\n<p>N\u00e3o nos rendemos diante da injusti\u00e7a. Lula \u00e9 candidato<br \/>\n&#8220;Vamos lutar em defesa da democracia em todas as inst\u00e2ncias, na Justi\u00e7a e principalmente nas ruas&#8221;<\/p>\n<p>O dia 24 de janeiro de 2018 marca o in\u00edcio de mais uma jornada do povo brasileiro em defesa da Democracia e do direito inalien\u00e1vel de votar em Lula para presidente da Rep\u00fablica.<\/p>\n<p>O resultado do julgamento do recurso da defesa de Lula, no TRF-4, com votos claramente combinados dos tr\u00eas desembargadores, configura uma farsa judicial. Confirma-se o engajamento pol\u00edtico-partid\u00e1rio de setores do sistema judicial, orquestrado pela Rede Globo, com o objetivo de tirar Lula do processo eleitoral.<\/p>\n<p>S\u00e3o os mesmos setores que promoveram o golpe do impeachment em 2016, e desde ent\u00e3o veem dilapidando o patrim\u00f4nio nacional, entregando nossas riquezas e abrindo m\u00e3o da soberania nacional, retirando direitos dos trabalhadores e destruindo os programas sociais que beneficiam o povo.<\/p>\n<p>O plano dos golpistas esbarra na for\u00e7a pol\u00edtica de Lula, que brota da alma do povo. Esbarra na consci\u00eancia democr\u00e1tica da grande maioria da sociedade, que n\u00e3o aceita uma condena\u00e7\u00e3o sem crime e sem provas, n\u00e3o aceita a manipula\u00e7\u00e3o da justi\u00e7a com fins de persegui\u00e7\u00e3o pol\u00edtica.<\/p>\n<p>N\u00e3o vamos aceitar passivamente que a democracia e a vontade da maioria sejam mais uma vez desrespeitadas.<\/p>\n<p>Vamos lutar em defesa da democracia em todas as inst\u00e2ncias, na Justi\u00e7a e principalmente nas ruas.<\/p>\n<p>Vamos confirmar a candidatura de Lula na conven\u00e7\u00e3o partid\u00e1ria e registr\u00e1-la em 15 de agosto, seguindo rigorosamente o que assegura a Legisla\u00e7\u00e3o eleitoral.<\/p>\n<p>Se pensam que hist\u00f3ria termina com a decis\u00e3o de hoje, est\u00e3o muito enganados, porque n\u00e3o nos rendemos diante da injusti\u00e7a.<\/p>\n<p>Os partidos de esquerda, os movimentos sociais, os democratas do Brasil, estamos mais unidos do que nunca, fortalecidos pelas jornadas de luta que mobilizaram multid\u00f5es nos \u00faltimos meses.<\/p>\n<p>Hoje \u00e9 o come\u00e7o da grande caminhada que, pela vontade do povo, vai levar o companheiro Lula novamente \u00e0 Presid\u00eancia da Rep\u00fablica.<\/p>\n<p>Sao Paulo, 24 de janeiro de 2018<br \/>\nGleisi Hoffmann, Presidenta Nacional do PT<\/p>\n","protected":false},"excerpt":{"rendered":"<p>247 &#8211; Em nota ap\u00f3s o julgamento que confirmou a condena\u00e7\u00e3o do ex-presidente Lula por 3 a 0 pelo TRF4, o Partido dos Trabalhadores, presidido pela senadora Gleisi Hoffmann (PR), diz que n\u00e3o haver\u00e1 rendi\u00e7\u00e3o &#8220;diante da injusti\u00e7a&#8221;.<\/p>\n","protected":false},"author":1,"featured_media":0,"comment_status":"closed","ping_status":"open","sticky":false,"template":"","format":"standard","meta":{"_exactmetrics_skip_tracking":false,"_exactmetrics_sitenote_active":false,"_exactmetrics_sitenote_note":"","_exactmetrics_sitenote_category":0,"jetpack_post_was_ever_published":false,"_jetpack_newsletter_access":"","_jetpack_dont_email_post_to_subs":false,"_jetpack_newsletter_tier_id":0,"_jetpack_memberships_contains_paywalled_content":false,"_jetpack_memberships_contains_paid_content":false,"footnotes":"","jetpack_publicize_message":"","jetpack_publicize_feature_enabled":true,"jetpack_social_post_already_shared":true,"jetpack_social_options":{"image_generator_settings":{"template":"highway","enabled":false},"version":2}},"categories":[1],"tags":[],"class_list":["post-16285","post","type-post","status-publish","format-standard","hentry","category-notas"],"jetpack_publicize_connections":[],"jetpack_sharing_enabled":true,"jetpack_featured_media_url":"","jetpack_shortlink":"https:\/\/wp.me\/p7wKYW-4eF","jetpack-related-posts":[],"_links":{"self":[{"href":"http:\/\/blogdalucianaoliveira.com.br\/blog\/wp-json\/wp\/v2\/posts\/16285","targetHints":{"allow":["GET"]}}],"collection":[{"href":"http:\/\/blogdalucianaoliveira.com.br\/blog\/wp-json\/wp\/v2\/posts"}],"about":[{"href":"http:\/\/blogdalucianaoliveira.com.br\/blog\/wp-json\/wp\/v2\/types\/post"}],"author":[{"embeddable":true,"href":"http:\/\/blogdalucianaoliveira.com.br\/blog\/wp-json\/wp\/v2\/users\/1"}],"replies":[{"embeddable":true,"href":"http:\/\/blogdalucianaoliveira.com.br\/blog\/wp-json\/wp\/v2\/comments?post=16285"}],"version-history":[{"count":1,"href":"http:\/\/blogdalucianaoliveira.com.br\/blog\/wp-json\/wp\/v2\/posts\/16285\/revisions"}],"predecessor-version":[{"id":16287,"href":"http:\/\/blogdalucianaoliveira.com.br\/blog\/wp-json\/wp\/v2\/posts\/16285\/revisions\/16287"}],"wp:attachment":[{"href":"http:\/\/blogdalucianaoliveira.com.br\/blog\/wp-json\/wp\/v2\/media?parent=16285"}],"wp:term":[{"taxonomy":"category","embeddable":true,"href":"http:\/\/blogdalucianaoliveira.com.br\/blog\/wp-json\/wp\/v2\/categories?post=16285"},{"taxonomy":"post_tag","embeddable":true,"href":"http:\/\/blogdalucianaoliveira.com.br\/blog\/wp-json\/wp\/v2\/tags?post=16285"}],"curies":[{"name":"wp","href":"https:\/\/api.w.org\/{rel}","templated":true}]}}