{"id":16296,"date":"2018-01-24T19:31:29","date_gmt":"2018-01-24T23:31:29","guid":{"rendered":"http:\/\/blogdalucianaoliveira.com.br\/blog\/?p=16296"},"modified":"2018-01-24T19:57:52","modified_gmt":"2018-01-24T23:57:52","slug":"so-abastados-e-abestados-festejam-condenacao-de-lula-sem-provas","status":"publish","type":"post","link":"http:\/\/blogdalucianaoliveira.com.br\/blog\/2018\/01\/24\/so-abastados-e-abestados-festejam-condenacao-de-lula-sem-provas\/","title":{"rendered":"S\u00f3 abastados e abestados festejam condena\u00e7\u00e3o de Lula sem provas"},"content":{"rendered":"<p><img data-recalc-dims=\"1\" loading=\"lazy\" decoding=\"async\" data-attachment-id=\"16298\" data-permalink=\"http:\/\/blogdalucianaoliveira.com.br\/blog\/2018\/01\/24\/so-abastados-e-abestados-festejam-condenacao-de-lula-sem-provas\/abra\/\" data-orig-file=\"https:\/\/i0.wp.com\/blogdalucianaoliveira.com.br\/blog\/wp-content\/uploads\/2018\/01\/abra.jpg?fit=960%2C640\" data-orig-size=\"960,640\" data-comments-opened=\"0\" data-image-meta=\"{&quot;aperture&quot;:&quot;0&quot;,&quot;credit&quot;:&quot;&quot;,&quot;camera&quot;:&quot;&quot;,&quot;caption&quot;:&quot;&quot;,&quot;created_timestamp&quot;:&quot;0&quot;,&quot;copyright&quot;:&quot;&quot;,&quot;focal_length&quot;:&quot;0&quot;,&quot;iso&quot;:&quot;0&quot;,&quot;shutter_speed&quot;:&quot;0&quot;,&quot;title&quot;:&quot;&quot;,&quot;orientation&quot;:&quot;0&quot;}\" data-image-title=\"abra\" data-image-description=\"\" data-image-caption=\"\" data-medium-file=\"https:\/\/i0.wp.com\/blogdalucianaoliveira.com.br\/blog\/wp-content\/uploads\/2018\/01\/abra.jpg?fit=300%2C200\" data-large-file=\"https:\/\/i0.wp.com\/blogdalucianaoliveira.com.br\/blog\/wp-content\/uploads\/2018\/01\/abra.jpg?fit=600%2C400\" class=\"alignnone size-full wp-image-16298\" src=\"https:\/\/i0.wp.com\/blogdalucianaoliveira.com.br\/blog\/wp-content\/uploads\/2018\/01\/abra.jpg?resize=600%2C400\" alt=\"abra\" width=\"600\" height=\"400\" srcset=\"https:\/\/i0.wp.com\/blogdalucianaoliveira.com.br\/blog\/wp-content\/uploads\/2018\/01\/abra.jpg?w=960 960w, https:\/\/i0.wp.com\/blogdalucianaoliveira.com.br\/blog\/wp-content\/uploads\/2018\/01\/abra.jpg?resize=300%2C200 300w, https:\/\/i0.wp.com\/blogdalucianaoliveira.com.br\/blog\/wp-content\/uploads\/2018\/01\/abra.jpg?resize=768%2C512 768w, https:\/\/i0.wp.com\/blogdalucianaoliveira.com.br\/blog\/wp-content\/uploads\/2018\/01\/abra.jpg?resize=450%2C300 450w\" sizes=\"auto, (max-width: 600px) 100vw, 600px\" \/><\/p>\n<p>&nbsp;<\/p>\n<p>&nbsp;<\/p>\n<p>H\u00e1 duas classes que comemoram a condena\u00e7\u00e3o sem provas do ex-presidente Lula: a dos ricos e a dos que acham que s\u00e3o ou podem ser ricos com um governo de direita.<!--more--><\/p>\n<p>A primeira ostenta hipocrisia e a segunda a burrice.<\/p>\n<p>S\u00f3 brasileiro muito burro torceu pela condena\u00e7\u00e3o do candidato a presidente que prometeu devolver os direitos destru\u00eddos pelo presidente golpista e corrupto.<\/p>\n<p>Nem cabe relembrar quais, porque todos vivem sem perspectiva de futuro, num pa\u00eds que se tornou n\u00e3o s\u00f3 invis\u00edvel, mas motivo de vergonha no cen\u00e1rio internacional.<\/p>\n<p>A falsa moral pode ser personificada na convoca\u00e7\u00e3o do dono da lojas Havan para 13 minutos de fogos pela condena\u00e7\u00e3o sem provas do ex-presidente.<\/p>\n<div class=\"jetpack-video-wrapper\"><span class=\"embed-youtube\" style=\"text-align:center; display: block;\"><iframe loading=\"lazy\" class=\"youtube-player\" width=\"600\" height=\"338\" src=\"https:\/\/www.youtube.com\/embed\/0Emm9sKgADQ?version=3&#038;rel=1&#038;showsearch=0&#038;showinfo=1&#038;iv_load_policy=1&#038;fs=1&#038;hl=pt-BR&#038;autohide=2&#038;wmode=transparent\" allowfullscreen=\"true\" style=\"border:0;\" sandbox=\"allow-scripts allow-same-origin allow-popups allow-presentation allow-popups-to-escape-sandbox\"><\/iframe><\/span><\/div>\n<p>Saiba mais :\u00a0<a href=\"http:\/\/portallondrina.com\/dono-da-havan-e-condenado-a-13-anos-de-prisao-por-crimes-financeiros\/\">http:\/\/portallondrina.com\/dono-da-havan-e-condenado-a-13-anos-de-prisao-por-crimes-financeiros\/<\/a><\/p>\n<p>Lula perde no tribunal, mas vai ganhar nas ruas mais essa batalha motivada por interesses de classes.<\/p>\n<p>A menos que acelerem ainda mais a marcha processual para impedi-lo de concorrer, vencer\u00e1 a disputa pol\u00edtica nas urnas.<\/p>\n<p>A senten\u00e7a da 8\u00aa Turma do Tribunal Regional Federal da 4\u00aa Regi\u00e3o, em Porto Alegre, restar\u00e1 ineficaz para confirmar mais um golpe \u00e0 democracia.<\/p>\n<p>Os tr\u00eas desembargadores: o relator, Pedro Gebran Neto, o revisor, Leandro Paulsen, e Victor Laus, que o condenaram corroboraram com a decis\u00e3o do juiz S\u00e9rgio Moro, alvo de cr\u00edticas de juristas de v\u00e1rias sociedades democr\u00e1ticas.<\/p>\n<p>Podem levar a cabo a fraude de barrar Lula nas elei\u00e7\u00f5es deste ano? Podem.<\/p>\n<p>Mas, a consci\u00eancia de um governo democr\u00e1tico popular, n\u00e3o.<\/p>\n<p>Com um governo ileg\u00edtimo t\u00e3o ruim e corrupto, a sacanagem com a persegui\u00e7\u00e3o a Lula ficar\u00e1 cada vez mais evidente.<\/p>\n<p>A parcela que hoje festeja a injusta condena\u00e7\u00e3o, vai ceder por tanto apanhar, por tanto perder.<\/p>\n<p>E n\u00e3o custa lembrar que se o melhor ex-presidente, maior l\u00edder pol\u00edtico do pa\u00eds foi condenado sem provas, ningu\u00e9m estar\u00e1 a salvo.<\/p>\n<p>Nem os que elegem, nem os que legislam, nem os que julgam.<\/p>\n","protected":false},"excerpt":{"rendered":"<p>&nbsp; &nbsp; H\u00e1 duas classes que comemoram a condena\u00e7\u00e3o sem provas do ex-presidente Lula: a dos ricos e a dos que acham que s\u00e3o ou podem ser ricos com um governo de direita.<\/p>\n","protected":false},"author":1,"featured_media":16286,"comment_status":"closed","ping_status":"open","sticky":false,"template":"","format":"standard","meta":{"_exactmetrics_skip_tracking":false,"_exactmetrics_sitenote_active":false,"_exactmetrics_sitenote_note":"","_exactmetrics_sitenote_category":0,"jetpack_post_was_ever_published":false,"_jetpack_newsletter_access":"","_jetpack_dont_email_post_to_subs":false,"_jetpack_newsletter_tier_id":0,"_jetpack_memberships_contains_paywalled_content":false,"_jetpack_memberships_contains_paid_content":false,"footnotes":"","jetpack_publicize_message":"","jetpack_publicize_feature_enabled":true,"jetpack_social_post_already_shared":true,"jetpack_social_options":{"image_generator_settings":{"template":"highway","enabled":false},"version":2}},"categories":[1],"tags":[],"class_list":["post-16296","post","type-post","status-publish","format-standard","has-post-thumbnail","hentry","category-notas"],"jetpack_publicize_connections":[],"jetpack_sharing_enabled":true,"jetpack_featured_media_url":"https:\/\/i0.wp.com\/blogdalucianaoliveira.com.br\/blog\/wp-content\/uploads\/2018\/01\/can.jpg?fit=1000%2C357","jetpack_shortlink":"https:\/\/wp.me\/p7wKYW-4eQ","jetpack-related-posts":[],"_links":{"self":[{"href":"http:\/\/blogdalucianaoliveira.com.br\/blog\/wp-json\/wp\/v2\/posts\/16296","targetHints":{"allow":["GET"]}}],"collection":[{"href":"http:\/\/blogdalucianaoliveira.com.br\/blog\/wp-json\/wp\/v2\/posts"}],"about":[{"href":"http:\/\/blogdalucianaoliveira.com.br\/blog\/wp-json\/wp\/v2\/types\/post"}],"author":[{"embeddable":true,"href":"http:\/\/blogdalucianaoliveira.com.br\/blog\/wp-json\/wp\/v2\/users\/1"}],"replies":[{"embeddable":true,"href":"http:\/\/blogdalucianaoliveira.com.br\/blog\/wp-json\/wp\/v2\/comments?post=16296"}],"version-history":[{"count":3,"href":"http:\/\/blogdalucianaoliveira.com.br\/blog\/wp-json\/wp\/v2\/posts\/16296\/revisions"}],"predecessor-version":[{"id":16300,"href":"http:\/\/blogdalucianaoliveira.com.br\/blog\/wp-json\/wp\/v2\/posts\/16296\/revisions\/16300"}],"wp:featuredmedia":[{"embeddable":true,"href":"http:\/\/blogdalucianaoliveira.com.br\/blog\/wp-json\/wp\/v2\/media\/16286"}],"wp:attachment":[{"href":"http:\/\/blogdalucianaoliveira.com.br\/blog\/wp-json\/wp\/v2\/media?parent=16296"}],"wp:term":[{"taxonomy":"category","embeddable":true,"href":"http:\/\/blogdalucianaoliveira.com.br\/blog\/wp-json\/wp\/v2\/categories?post=16296"},{"taxonomy":"post_tag","embeddable":true,"href":"http:\/\/blogdalucianaoliveira.com.br\/blog\/wp-json\/wp\/v2\/tags?post=16296"}],"curies":[{"name":"wp","href":"https:\/\/api.w.org\/{rel}","templated":true}]}}