{"id":16304,"date":"2018-01-25T10:42:56","date_gmt":"2018-01-25T14:42:56","guid":{"rendered":"http:\/\/blogdalucianaoliveira.com.br\/blog\/?p=16304"},"modified":"2018-01-25T10:42:56","modified_gmt":"2018-01-25T14:42:56","slug":"pt-lanca-candidatura-de-lula-a-presidencia","status":"publish","type":"post","link":"http:\/\/blogdalucianaoliveira.com.br\/blog\/2018\/01\/25\/pt-lanca-candidatura-de-lula-a-presidencia\/","title":{"rendered":"PT LAN\u00c7A CANDIDATURA DE LULA \u00c0 PRESID\u00caNCIA"},"content":{"rendered":"<p><img data-recalc-dims=\"1\" loading=\"lazy\" decoding=\"async\" data-attachment-id=\"16305\" data-permalink=\"http:\/\/blogdalucianaoliveira.com.br\/blog\/2018\/01\/25\/pt-lanca-candidatura-de-lula-a-presidencia\/gl\/\" data-orig-file=\"https:\/\/i0.wp.com\/blogdalucianaoliveira.com.br\/blog\/wp-content\/uploads\/2018\/01\/gl.jpg?fit=1000%2C357\" data-orig-size=\"1000,357\" data-comments-opened=\"0\" data-image-meta=\"{&quot;aperture&quot;:&quot;0&quot;,&quot;credit&quot;:&quot;&quot;,&quot;camera&quot;:&quot;&quot;,&quot;caption&quot;:&quot;&quot;,&quot;created_timestamp&quot;:&quot;0&quot;,&quot;copyright&quot;:&quot;&quot;,&quot;focal_length&quot;:&quot;0&quot;,&quot;iso&quot;:&quot;0&quot;,&quot;shutter_speed&quot;:&quot;0&quot;,&quot;title&quot;:&quot;&quot;,&quot;orientation&quot;:&quot;0&quot;}\" data-image-title=\"gl\" data-image-description=\"\" data-image-caption=\"\" data-medium-file=\"https:\/\/i0.wp.com\/blogdalucianaoliveira.com.br\/blog\/wp-content\/uploads\/2018\/01\/gl.jpg?fit=300%2C107\" data-large-file=\"https:\/\/i0.wp.com\/blogdalucianaoliveira.com.br\/blog\/wp-content\/uploads\/2018\/01\/gl.jpg?fit=600%2C214\" class=\"alignnone size-full wp-image-16305\" src=\"https:\/\/i0.wp.com\/blogdalucianaoliveira.com.br\/blog\/wp-content\/uploads\/2018\/01\/gl.jpg?resize=600%2C214\" alt=\"gl\" width=\"600\" height=\"214\" srcset=\"https:\/\/i0.wp.com\/blogdalucianaoliveira.com.br\/blog\/wp-content\/uploads\/2018\/01\/gl.jpg?w=1000 1000w, https:\/\/i0.wp.com\/blogdalucianaoliveira.com.br\/blog\/wp-content\/uploads\/2018\/01\/gl.jpg?resize=300%2C107 300w, https:\/\/i0.wp.com\/blogdalucianaoliveira.com.br\/blog\/wp-content\/uploads\/2018\/01\/gl.jpg?resize=768%2C274 768w, https:\/\/i0.wp.com\/blogdalucianaoliveira.com.br\/blog\/wp-content\/uploads\/2018\/01\/gl.jpg?resize=800%2C286 800w\" sizes=\"auto, (max-width: 600px) 100vw, 600px\" \/><\/p>\n<p><strong>S\u00c3O PAULO (Reuters) &#8211;<\/strong>\u00a0O PT lan\u00e7ou nesta quinta-feira a pr\u00e9-candidatura do ex-presidente Luiz In\u00e1cio Lula da Silva \u00e0 Presid\u00eancia da Rep\u00fablica na elei\u00e7\u00e3o deste ano, um dia depois de Lula ter uma condena\u00e7\u00e3o por corrup\u00e7\u00e3o e lavagem de dinheiro mantida pelo Tribunal Regional Federal da 4\u00aa Regi\u00e3o.<\/p>\n<div class=\"PrimaryAsset_container_2pnvl\">\n<div class=\"Image_container_1tVQo\">Ex-presidente Luiz In\u00e1cio Lula da Silva na sede do Sindicato dos Metal\u00fargicos do ABC, em S\u00e3o Bernardo do Campo 24\/01\/2018 REUTERS\/Leonardo Benassatto<\/div>\n<\/div>\n<p>\u201cEstamos lan\u00e7ando a pr\u00e9-candidatura de Luiz In\u00e1cio Lula da Silva \u00e0 Presid\u00eancia da Rep\u00fablica\u201d, disse a presidente do PT, senadora Gleisi Hoffmann (PR), ao abrir reuni\u00e3o da Executiva Nacional do partido em S\u00e3o Paulo.<\/p>\n","protected":false},"excerpt":{"rendered":"<p>S\u00c3O PAULO (Reuters) &#8211;\u00a0O PT lan\u00e7ou nesta quinta-feira a pr\u00e9-candidatura do ex-presidente Luiz In\u00e1cio Lula da Silva \u00e0 Presid\u00eancia da Rep\u00fablica na elei\u00e7\u00e3o deste ano, um dia depois de Lula ter uma condena\u00e7\u00e3o por corrup\u00e7\u00e3o e lavagem de dinheiro mantida pelo Tribunal Regional Federal da 4\u00aa Regi\u00e3o. Ex-presidente Luiz In\u00e1cio Lula da Silva na sede&#8230;<a class=\"more-link\" href=\"http:\/\/blogdalucianaoliveira.com.br\/blog\/2018\/01\/25\/pt-lanca-candidatura-de-lula-a-presidencia\/\">Continue a leitura <span class=\"meta-nav\">&raquo;<\/span><\/a><\/p>\n","protected":false},"author":1,"featured_media":0,"comment_status":"closed","ping_status":"open","sticky":false,"template":"","format":"standard","meta":{"_exactmetrics_skip_tracking":false,"_exactmetrics_sitenote_active":false,"_exactmetrics_sitenote_note":"","_exactmetrics_sitenote_category":0,"jetpack_post_was_ever_published":false,"_jetpack_newsletter_access":"","_jetpack_dont_email_post_to_subs":false,"_jetpack_newsletter_tier_id":0,"_jetpack_memberships_contains_paywalled_content":false,"_jetpack_memberships_contains_paid_content":false,"footnotes":"","jetpack_publicize_message":"","jetpack_publicize_feature_enabled":true,"jetpack_social_post_already_shared":true,"jetpack_social_options":{"image_generator_settings":{"template":"highway","enabled":false},"version":2}},"categories":[1],"tags":[],"class_list":["post-16304","post","type-post","status-publish","format-standard","hentry","category-notas"],"jetpack_publicize_connections":[],"jetpack_sharing_enabled":true,"jetpack_featured_media_url":"","jetpack_shortlink":"https:\/\/wp.me\/p7wKYW-4eY","jetpack-related-posts":[],"_links":{"self":[{"href":"http:\/\/blogdalucianaoliveira.com.br\/blog\/wp-json\/wp\/v2\/posts\/16304","targetHints":{"allow":["GET"]}}],"collection":[{"href":"http:\/\/blogdalucianaoliveira.com.br\/blog\/wp-json\/wp\/v2\/posts"}],"about":[{"href":"http:\/\/blogdalucianaoliveira.com.br\/blog\/wp-json\/wp\/v2\/types\/post"}],"author":[{"embeddable":true,"href":"http:\/\/blogdalucianaoliveira.com.br\/blog\/wp-json\/wp\/v2\/users\/1"}],"replies":[{"embeddable":true,"href":"http:\/\/blogdalucianaoliveira.com.br\/blog\/wp-json\/wp\/v2\/comments?post=16304"}],"version-history":[{"count":1,"href":"http:\/\/blogdalucianaoliveira.com.br\/blog\/wp-json\/wp\/v2\/posts\/16304\/revisions"}],"predecessor-version":[{"id":16306,"href":"http:\/\/blogdalucianaoliveira.com.br\/blog\/wp-json\/wp\/v2\/posts\/16304\/revisions\/16306"}],"wp:attachment":[{"href":"http:\/\/blogdalucianaoliveira.com.br\/blog\/wp-json\/wp\/v2\/media?parent=16304"}],"wp:term":[{"taxonomy":"category","embeddable":true,"href":"http:\/\/blogdalucianaoliveira.com.br\/blog\/wp-json\/wp\/v2\/categories?post=16304"},{"taxonomy":"post_tag","embeddable":true,"href":"http:\/\/blogdalucianaoliveira.com.br\/blog\/wp-json\/wp\/v2\/tags?post=16304"}],"curies":[{"name":"wp","href":"https:\/\/api.w.org\/{rel}","templated":true}]}}