{"id":16314,"date":"2018-01-25T18:20:26","date_gmt":"2018-01-25T22:20:26","guid":{"rendered":"http:\/\/blogdalucianaoliveira.com.br\/blog\/?p=16314"},"modified":"2018-01-25T18:20:26","modified_gmt":"2018-01-25T22:20:26","slug":"pirarucu-do-madeira-exalta-blocos-antigos-com-frevo-e-estandartes","status":"publish","type":"post","link":"http:\/\/blogdalucianaoliveira.com.br\/blog\/2018\/01\/25\/pirarucu-do-madeira-exalta-blocos-antigos-com-frevo-e-estandartes\/","title":{"rendered":"PIRARUCU DO MADEIRA EXALTA BLOCOS ANTIGOS COM FREVO E ESTANDARTES"},"content":{"rendered":"<p><img data-recalc-dims=\"1\" loading=\"lazy\" decoding=\"async\" data-attachment-id=\"16316\" data-permalink=\"http:\/\/blogdalucianaoliveira.com.br\/blog\/2018\/01\/25\/pirarucu-do-madeira-exalta-blocos-antigos-com-frevo-e-estandartes\/foto\/\" data-orig-file=\"https:\/\/i0.wp.com\/blogdalucianaoliveira.com.br\/blog\/wp-content\/uploads\/2018\/01\/foto.jpg?fit=960%2C638\" data-orig-size=\"960,638\" data-comments-opened=\"0\" data-image-meta=\"{&quot;aperture&quot;:&quot;0&quot;,&quot;credit&quot;:&quot;&quot;,&quot;camera&quot;:&quot;&quot;,&quot;caption&quot;:&quot;&quot;,&quot;created_timestamp&quot;:&quot;0&quot;,&quot;copyright&quot;:&quot;Copyright 2014&quot;,&quot;focal_length&quot;:&quot;0&quot;,&quot;iso&quot;:&quot;0&quot;,&quot;shutter_speed&quot;:&quot;0&quot;,&quot;title&quot;:&quot;&quot;,&quot;orientation&quot;:&quot;0&quot;}\" data-image-title=\"foto\" data-image-description=\"\" data-image-caption=\"\" data-medium-file=\"https:\/\/i0.wp.com\/blogdalucianaoliveira.com.br\/blog\/wp-content\/uploads\/2018\/01\/foto.jpg?fit=300%2C199\" data-large-file=\"https:\/\/i0.wp.com\/blogdalucianaoliveira.com.br\/blog\/wp-content\/uploads\/2018\/01\/foto.jpg?fit=600%2C399\" src=\"https:\/\/i0.wp.com\/blogdalucianaoliveira.com.br\/blog\/wp-content\/uploads\/2018\/01\/foto.jpg?resize=600%2C399\" alt=\"foto\" width=\"600\" height=\"399\" class=\"alignnone size-full wp-image-16316\" srcset=\"https:\/\/i0.wp.com\/blogdalucianaoliveira.com.br\/blog\/wp-content\/uploads\/2018\/01\/foto.jpg?w=960 960w, https:\/\/i0.wp.com\/blogdalucianaoliveira.com.br\/blog\/wp-content\/uploads\/2018\/01\/foto.jpg?resize=300%2C199 300w, https:\/\/i0.wp.com\/blogdalucianaoliveira.com.br\/blog\/wp-content\/uploads\/2018\/01\/foto.jpg?resize=768%2C510 768w, https:\/\/i0.wp.com\/blogdalucianaoliveira.com.br\/blog\/wp-content\/uploads\/2018\/01\/foto.jpg?resize=451%2C300 451w\" sizes=\"auto, (max-width: 600px) 100vw, 600px\" \/><\/p>\n<p>\u201cQueria ver de novo\u201d \u00e9 o t\u00edtulo do frevo composto por Oscar Knightz e Thob\u00e1 para o desfile do bloco Pirarucu da Madeira que completa 25 anos.<\/p>\n<p>Interpretado por Toninho Tavernard, lembra a hist\u00f3ria de blocos que deram in\u00edcio \u00e0 tradi\u00e7\u00e3o carnavalesca em Porto Velho.<\/p>\n<p>Blocos como Rei da Selva, Lira do Amor, Tri\u00e2ngulo N\u00e3o Morreu, Oxerevause, Cobra e Piranhas ser\u00e3o exaltados com o frevo e  tamb\u00e9m estandartes.<!--more--><\/p>\n<p><img data-recalc-dims=\"1\" loading=\"lazy\" decoding=\"async\" data-attachment-id=\"16315\" data-permalink=\"http:\/\/blogdalucianaoliveira.com.br\/blog\/2018\/01\/25\/pirarucu-do-madeira-exalta-blocos-antigos-com-frevo-e-estandartes\/estan\/\" data-orig-file=\"https:\/\/i0.wp.com\/blogdalucianaoliveira.com.br\/blog\/wp-content\/uploads\/2018\/01\/estan.jpg?fit=960%2C960\" data-orig-size=\"960,960\" data-comments-opened=\"0\" data-image-meta=\"{&quot;aperture&quot;:&quot;0&quot;,&quot;credit&quot;:&quot;&quot;,&quot;camera&quot;:&quot;&quot;,&quot;caption&quot;:&quot;&quot;,&quot;created_timestamp&quot;:&quot;0&quot;,&quot;copyright&quot;:&quot;&quot;,&quot;focal_length&quot;:&quot;0&quot;,&quot;iso&quot;:&quot;0&quot;,&quot;shutter_speed&quot;:&quot;0&quot;,&quot;title&quot;:&quot;&quot;,&quot;orientation&quot;:&quot;0&quot;}\" data-image-title=\"estan\" data-image-description=\"\" data-image-caption=\"\" data-medium-file=\"https:\/\/i0.wp.com\/blogdalucianaoliveira.com.br\/blog\/wp-content\/uploads\/2018\/01\/estan.jpg?fit=300%2C300\" data-large-file=\"https:\/\/i0.wp.com\/blogdalucianaoliveira.com.br\/blog\/wp-content\/uploads\/2018\/01\/estan.jpg?fit=600%2C600\" src=\"https:\/\/i0.wp.com\/blogdalucianaoliveira.com.br\/blog\/wp-content\/uploads\/2018\/01\/estan.jpg?resize=600%2C600\" alt=\"estan\" width=\"600\" height=\"600\" class=\"alignnone size-full wp-image-16315\" srcset=\"https:\/\/i0.wp.com\/blogdalucianaoliveira.com.br\/blog\/wp-content\/uploads\/2018\/01\/estan.jpg?w=960 960w, https:\/\/i0.wp.com\/blogdalucianaoliveira.com.br\/blog\/wp-content\/uploads\/2018\/01\/estan.jpg?resize=150%2C150 150w, https:\/\/i0.wp.com\/blogdalucianaoliveira.com.br\/blog\/wp-content\/uploads\/2018\/01\/estan.jpg?resize=300%2C300 300w, https:\/\/i0.wp.com\/blogdalucianaoliveira.com.br\/blog\/wp-content\/uploads\/2018\/01\/estan.jpg?resize=768%2C768 768w\" sizes=\"auto, (max-width: 600px) 100vw, 600px\" \/><\/p>\n<p>O fundador do bloco, o advogado Ernande Segismundo, diz que a inten\u00e7\u00e3o \u00e9 provar a resist\u00eancia do carnaval popular, pois muitos blocos mant\u00e9m o formato dos que surgiram ainda na d\u00e9cada de 20.<\/p>\n<p>\u201cSer\u00e1 m\u00e1gico mostrar aos novos foli\u00f5es a for\u00e7a da tradi\u00e7\u00e3o. O frevo atende a um apelo dos que sentem saudades do carnaval de gra\u00e7a, colorido e belo. Agradecemos imensamente o presente que Oscar e Thob\u00e1 deram ao bloco e tamb\u00e9m ao<br \/>\nToninho que gravou alegremente\u201d, disse Segismundo.<\/p>\n<p>O desfile acontece dia 04 de fevereiro, na avenida Pinheiro Machado, ao lado do Poliesportivo Deroche Pequeno Franco. A concentra\u00e7\u00e3o come\u00e7a \u00e0s 15 horas e por volta das 17 horas a orquestra Puraqu\u00e9 puxa os foli\u00f5es.<\/p>\n<p>O bloco Pirarucu do Madeira s\u00f3 cobra alegria. N\u00e3o h\u00e1 venda de abad\u00e1s, nem cordas que separem os foli\u00f5es.<br \/>\nO uso da fantasia \u00e9 estimulado e o trio el\u00e9trico foi dispensado h\u00e1 alguns anos para que o formato seja o mais tradicional poss\u00edvel.<\/p>\n<p><iframe loading=\"lazy\" src=\"https:\/\/www.facebook.com\/plugins\/video.php?href=https%3A%2F%2Fwww.facebook.com%2Fluciana.oliveira.75457%2Fvideos%2F1694039307338632%2F&#038;show_text=0&#038;width=560\" width=\"560\" height=\"420\" style=\"border:none;overflow:hidden\" scrolling=\"no\" frameborder=\"0\" allowTransparency=\"true\" allowFullScreen=\"true\"><\/iframe><\/p>\n<p>QUERIA VER DE NOVO<br \/>\nComposi\u00e7\u00e3o: Oscar Knightz e Thob\u00e1<br \/>\nInt\u00e9rprete: Toninho Tavernard<\/p>\n<p>O TEMPO VAGUEIA<br \/>\nVAGUEIA E ME FAZ LEMBRAR<br \/>\nOS CORSOS, BLOCOS DE SUJOS<br \/>\nDOS ANTIGOS CARNAVAIS<br \/>\nQUANTA SAUDADE ME D\u00c1<\/p>\n<p>CAD\u00ca DONA JOIA, PROF. IN\u00c1CIO<br \/>\nO BLOCO DA COBRA, OXEREVAUSE<br \/>\nCAD\u00ca O REI DA SELVA, OS FOLI\u00d5ES<br \/>\nNOS BAILES E NOS SAL\u00d5ES<\/p>\n<p>QUERIA VER, LIRA DO AMOR<br \/>\nO SOL E A CHUVA NO APOGEU<br \/>\nAS PIRANHAS, O PURGAT\u00d3RIO<br \/>\nE O TRI\u00c2NGULO N\u00c3O MORREU<\/p>\n<p>A SAUDADE BATEU EM MIM<br \/>\nN\u00c3O VOU CHORAR, VOU CANTAR<br \/>\nNO PIRARUCU DO MADEIRA<br \/>\nSOU RESIST\u00caNCIA POPULAR.<\/p>\n","protected":false},"excerpt":{"rendered":"<p>\u201cQueria ver de novo\u201d \u00e9 o t\u00edtulo do frevo composto por Oscar Knightz e Thob\u00e1 para o desfile do bloco Pirarucu da Madeira que completa 25 anos. Interpretado por Toninho Tavernard, lembra a hist\u00f3ria de blocos que deram in\u00edcio \u00e0 tradi\u00e7\u00e3o carnavalesca em Porto Velho. Blocos como Rei da Selva, Lira do Amor, Tri\u00e2ngulo N\u00e3o&#8230;<a class=\"more-link\" href=\"http:\/\/blogdalucianaoliveira.com.br\/blog\/2018\/01\/25\/pirarucu-do-madeira-exalta-blocos-antigos-com-frevo-e-estandartes\/\">Continue a leitura <span class=\"meta-nav\">&raquo;<\/span><\/a><\/p>\n","protected":false},"author":1,"featured_media":0,"comment_status":"closed","ping_status":"open","sticky":false,"template":"","format":"standard","meta":{"_exactmetrics_skip_tracking":false,"_exactmetrics_sitenote_active":false,"_exactmetrics_sitenote_note":"","_exactmetrics_sitenote_category":0,"jetpack_post_was_ever_published":false,"_jetpack_newsletter_access":"","_jetpack_dont_email_post_to_subs":false,"_jetpack_newsletter_tier_id":0,"_jetpack_memberships_contains_paywalled_content":false,"_jetpack_memberships_contains_paid_content":false,"footnotes":"","jetpack_publicize_message":"","jetpack_publicize_feature_enabled":true,"jetpack_social_post_already_shared":true,"jetpack_social_options":{"image_generator_settings":{"template":"highway","enabled":false},"version":2}},"categories":[1],"tags":[],"class_list":["post-16314","post","type-post","status-publish","format-standard","hentry","category-notas"],"jetpack_publicize_connections":[],"jetpack_sharing_enabled":true,"jetpack_featured_media_url":"","jetpack_shortlink":"https:\/\/wp.me\/p7wKYW-4f8","jetpack-related-posts":[],"_links":{"self":[{"href":"http:\/\/blogdalucianaoliveira.com.br\/blog\/wp-json\/wp\/v2\/posts\/16314","targetHints":{"allow":["GET"]}}],"collection":[{"href":"http:\/\/blogdalucianaoliveira.com.br\/blog\/wp-json\/wp\/v2\/posts"}],"about":[{"href":"http:\/\/blogdalucianaoliveira.com.br\/blog\/wp-json\/wp\/v2\/types\/post"}],"author":[{"embeddable":true,"href":"http:\/\/blogdalucianaoliveira.com.br\/blog\/wp-json\/wp\/v2\/users\/1"}],"replies":[{"embeddable":true,"href":"http:\/\/blogdalucianaoliveira.com.br\/blog\/wp-json\/wp\/v2\/comments?post=16314"}],"version-history":[{"count":1,"href":"http:\/\/blogdalucianaoliveira.com.br\/blog\/wp-json\/wp\/v2\/posts\/16314\/revisions"}],"predecessor-version":[{"id":16317,"href":"http:\/\/blogdalucianaoliveira.com.br\/blog\/wp-json\/wp\/v2\/posts\/16314\/revisions\/16317"}],"wp:attachment":[{"href":"http:\/\/blogdalucianaoliveira.com.br\/blog\/wp-json\/wp\/v2\/media?parent=16314"}],"wp:term":[{"taxonomy":"category","embeddable":true,"href":"http:\/\/blogdalucianaoliveira.com.br\/blog\/wp-json\/wp\/v2\/categories?post=16314"},{"taxonomy":"post_tag","embeddable":true,"href":"http:\/\/blogdalucianaoliveira.com.br\/blog\/wp-json\/wp\/v2\/tags?post=16314"}],"curies":[{"name":"wp","href":"https:\/\/api.w.org\/{rel}","templated":true}]}}