{"id":16318,"date":"2018-01-25T18:41:46","date_gmt":"2018-01-25T22:41:46","guid":{"rendered":"http:\/\/blogdalucianaoliveira.com.br\/blog\/?p=16318"},"modified":"2018-01-25T18:41:46","modified_gmt":"2018-01-25T22:41:46","slug":"helena-chagas-lula-vai-chamar-candidatos-de-esquerda-para-pacto","status":"publish","type":"post","link":"http:\/\/blogdalucianaoliveira.com.br\/blog\/2018\/01\/25\/helena-chagas-lula-vai-chamar-candidatos-de-esquerda-para-pacto\/","title":{"rendered":"HELENA CHAGAS: LULA VAI CHAMAR CANDIDATOS DE ESQUERDA PARA PACTO"},"content":{"rendered":"<p><img data-recalc-dims=\"1\" loading=\"lazy\" decoding=\"async\" data-attachment-id=\"16319\" data-permalink=\"http:\/\/blogdalucianaoliveira.com.br\/blog\/2018\/01\/25\/helena-chagas-lula-vai-chamar-candidatos-de-esquerda-para-pacto\/es-5\/\" data-orig-file=\"https:\/\/i0.wp.com\/blogdalucianaoliveira.com.br\/blog\/wp-content\/uploads\/2018\/01\/es-1.jpg?fit=1003%2C357\" data-orig-size=\"1003,357\" data-comments-opened=\"0\" data-image-meta=\"{&quot;aperture&quot;:&quot;0&quot;,&quot;credit&quot;:&quot;&quot;,&quot;camera&quot;:&quot;&quot;,&quot;caption&quot;:&quot;&quot;,&quot;created_timestamp&quot;:&quot;0&quot;,&quot;copyright&quot;:&quot;&quot;,&quot;focal_length&quot;:&quot;0&quot;,&quot;iso&quot;:&quot;0&quot;,&quot;shutter_speed&quot;:&quot;0&quot;,&quot;title&quot;:&quot;&quot;,&quot;orientation&quot;:&quot;0&quot;}\" data-image-title=\"es\" data-image-description=\"\" data-image-caption=\"\" data-medium-file=\"https:\/\/i0.wp.com\/blogdalucianaoliveira.com.br\/blog\/wp-content\/uploads\/2018\/01\/es-1.jpg?fit=300%2C107\" data-large-file=\"https:\/\/i0.wp.com\/blogdalucianaoliveira.com.br\/blog\/wp-content\/uploads\/2018\/01\/es-1.jpg?fit=600%2C214\" class=\"alignnone size-full wp-image-16319\" src=\"https:\/\/i0.wp.com\/blogdalucianaoliveira.com.br\/blog\/wp-content\/uploads\/2018\/01\/es-1.jpg?resize=600%2C214\" alt=\"es\" width=\"600\" height=\"214\" srcset=\"https:\/\/i0.wp.com\/blogdalucianaoliveira.com.br\/blog\/wp-content\/uploads\/2018\/01\/es-1.jpg?w=1003 1003w, https:\/\/i0.wp.com\/blogdalucianaoliveira.com.br\/blog\/wp-content\/uploads\/2018\/01\/es-1.jpg?resize=300%2C107 300w, https:\/\/i0.wp.com\/blogdalucianaoliveira.com.br\/blog\/wp-content\/uploads\/2018\/01\/es-1.jpg?resize=768%2C273 768w, https:\/\/i0.wp.com\/blogdalucianaoliveira.com.br\/blog\/wp-content\/uploads\/2018\/01\/es-1.jpg?resize=800%2C285 800w\" sizes=\"auto, (max-width: 600px) 100vw, 600px\" \/><\/p>\n<p><strong>247 &#8211;<\/strong>\u00a0Segundo a jornalista Helena Chagas, colunista do site Os divergentes, o ex-presidente Lula estaria costurando um pacto entre os outros quatro candidatos presidenciais de esquerda.<!--more--><\/p>\n<p>Pelo acordo, Ciro Gomes (PDT), Manuela D\u2019\u00c1vila (PCdoB), Guilherme Boulos (PSOL) e, pelo PSB, o nome que se apresentou at\u00e9 agora, Aldo Rebelo, manteriam suas campanhas, mas se comprometeriam com apoio m\u00fatuo no segundo turno e uni\u00e3o em torno de um programa de governo m\u00ednimo.<\/p>\n<p>&#8220;Se a candidatura Lula chegar l\u00e1 e vingar, \u00e9 isso que vai acontecer&#8221;, diz Helena. Mas caso o ex-presidente seja impedido de concorrer, ele apoiaria o nome que estivesse melhor posicionado nas pesquisas e indicaria um petista para ser vice na chapa, em vez de lan\u00e7ar um plano B.<\/p>\n<p><a href=\"https:\/\/osdivergentes.com.br\/helena-chagas\/lula-vai-chamar-candidatos-de-esquerda-para-pacto\/\" target=\"_blank\">Confira aqui<\/a>\u00a0a \u00edntegra da coluna.<\/p>\n","protected":false},"excerpt":{"rendered":"<p>247 &#8211;\u00a0Segundo a jornalista Helena Chagas, colunista do site Os divergentes, o ex-presidente Lula estaria costurando um pacto entre os outros quatro candidatos presidenciais de esquerda.<\/p>\n","protected":false},"author":1,"featured_media":0,"comment_status":"closed","ping_status":"open","sticky":false,"template":"","format":"standard","meta":{"_exactmetrics_skip_tracking":false,"_exactmetrics_sitenote_active":false,"_exactmetrics_sitenote_note":"","_exactmetrics_sitenote_category":0,"jetpack_post_was_ever_published":false,"_jetpack_newsletter_access":"","_jetpack_dont_email_post_to_subs":false,"_jetpack_newsletter_tier_id":0,"_jetpack_memberships_contains_paywalled_content":false,"_jetpack_memberships_contains_paid_content":false,"footnotes":"","jetpack_publicize_message":"","jetpack_publicize_feature_enabled":true,"jetpack_social_post_already_shared":true,"jetpack_social_options":{"image_generator_settings":{"template":"highway","enabled":false},"version":2}},"categories":[1],"tags":[],"class_list":["post-16318","post","type-post","status-publish","format-standard","hentry","category-notas"],"jetpack_publicize_connections":[],"jetpack_sharing_enabled":true,"jetpack_featured_media_url":"","jetpack_shortlink":"https:\/\/wp.me\/p7wKYW-4fc","jetpack-related-posts":[],"_links":{"self":[{"href":"http:\/\/blogdalucianaoliveira.com.br\/blog\/wp-json\/wp\/v2\/posts\/16318","targetHints":{"allow":["GET"]}}],"collection":[{"href":"http:\/\/blogdalucianaoliveira.com.br\/blog\/wp-json\/wp\/v2\/posts"}],"about":[{"href":"http:\/\/blogdalucianaoliveira.com.br\/blog\/wp-json\/wp\/v2\/types\/post"}],"author":[{"embeddable":true,"href":"http:\/\/blogdalucianaoliveira.com.br\/blog\/wp-json\/wp\/v2\/users\/1"}],"replies":[{"embeddable":true,"href":"http:\/\/blogdalucianaoliveira.com.br\/blog\/wp-json\/wp\/v2\/comments?post=16318"}],"version-history":[{"count":1,"href":"http:\/\/blogdalucianaoliveira.com.br\/blog\/wp-json\/wp\/v2\/posts\/16318\/revisions"}],"predecessor-version":[{"id":16320,"href":"http:\/\/blogdalucianaoliveira.com.br\/blog\/wp-json\/wp\/v2\/posts\/16318\/revisions\/16320"}],"wp:attachment":[{"href":"http:\/\/blogdalucianaoliveira.com.br\/blog\/wp-json\/wp\/v2\/media?parent=16318"}],"wp:term":[{"taxonomy":"category","embeddable":true,"href":"http:\/\/blogdalucianaoliveira.com.br\/blog\/wp-json\/wp\/v2\/categories?post=16318"},{"taxonomy":"post_tag","embeddable":true,"href":"http:\/\/blogdalucianaoliveira.com.br\/blog\/wp-json\/wp\/v2\/tags?post=16318"}],"curies":[{"name":"wp","href":"https:\/\/api.w.org\/{rel}","templated":true}]}}