{"id":16324,"date":"2018-01-26T14:37:30","date_gmt":"2018-01-26T18:37:30","guid":{"rendered":"http:\/\/blogdalucianaoliveira.com.br\/blog\/?p=16324"},"modified":"2018-01-26T14:37:30","modified_gmt":"2018-01-26T18:37:30","slug":"funcultural-divulga-programacao-do-carnaval-deste-final-de-semana","status":"publish","type":"post","link":"http:\/\/blogdalucianaoliveira.com.br\/blog\/2018\/01\/26\/funcultural-divulga-programacao-do-carnaval-deste-final-de-semana\/","title":{"rendered":"Funcultural divulga programa\u00e7\u00e3o do carnaval deste final de semana"},"content":{"rendered":"<p><img data-recalc-dims=\"1\" loading=\"lazy\" decoding=\"async\" data-attachment-id=\"16325\" data-permalink=\"http:\/\/blogdalucianaoliveira.com.br\/blog\/2018\/01\/26\/funcultural-divulga-programacao-do-carnaval-deste-final-de-semana\/eae7ea4d-f215-408d-b571-c61a1c6b8023\/\" data-orig-file=\"https:\/\/i0.wp.com\/blogdalucianaoliveira.com.br\/blog\/wp-content\/uploads\/2018\/01\/EAE7EA4D-F215-408D-B571-C61A1C6B8023.jpeg?fit=335%2C188\" data-orig-size=\"335,188\" data-comments-opened=\"0\" data-image-meta=\"{&quot;aperture&quot;:&quot;0&quot;,&quot;credit&quot;:&quot;&quot;,&quot;camera&quot;:&quot;&quot;,&quot;caption&quot;:&quot;&quot;,&quot;created_timestamp&quot;:&quot;0&quot;,&quot;copyright&quot;:&quot;&quot;,&quot;focal_length&quot;:&quot;0&quot;,&quot;iso&quot;:&quot;0&quot;,&quot;shutter_speed&quot;:&quot;0&quot;,&quot;title&quot;:&quot;&quot;,&quot;orientation&quot;:&quot;0&quot;}\" data-image-title=\"EAE7EA4D-F215-408D-B571-C61A1C6B8023\" data-image-description=\"\" data-image-caption=\"\" data-medium-file=\"https:\/\/i0.wp.com\/blogdalucianaoliveira.com.br\/blog\/wp-content\/uploads\/2018\/01\/EAE7EA4D-F215-408D-B571-C61A1C6B8023.jpeg?fit=300%2C168\" data-large-file=\"https:\/\/i0.wp.com\/blogdalucianaoliveira.com.br\/blog\/wp-content\/uploads\/2018\/01\/EAE7EA4D-F215-408D-B571-C61A1C6B8023.jpeg?fit=335%2C188\" src=\"https:\/\/i0.wp.com\/blogdalucianaoliveira.com.br\/blog\/wp-content\/uploads\/2018\/01\/EAE7EA4D-F215-408D-B571-C61A1C6B8023.jpeg?resize=335%2C188\" alt=\"EAE7EA4D-F215-408D-B571-C61A1C6B8023\" width=\"335\" height=\"188\" class=\"alignnone size-full wp-image-16325\" srcset=\"https:\/\/i0.wp.com\/blogdalucianaoliveira.com.br\/blog\/wp-content\/uploads\/2018\/01\/EAE7EA4D-F215-408D-B571-C61A1C6B8023.jpeg?w=335 335w, https:\/\/i0.wp.com\/blogdalucianaoliveira.com.br\/blog\/wp-content\/uploads\/2018\/01\/EAE7EA4D-F215-408D-B571-C61A1C6B8023.jpeg?resize=300%2C168 300w\" sizes=\"auto, (max-width: 335px) 100vw, 335px\" \/><\/p>\n<p>Da Assesoria &#8211; Este final de semana ser\u00e1 dado a arrancada para o Carnaval em Porto Velho. Tem o Marcha Folia, na zona Sul; o Espa\u00e7o Folia, no Mercado Cultural, a feijoada da escola de samba S\u00e3o Jo\u00e3o Bosco, a feijoada da Banda do Vai Quem Quer e ensaio da escola de samba Asfalt\u00e3o.<!--more--><\/p>\n<p>Nesta sexta tem tr\u00eas eventos \u2013 o Baile Municipal \u00e0 Fantasia, ensaios da Asfalt\u00e3o e o bloco At\u00e9 que a Noite Vire o Dia. O baile, organizado pela Prefeitura de Porto Velho, via Funcultural, ser\u00e1 na Talism\u00e3 2, a partir das 20 horas. A entrada \u00e9 por meio de convites. \u00c9 necess\u00e1rio estar vestido \u00e0 fantasia.<\/p>\n<p>O ensaio da escola de samba Asfalt\u00e3o ser\u00e1 \u00e0s 19h30, na tenda do Tigr\u00e3o, na rua Jaci-Paran\u00e1, entre Bras\u00edlia e Get\u00falio Vargas.<\/p>\n<p>Tem ainda ensaio do bloco At\u00e9 que a Noite Vire o Dia, na pra\u00e7a S\u00e3o Jos\u00e9, no Mocambo. O ensaio come\u00e7a \u00e0s 19 horas. O evento ser\u00e1 animado pela Banda Lua, que toca todos os ritmos.<\/p>\n<p>S\u00e1bado<\/p>\n<p>O Marcha Folia e o Espa\u00e7o Folia, ambos neste s\u00e1bado, s\u00e3o promovidos pelo Munic\u00edpio, via Funcultural. O primeiro, Marcha Folia, ser\u00e1 no campo Florest\u00e3o, na Jatuarana, \u00e0s 16 horas, com anima\u00e7\u00e3o da Banda da Banda. J\u00e1 o segundo, Espa\u00e7o Folia, acontece no Mercado Cultural, a partir das 21 horas, com a banda Esta\u00e7\u00e3o Folia.<\/p>\n<p>Tamb\u00e9m neste s\u00e1bado, a partir das 12 horas, a Banda do Vai Quem Quer ir\u00e1 oferecer uma feijoada ao pessoal da imprensa, na sede do bloco. O evento contar\u00e1 com a presen\u00e7a vip da musa da escola de samba carioca Uni\u00e3o da Ilha, Let\u00edcia Guimar\u00e3es.<\/p>\n<p>A tarde, \u00e0s  14 horas, tem ensaio no Bar do Calixto, da bateria Pura Ra\u00e7a (Asfalt\u00e3o). O Bar do Calixto fica na Rua Bras\u00edlia Com Jaci-Paran\u00e1.<\/p>\n<p>Nesse dia tem tamb\u00e9m a feijoada do bloco Leva Eu e Canto da Coruja, \u00e0s 11 horas, na Associa\u00e7\u00e3o Salve Jorge, na Vila Tupy, com anima\u00e7\u00e3o da bateria da escola de samba Asfalt\u00e3o. Participam ainda 14 atra\u00e7\u00f5es, entre DJs e cantores locais.<\/p>\n<p>Domingo<\/p>\n<p>A escola de samba S\u00e3o Jo\u00e3o Batista promove feijoada no domingo, a partir das 12 horas, no Sindsef, na avenida Rio de Janeiro. A programa\u00e7\u00e3o inclui a participa\u00e7\u00e3o especial da musa Let\u00edcia Guimar\u00e3es, da escola de samba Uni\u00e3o da Ilha, do Rio de Janeiro. Ter\u00e1 ainda o concurso para a escolha da Mulata de Ouro de Porto Velho. A vencedora integrar\u00e1 a corte do rei Momo. At\u00e9 agora tem quatro candidatas.<\/p>\n<p>Os integrantes da bateria Pura Ra\u00e7a, da escola de samba Asfalt\u00e3o, realizam mais um ensaio, \u00e0s 14 horas, no cal\u00e7ad\u00e3o do Bar do Calixto, na Rua Bras\u00edlia com Jaci-Paran\u00e1.<\/p>\n<p>Em\u00edlia Ara\u00fajo<\/p>\n","protected":false},"excerpt":{"rendered":"<p>Da Assesoria &#8211; Este final de semana ser\u00e1 dado a arrancada para o Carnaval em Porto Velho. Tem o Marcha Folia, na zona Sul; o Espa\u00e7o Folia, no Mercado Cultural, a feijoada da escola de samba S\u00e3o Jo\u00e3o Bosco, a feijoada da Banda do Vai Quem Quer e ensaio da escola de samba Asfalt\u00e3o.<\/p>\n","protected":false},"author":1,"featured_media":0,"comment_status":"closed","ping_status":"open","sticky":false,"template":"","format":"standard","meta":{"_exactmetrics_skip_tracking":false,"_exactmetrics_sitenote_active":false,"_exactmetrics_sitenote_note":"","_exactmetrics_sitenote_category":0,"jetpack_post_was_ever_published":false,"_jetpack_newsletter_access":"","_jetpack_dont_email_post_to_subs":false,"_jetpack_newsletter_tier_id":0,"_jetpack_memberships_contains_paywalled_content":false,"_jetpack_memberships_contains_paid_content":false,"footnotes":"","jetpack_publicize_message":"","jetpack_publicize_feature_enabled":true,"jetpack_social_post_already_shared":true,"jetpack_social_options":{"image_generator_settings":{"template":"highway","enabled":false},"version":2}},"categories":[1],"tags":[],"class_list":["post-16324","post","type-post","status-publish","format-standard","hentry","category-notas"],"jetpack_publicize_connections":[],"jetpack_sharing_enabled":true,"jetpack_featured_media_url":"","jetpack_shortlink":"https:\/\/wp.me\/p7wKYW-4fi","jetpack-related-posts":[],"_links":{"self":[{"href":"http:\/\/blogdalucianaoliveira.com.br\/blog\/wp-json\/wp\/v2\/posts\/16324","targetHints":{"allow":["GET"]}}],"collection":[{"href":"http:\/\/blogdalucianaoliveira.com.br\/blog\/wp-json\/wp\/v2\/posts"}],"about":[{"href":"http:\/\/blogdalucianaoliveira.com.br\/blog\/wp-json\/wp\/v2\/types\/post"}],"author":[{"embeddable":true,"href":"http:\/\/blogdalucianaoliveira.com.br\/blog\/wp-json\/wp\/v2\/users\/1"}],"replies":[{"embeddable":true,"href":"http:\/\/blogdalucianaoliveira.com.br\/blog\/wp-json\/wp\/v2\/comments?post=16324"}],"version-history":[{"count":1,"href":"http:\/\/blogdalucianaoliveira.com.br\/blog\/wp-json\/wp\/v2\/posts\/16324\/revisions"}],"predecessor-version":[{"id":16326,"href":"http:\/\/blogdalucianaoliveira.com.br\/blog\/wp-json\/wp\/v2\/posts\/16324\/revisions\/16326"}],"wp:attachment":[{"href":"http:\/\/blogdalucianaoliveira.com.br\/blog\/wp-json\/wp\/v2\/media?parent=16324"}],"wp:term":[{"taxonomy":"category","embeddable":true,"href":"http:\/\/blogdalucianaoliveira.com.br\/blog\/wp-json\/wp\/v2\/categories?post=16324"},{"taxonomy":"post_tag","embeddable":true,"href":"http:\/\/blogdalucianaoliveira.com.br\/blog\/wp-json\/wp\/v2\/tags?post=16324"}],"curies":[{"name":"wp","href":"https:\/\/api.w.org\/{rel}","templated":true}]}}