{"id":16327,"date":"2018-01-26T15:16:08","date_gmt":"2018-01-26T19:16:08","guid":{"rendered":"http:\/\/blogdalucianaoliveira.com.br\/blog\/?p=16327"},"modified":"2018-01-26T15:16:08","modified_gmt":"2018-01-26T19:16:08","slug":"seu-odio-so-a-lula-e-prova-de-desonestidade","status":"publish","type":"post","link":"http:\/\/blogdalucianaoliveira.com.br\/blog\/2018\/01\/26\/seu-odio-so-a-lula-e-prova-de-desonestidade\/","title":{"rendered":"Seu \u00f3dio s\u00f3 a Lula \u00e9 prova de desonestidade"},"content":{"rendered":"<p><img data-recalc-dims=\"1\" loading=\"lazy\" decoding=\"async\" data-attachment-id=\"16328\" data-permalink=\"http:\/\/blogdalucianaoliveira.com.br\/blog\/2018\/01\/26\/seu-odio-so-a-lula-e-prova-de-desonestidade\/096a5336-07d1-4fcd-a0c9-2b42f8afa553\/\" data-orig-file=\"https:\/\/i0.wp.com\/blogdalucianaoliveira.com.br\/blog\/wp-content\/uploads\/2018\/01\/096A5336-07D1-4FCD-A0C9-2B42F8AFA553.jpeg?fit=1280%2C853\" data-orig-size=\"1280,853\" data-comments-opened=\"0\" data-image-meta=\"{&quot;aperture&quot;:&quot;0&quot;,&quot;credit&quot;:&quot;&quot;,&quot;camera&quot;:&quot;&quot;,&quot;caption&quot;:&quot;&quot;,&quot;created_timestamp&quot;:&quot;0&quot;,&quot;copyright&quot;:&quot;&quot;,&quot;focal_length&quot;:&quot;0&quot;,&quot;iso&quot;:&quot;0&quot;,&quot;shutter_speed&quot;:&quot;0&quot;,&quot;title&quot;:&quot;&quot;,&quot;orientation&quot;:&quot;1&quot;}\" data-image-title=\"096A5336-07D1-4FCD-A0C9-2B42F8AFA553\" data-image-description=\"\" data-image-caption=\"\" data-medium-file=\"https:\/\/i0.wp.com\/blogdalucianaoliveira.com.br\/blog\/wp-content\/uploads\/2018\/01\/096A5336-07D1-4FCD-A0C9-2B42F8AFA553.jpeg?fit=300%2C200\" data-large-file=\"https:\/\/i0.wp.com\/blogdalucianaoliveira.com.br\/blog\/wp-content\/uploads\/2018\/01\/096A5336-07D1-4FCD-A0C9-2B42F8AFA553.jpeg?fit=600%2C400\" src=\"https:\/\/i0.wp.com\/blogdalucianaoliveira.com.br\/blog\/wp-content\/uploads\/2018\/01\/096A5336-07D1-4FCD-A0C9-2B42F8AFA553.jpeg?resize=600%2C400\" alt=\"096A5336-07D1-4FCD-A0C9-2B42F8AFA553\" width=\"600\" height=\"400\" class=\"alignnone size-full wp-image-16328\" srcset=\"https:\/\/i0.wp.com\/blogdalucianaoliveira.com.br\/blog\/wp-content\/uploads\/2018\/01\/096A5336-07D1-4FCD-A0C9-2B42F8AFA553.jpeg?w=1280 1280w, https:\/\/i0.wp.com\/blogdalucianaoliveira.com.br\/blog\/wp-content\/uploads\/2018\/01\/096A5336-07D1-4FCD-A0C9-2B42F8AFA553.jpeg?resize=300%2C200 300w, https:\/\/i0.wp.com\/blogdalucianaoliveira.com.br\/blog\/wp-content\/uploads\/2018\/01\/096A5336-07D1-4FCD-A0C9-2B42F8AFA553.jpeg?resize=768%2C512 768w, https:\/\/i0.wp.com\/blogdalucianaoliveira.com.br\/blog\/wp-content\/uploads\/2018\/01\/096A5336-07D1-4FCD-A0C9-2B42F8AFA553.jpeg?resize=1024%2C682 1024w, https:\/\/i0.wp.com\/blogdalucianaoliveira.com.br\/blog\/wp-content\/uploads\/2018\/01\/096A5336-07D1-4FCD-A0C9-2B42F8AFA553.jpeg?resize=450%2C300 450w, https:\/\/i0.wp.com\/blogdalucianaoliveira.com.br\/blog\/wp-content\/uploads\/2018\/01\/096A5336-07D1-4FCD-A0C9-2B42F8AFA553.jpeg?w=1200 1200w\" sizes=\"auto, (max-width: 600px) 100vw, 600px\" \/><\/p>\n<p>Por Gisele Pini no Facebook <\/p>\n<p>Se a raiva que voc\u00ea sente de Lula n\u00e3o fosse (no fundo) preconceito, voc\u00ea a sentiria por cada um dos grandes pol\u00edticos investigados.<!--more--><\/p>\n<p>Mas a verdade \u00e9 que voc\u00ea n\u00e3o sente \u00f3dio do A\u00e9cio, do Alckmin, do Serra, do Cunha, do Temer at\u00e9, seus olhos s\u00f3 brilham e voc\u00ea s\u00f3 sente o sangue pulsar pelo Lula. <\/p>\n<p>E isso n\u00e3o quer dizer que o Lula \u00e9 inocente, isso quer dizer que o seu sentimento n\u00e3o \u00e9 inocente, ele est\u00e1 encharcado pelos venenos invis\u00edveis que dividem as pessoas neste pa\u00eds das desigualdades.<\/p>\n","protected":false},"excerpt":{"rendered":"<p>Por Gisele Pini no Facebook Se a raiva que voc\u00ea sente de Lula n\u00e3o fosse (no fundo) preconceito, voc\u00ea a sentiria por cada um dos grandes pol\u00edticos investigados.<\/p>\n","protected":false},"author":1,"featured_media":0,"comment_status":"closed","ping_status":"open","sticky":false,"template":"","format":"standard","meta":{"_exactmetrics_skip_tracking":false,"_exactmetrics_sitenote_active":false,"_exactmetrics_sitenote_note":"","_exactmetrics_sitenote_category":0,"jetpack_post_was_ever_published":false,"_jetpack_newsletter_access":"","_jetpack_dont_email_post_to_subs":false,"_jetpack_newsletter_tier_id":0,"_jetpack_memberships_contains_paywalled_content":false,"_jetpack_memberships_contains_paid_content":false,"footnotes":"","jetpack_publicize_message":"","jetpack_publicize_feature_enabled":true,"jetpack_social_post_already_shared":true,"jetpack_social_options":{"image_generator_settings":{"template":"highway","enabled":false},"version":2}},"categories":[1],"tags":[],"class_list":["post-16327","post","type-post","status-publish","format-standard","hentry","category-notas"],"jetpack_publicize_connections":[],"jetpack_sharing_enabled":true,"jetpack_featured_media_url":"","jetpack_shortlink":"https:\/\/wp.me\/p7wKYW-4fl","jetpack-related-posts":[],"_links":{"self":[{"href":"http:\/\/blogdalucianaoliveira.com.br\/blog\/wp-json\/wp\/v2\/posts\/16327","targetHints":{"allow":["GET"]}}],"collection":[{"href":"http:\/\/blogdalucianaoliveira.com.br\/blog\/wp-json\/wp\/v2\/posts"}],"about":[{"href":"http:\/\/blogdalucianaoliveira.com.br\/blog\/wp-json\/wp\/v2\/types\/post"}],"author":[{"embeddable":true,"href":"http:\/\/blogdalucianaoliveira.com.br\/blog\/wp-json\/wp\/v2\/users\/1"}],"replies":[{"embeddable":true,"href":"http:\/\/blogdalucianaoliveira.com.br\/blog\/wp-json\/wp\/v2\/comments?post=16327"}],"version-history":[{"count":1,"href":"http:\/\/blogdalucianaoliveira.com.br\/blog\/wp-json\/wp\/v2\/posts\/16327\/revisions"}],"predecessor-version":[{"id":16329,"href":"http:\/\/blogdalucianaoliveira.com.br\/blog\/wp-json\/wp\/v2\/posts\/16327\/revisions\/16329"}],"wp:attachment":[{"href":"http:\/\/blogdalucianaoliveira.com.br\/blog\/wp-json\/wp\/v2\/media?parent=16327"}],"wp:term":[{"taxonomy":"category","embeddable":true,"href":"http:\/\/blogdalucianaoliveira.com.br\/blog\/wp-json\/wp\/v2\/categories?post=16327"},{"taxonomy":"post_tag","embeddable":true,"href":"http:\/\/blogdalucianaoliveira.com.br\/blog\/wp-json\/wp\/v2\/tags?post=16327"}],"curies":[{"name":"wp","href":"https:\/\/api.w.org\/{rel}","templated":true}]}}