{"id":16330,"date":"2018-01-27T22:44:47","date_gmt":"2018-01-28T02:44:47","guid":{"rendered":"http:\/\/blogdalucianaoliveira.com.br\/blog\/?p=16330"},"modified":"2018-01-27T22:44:47","modified_gmt":"2018-01-28T02:44:47","slug":"le-monde-brasil-e-uma-democracia-em-decadencia","status":"publish","type":"post","link":"http:\/\/blogdalucianaoliveira.com.br\/blog\/2018\/01\/27\/le-monde-brasil-e-uma-democracia-em-decadencia\/","title":{"rendered":"LE MONDE: BRASIL \u00c9 UMA DEMOCRACIA EM DECAD\u00caNCIA"},"content":{"rendered":"<p><img data-recalc-dims=\"1\" loading=\"lazy\" decoding=\"async\" data-attachment-id=\"16331\" data-permalink=\"http:\/\/blogdalucianaoliveira.com.br\/blog\/2018\/01\/27\/le-monde-brasil-e-uma-democracia-em-decadencia\/5f58cd02-d058-4b84-8cc1-ab2fa04518c2\/\" data-orig-file=\"https:\/\/i0.wp.com\/blogdalucianaoliveira.com.br\/blog\/wp-content\/uploads\/2018\/01\/5F58CD02-D058-4B84-8CC1-AB2FA04518C2.jpeg?fit=1000%2C357\" data-orig-size=\"1000,357\" data-comments-opened=\"0\" data-image-meta=\"{&quot;aperture&quot;:&quot;0&quot;,&quot;credit&quot;:&quot;&quot;,&quot;camera&quot;:&quot;&quot;,&quot;caption&quot;:&quot;&quot;,&quot;created_timestamp&quot;:&quot;0&quot;,&quot;copyright&quot;:&quot;&quot;,&quot;focal_length&quot;:&quot;0&quot;,&quot;iso&quot;:&quot;0&quot;,&quot;shutter_speed&quot;:&quot;0&quot;,&quot;title&quot;:&quot;&quot;,&quot;orientation&quot;:&quot;0&quot;}\" data-image-title=\"5F58CD02-D058-4B84-8CC1-AB2FA04518C2\" data-image-description=\"\" data-image-caption=\"\" data-medium-file=\"https:\/\/i0.wp.com\/blogdalucianaoliveira.com.br\/blog\/wp-content\/uploads\/2018\/01\/5F58CD02-D058-4B84-8CC1-AB2FA04518C2.jpeg?fit=300%2C107\" data-large-file=\"https:\/\/i0.wp.com\/blogdalucianaoliveira.com.br\/blog\/wp-content\/uploads\/2018\/01\/5F58CD02-D058-4B84-8CC1-AB2FA04518C2.jpeg?fit=600%2C214\" src=\"https:\/\/i0.wp.com\/blogdalucianaoliveira.com.br\/blog\/wp-content\/uploads\/2018\/01\/5F58CD02-D058-4B84-8CC1-AB2FA04518C2.jpeg?resize=600%2C214\" alt=\"5F58CD02-D058-4B84-8CC1-AB2FA04518C2\" width=\"600\" height=\"214\" class=\"alignnone size-full wp-image-16331\" srcset=\"https:\/\/i0.wp.com\/blogdalucianaoliveira.com.br\/blog\/wp-content\/uploads\/2018\/01\/5F58CD02-D058-4B84-8CC1-AB2FA04518C2.jpeg?w=1000 1000w, https:\/\/i0.wp.com\/blogdalucianaoliveira.com.br\/blog\/wp-content\/uploads\/2018\/01\/5F58CD02-D058-4B84-8CC1-AB2FA04518C2.jpeg?resize=300%2C107 300w, https:\/\/i0.wp.com\/blogdalucianaoliveira.com.br\/blog\/wp-content\/uploads\/2018\/01\/5F58CD02-D058-4B84-8CC1-AB2FA04518C2.jpeg?resize=768%2C274 768w, https:\/\/i0.wp.com\/blogdalucianaoliveira.com.br\/blog\/wp-content\/uploads\/2018\/01\/5F58CD02-D058-4B84-8CC1-AB2FA04518C2.jpeg?resize=800%2C286 800w\" sizes=\"auto, (max-width: 600px) 100vw, 600px\" \/><\/p>\n<p>No 247 &#8211; \u00edtulo do editorial que o Le Monde dedica neste s\u00e1bado (27) \u00e0 crise pol\u00edtica no pa\u00eds e aos casos de corrup\u00e7\u00e3o que &#8220;atordoam os brasileiros&#8221;, segundo o jornal franc\u00eas.<!--more--><\/p>\n<p>Para o jornal, a condena\u00e7\u00e3o de Lula a 12 anos e um m\u00eas de pris\u00e3o, por corrup\u00e7\u00e3o e lavagem de dinheiro, \u00e9 um novo cap\u00edtulo da ca\u00f3tica hist\u00f3ria pol\u00edtica do pa\u00eds desde o impeachment da presidente Dilma Rousseff, em 2016.<\/p>\n<p>A entrega do passaporte de Lula aos agentes da pol\u00edcia federal, nesta sexta-feira, \u00e9 &#8220;mais uma humilha\u00e7\u00e3o para o ex-sindicalista, s\u00edmbolo da luta oper\u00e1ria na ditadura militar, um dos maiores dirigentes do pa\u00eds e estrela de c\u00fapulas internacionais no auge de sua carreira&#8221;, lembra o jornal. Por isso, o destino de Lula, o &#8220;pai dos pobres&#8221; gera todo tido de rea\u00e7\u00e3o extrema dentro e fora do pa\u00eds.<\/p>\n<p>Segundo o Le Monde, seus aliados defendem sua inoc\u00eancia e o consideram um &#8220;deus&#8221;, enquanto, para seus inimigos, ele \u00e9 um bandido. &#8220;Independentemente de algumas manobras judiciais estranhas, n\u00e3o \u00e9 absurdo pensar que o ex-metal\u00fargico sucumbiu \u00e0 tradi\u00e7\u00e3o clientelista do sistema pol\u00edtico brasileiro&#8221;, escreve o jornal, lembrando que o esc\u00e2ndalo do Mensal\u00e3o, em 2005, quase custou sua reelei\u00e7\u00e3o.<\/p>\n<p>&#8220;Sociedade de castas&#8221;<\/p>\n<p>Ao mesmo tempo, ressalta o jornal, o mal-estar no pa\u00eds cresce desde o impeachment da presidente Dilma Rousseff. A sa\u00edda da presidente, diz o Le Monde, n\u00e3o serviu &#8220;\u00e0 causa \u00e9tica prometida pela opera\u00e7\u00e3o anti-corrup\u00e7\u00e3o Lava Jato&#8221;, muito pelo contr\u00e1rio. Para o jornal, &#8220;a desgra\u00e7a de Lula mostra um espet\u00e1culo lament\u00e1vel de um velho mundo pol\u00edtico em decad\u00eancia&#8221;.<\/p>\n<p>O Le Monde lembra que, no mesmo momento em que os ju\u00edzes pronunciavam a senten\u00e7a contra Lula, o presidente Michel Temer, acusado de corrup\u00e7\u00e3o passiva, obstru\u00e7\u00e3o \u00e0 Justi\u00e7a, e participa\u00e7\u00e3o em organiza\u00e7\u00e3o criminosa, participava da C\u00fapula de Davos, tentando dar um ar de normalidade \u00e0 sua gest\u00e3o.<\/p>\n<p>&#8220;At\u00e9 agora, o chefe de estado conseguiu suspender os processos na Justi\u00e7a que o visam negociando favores com parlamentares que tamb\u00e9m s\u00e3o alvo do Judici\u00e1rio&#8221;, diz o texto, lembrando que pelo menos 45 dos 81 senadores foram indiciados por crimes variados. &#8220;Lava-Jato s\u00f3 traz \u00e0 tona pr\u00e1ticas bem anteriores a Lula&#8221;, ressalta o Le Monde.<\/p>\n<p>O jornal lembra que os esc\u00e2ndalos de corrup\u00e7\u00e3o no pa\u00eds s\u00e3o dignos de um filme de segunda categoria, e que a imunidade parlamentar \u00e9 instrumentalizada com um &#8220;grande cinismo&#8221;. H\u00e1 alguns meses das elei\u00e7\u00f5es, resume o jornal, o Brasil mostra a imagem de uma sociedade de castas, onde os dirigentes n\u00e3o obedecem \u00e0s mesmas leis que os miser\u00e1veis, o que \u00e9 indigno e perigoso para a maior democracia da Am\u00e9rica Latina.<\/p>\n","protected":false},"excerpt":{"rendered":"<p>No 247 &#8211; \u00edtulo do editorial que o Le Monde dedica neste s\u00e1bado (27) \u00e0 crise pol\u00edtica no pa\u00eds e aos casos de corrup\u00e7\u00e3o que &#8220;atordoam os brasileiros&#8221;, segundo o jornal franc\u00eas.<\/p>\n","protected":false},"author":1,"featured_media":0,"comment_status":"closed","ping_status":"open","sticky":false,"template":"","format":"standard","meta":{"_exactmetrics_skip_tracking":false,"_exactmetrics_sitenote_active":false,"_exactmetrics_sitenote_note":"","_exactmetrics_sitenote_category":0,"jetpack_post_was_ever_published":false,"_jetpack_newsletter_access":"","_jetpack_dont_email_post_to_subs":false,"_jetpack_newsletter_tier_id":0,"_jetpack_memberships_contains_paywalled_content":false,"_jetpack_memberships_contains_paid_content":false,"footnotes":"","jetpack_publicize_message":"","jetpack_publicize_feature_enabled":true,"jetpack_social_post_already_shared":true,"jetpack_social_options":{"image_generator_settings":{"template":"highway","enabled":false},"version":2}},"categories":[1],"tags":[],"class_list":["post-16330","post","type-post","status-publish","format-standard","hentry","category-notas"],"jetpack_publicize_connections":[],"jetpack_sharing_enabled":true,"jetpack_featured_media_url":"","jetpack_shortlink":"https:\/\/wp.me\/p7wKYW-4fo","jetpack-related-posts":[],"_links":{"self":[{"href":"http:\/\/blogdalucianaoliveira.com.br\/blog\/wp-json\/wp\/v2\/posts\/16330","targetHints":{"allow":["GET"]}}],"collection":[{"href":"http:\/\/blogdalucianaoliveira.com.br\/blog\/wp-json\/wp\/v2\/posts"}],"about":[{"href":"http:\/\/blogdalucianaoliveira.com.br\/blog\/wp-json\/wp\/v2\/types\/post"}],"author":[{"embeddable":true,"href":"http:\/\/blogdalucianaoliveira.com.br\/blog\/wp-json\/wp\/v2\/users\/1"}],"replies":[{"embeddable":true,"href":"http:\/\/blogdalucianaoliveira.com.br\/blog\/wp-json\/wp\/v2\/comments?post=16330"}],"version-history":[{"count":1,"href":"http:\/\/blogdalucianaoliveira.com.br\/blog\/wp-json\/wp\/v2\/posts\/16330\/revisions"}],"predecessor-version":[{"id":16332,"href":"http:\/\/blogdalucianaoliveira.com.br\/blog\/wp-json\/wp\/v2\/posts\/16330\/revisions\/16332"}],"wp:attachment":[{"href":"http:\/\/blogdalucianaoliveira.com.br\/blog\/wp-json\/wp\/v2\/media?parent=16330"}],"wp:term":[{"taxonomy":"category","embeddable":true,"href":"http:\/\/blogdalucianaoliveira.com.br\/blog\/wp-json\/wp\/v2\/categories?post=16330"},{"taxonomy":"post_tag","embeddable":true,"href":"http:\/\/blogdalucianaoliveira.com.br\/blog\/wp-json\/wp\/v2\/tags?post=16330"}],"curies":[{"name":"wp","href":"https:\/\/api.w.org\/{rel}","templated":true}]}}