{"id":16338,"date":"2018-01-28T20:06:13","date_gmt":"2018-01-29T00:06:13","guid":{"rendered":"http:\/\/blogdalucianaoliveira.com.br\/blog\/?p=16338"},"modified":"2018-01-28T20:06:13","modified_gmt":"2018-01-29T00:06:13","slug":"o-assombro-do-mundo-com-a-farsa-que-condenou-lula","status":"publish","type":"post","link":"http:\/\/blogdalucianaoliveira.com.br\/blog\/2018\/01\/28\/o-assombro-do-mundo-com-a-farsa-que-condenou-lula\/","title":{"rendered":"O assombro do mundo com a farsa que condenou Lula"},"content":{"rendered":"<p><img data-recalc-dims=\"1\" loading=\"lazy\" decoding=\"async\" data-attachment-id=\"16339\" data-permalink=\"http:\/\/blogdalucianaoliveira.com.br\/blog\/2018\/01\/28\/o-assombro-do-mundo-com-a-farsa-que-condenou-lula\/farsa\/\" data-orig-file=\"https:\/\/i0.wp.com\/blogdalucianaoliveira.com.br\/blog\/wp-content\/uploads\/2018\/01\/farsa.jpg?fit=490%2C280\" data-orig-size=\"490,280\" data-comments-opened=\"0\" data-image-meta=\"{&quot;aperture&quot;:&quot;0&quot;,&quot;credit&quot;:&quot;&quot;,&quot;camera&quot;:&quot;&quot;,&quot;caption&quot;:&quot;&quot;,&quot;created_timestamp&quot;:&quot;0&quot;,&quot;copyright&quot;:&quot;&quot;,&quot;focal_length&quot;:&quot;0&quot;,&quot;iso&quot;:&quot;0&quot;,&quot;shutter_speed&quot;:&quot;0&quot;,&quot;title&quot;:&quot;&quot;,&quot;orientation&quot;:&quot;0&quot;}\" data-image-title=\"farsa\" data-image-description=\"\" data-image-caption=\"\" data-medium-file=\"https:\/\/i0.wp.com\/blogdalucianaoliveira.com.br\/blog\/wp-content\/uploads\/2018\/01\/farsa.jpg?fit=300%2C171\" data-large-file=\"https:\/\/i0.wp.com\/blogdalucianaoliveira.com.br\/blog\/wp-content\/uploads\/2018\/01\/farsa.jpg?fit=490%2C280\" class=\"alignnone size-full wp-image-16339\" src=\"https:\/\/i0.wp.com\/blogdalucianaoliveira.com.br\/blog\/wp-content\/uploads\/2018\/01\/farsa.jpg?resize=490%2C280\" alt=\"farsa\" width=\"490\" height=\"280\" srcset=\"https:\/\/i0.wp.com\/blogdalucianaoliveira.com.br\/blog\/wp-content\/uploads\/2018\/01\/farsa.jpg?w=490 490w, https:\/\/i0.wp.com\/blogdalucianaoliveira.com.br\/blog\/wp-content\/uploads\/2018\/01\/farsa.jpg?resize=300%2C171 300w\" sizes=\"auto, (max-width: 490px) 100vw, 490px\" \/><\/p>\n<p>A farsa do tribunal de exce\u00e7\u00e3o da Lava Jato para condenar Lula sem provas e num processo totalmente manipulado, foi denunciada por juristas brasileiros e do mundo inteiro. Especialistas ficaram assombrados com o espet\u00e1culo dantesco que testemunharam.<!--more--><\/p>\n<p>No 247 &#8211; No Brasil, assim como em todo o planeta, espocaram manifesta\u00e7\u00f5es escandalizadas:<\/p>\n<p>&#8211; &#8220;Brasil nojento. Os corruptos e os EUA governam o Brasil sem limites&#8221;; Jean-Luc M\u00e9lenchon, pol\u00edtico franc\u00eas;<\/p>\n<p>&#8211; &#8220;Apesar de os ju\u00edzes tentarem mostrar que respeitam a democracia, foi uma grande farsa, a segunda parte da farsa desde o impeachment. Essa decis\u00e3o confirma que no atual Judici\u00e1rio do Brasil n\u00e3o h\u00e1 condi\u00e7\u00f5es de Lula ser examinado por uma Justi\u00e7a equ\u00e2nime. Nos Estados Unidos se chama isso de &#8216;tribunal canguru&#8217;, quando j\u00e1 se sabe que o r\u00e9u est\u00e1 condenado&#8221;; Paulo S\u00e9rgio Pinheiro, ex-ministro de Direitos Humanos do governo FHC;<\/p>\n<p>&#8211; &#8220;A confirma\u00e7\u00e3o da senten\u00e7a n\u00e3o prejudicaria apenas a credibilidade e efic\u00e1cia do combate \u00e0 corrup\u00e7\u00e3o, mas ao mesmo tempo revelaria a inexist\u00eancia de um Estado de Direito no Brasil&#8221;; Herta D\u00e4ubler-Gmelin, ministra da Justi\u00e7a da Alemanha de 1998 a 2002;<\/p>\n<p>&#8211; &#8220;A impress\u00e3o que este processo desperta \u00e9 de uma aus\u00eancia impressionante de imparcialidade por parte dos ju\u00edzes e procuradores que o promoveram, dificilmente explic\u00e1vel se n\u00e3o com a finalidade pol\u00edtica de p\u00f4r fim ao processo de reformas realizado no Brasil nos anos dos governos de Lula e Dilma Rousseff que retiraram da mis\u00e9ria 40 milh\u00f5es de brasileiros&#8221;; Luigi Ferrajoli, jurista italiano;<\/p>\n<p>&#8211; &#8220;O juiz Moro engajou-se em a\u00e7\u00f5es anti\u00e9ticas e, \u00e0s vezes, ilegais, dirigidas a Lula que claramente demonstraram que ele n\u00e3o era capaz de desempenhar as tarefas de um juiz imparcial no caso de Lula. Infelizmente, j\u00e1 h\u00e1 sinais que questionam a imparcialidade do Tribunal. O juiz que a preside afirmou publicamente que acredita que o processo de Moro contra Lula seja &#8216;impec\u00e1vel&#8217;, e sua chefe de gabinete recentemente postou uma peti\u00e7\u00e3o no facebook exigindo que Lula seja preso. N\u00f3s estamos profundamente preocupados com a evid\u00eancia crescente de viola\u00e7\u00f5es flagrantes dos direitos do processo de Lula e o que parece ser uma campanha de persegui\u00e7\u00e3o judicial motivada politicamente&#8221;; carta de parlamentares do Congresso dos EUA;<\/p>\n<p>&#8211; &#8220;Foi um grande vazio e uma grande vontade se condenar. Estamos verificando que o autoritarismo n\u00e3o veste mais o verde oliva dos militares. Sofreu uma muta\u00e7\u00e3o crom\u00e1tica e agora veste o preto (cor da toga dos ju\u00edzes). Condena\u00e7\u00e3o sem provas \u00e9 autoritarismo. Mas a hist\u00f3ria reserva a cada um dos personagens o seu papel devido. Quem se lembra do nome dos ju\u00edzes que condenaram Nelson Mandela?&#8221;; Jos\u00e9 Roberto Batochio, advogado criminalista, ex-presidente da OAB e membro da Federa\u00e7\u00e3o Interamericana de Advogados;<\/p>\n<p>&#8211; &#8220;Em face das chocantes irregularidades processuais e da grosseira seletividade das investiga\u00e7\u00f5es, cedo nos demos conta de que n\u00e3o se tratava de luta contra a corrup\u00e7\u00e3o, mas antes de liquidar, pela via judicial, n\u00e3o s\u00f3 as conquistas sociais da \u00faltima d\u00e9cada como tamb\u00e9m as for\u00e7as pol\u00edticas que as tornaram poss\u00edveis&#8221;; Boaventura de Souza Santos, jurista portugu\u00eas;<\/p>\n<p>&#8211; &#8220;Isso \u00e9 considerado inacredit\u00e1vel na Europa; imposs\u00edvel, pois isso tira o direito mais importante de quem est\u00e1 se defendendo: ter um juiz imparcial no seu caso. Eu estava l\u00e1 na sala e vi o promotor-chefe do caso sentado ao lado do relator. Fez seu almo\u00e7o ao lado dos ju\u00edzes e, depois, ainda teve conversas particulares com eles. Isso \u00e9 uma postura totalmente parcial, isso simplesmente n\u00e3o pode acontecer numa Corte. Tenho experi\u00eancia com casos de corrup\u00e7\u00e3o e, aqui nesta sess\u00e3o, n\u00e3o vi evid\u00eancias de corrup\u00e7\u00e3o. Foi uma experi\u00eancia triste sobre o sistema judici\u00e1rio brasileiro&#8221;; Geoffrey Robertson, advogado australiano que representa Lula na ONU;<\/p>\n<p>&#8211; &#8220;H\u00e1 um momento do julgamento de Lula em que o presidente da turma diz: &#8216;Terminamos a primeira fase, a das sustenta\u00e7\u00f5es orais. Faremos um intervalo de 5 minutos e, na volta, o relator ler\u00e1 seu voto&#8217;. Ups. Ato falho? O relator ler\u00e1 seu voto? E as sustenta\u00e7\u00f5es? Lembro que, no julgamento mitol\u00f3gico de Orestes, os jurados n\u00e3o tinham o voto pronto. Cada um votou depois de ouvirem a defesa e a acusa\u00e7\u00e3o. \u00c9 incr\u00edvel como, no Brasil, 2.500 anos depois, os votos v\u00eam prontos e n\u00e3o levam em conta nada do que foi dito nas sustenta\u00e7\u00f5es orais. Nem disfar\u00e7am. Afinal, por que manter, ent\u00e3o, esse teatro? Se a decis\u00e3o j\u00e1 est\u00e1 tomada? Isso n\u00e3o \u00e9 um desrespeito a quem sustenta?&#8221;; L\u00eanio Streck, jurista e professor;<\/p>\n<p>&#8211; &#8220;Chegou a ser um esc\u00e2ndalo. O Tribunal assumiu as dores do juiz Moro. Os magistrados funcionaram mais como advogados de Moro do que como magistrados. O ac\u00f3rd\u00e3o n\u00e3o diz qual \u00e9 o fato. Do que foi dito no voto do relator, o presidente Lula n\u00e3o se defendeu. Viram a fragilidade da quest\u00e3o do apartamento e foram por outros caminhos que n\u00e3o eram mat\u00e9ria da acusa\u00e7\u00e3o, do julgamento&#8221;; Eug\u00eanio Arag\u00e3o, Procurador da Rep\u00fablica aposentado, foi Ministro da Justi\u00e7a no governo Dilma Rousseff.<\/p>\n","protected":false},"excerpt":{"rendered":"<p>A farsa do tribunal de exce\u00e7\u00e3o da Lava Jato para condenar Lula sem provas e num processo totalmente manipulado, foi denunciada por juristas brasileiros e do mundo inteiro. Especialistas ficaram assombrados com o espet\u00e1culo dantesco que testemunharam.<\/p>\n","protected":false},"author":1,"featured_media":0,"comment_status":"closed","ping_status":"open","sticky":false,"template":"","format":"standard","meta":{"_exactmetrics_skip_tracking":false,"_exactmetrics_sitenote_active":false,"_exactmetrics_sitenote_note":"","_exactmetrics_sitenote_category":0,"jetpack_post_was_ever_published":false,"_jetpack_newsletter_access":"","_jetpack_dont_email_post_to_subs":false,"_jetpack_newsletter_tier_id":0,"_jetpack_memberships_contains_paywalled_content":false,"_jetpack_memberships_contains_paid_content":false,"footnotes":"","jetpack_publicize_message":"","jetpack_publicize_feature_enabled":true,"jetpack_social_post_already_shared":true,"jetpack_social_options":{"image_generator_settings":{"template":"highway","enabled":false},"version":2}},"categories":[1],"tags":[],"class_list":["post-16338","post","type-post","status-publish","format-standard","hentry","category-notas"],"jetpack_publicize_connections":[],"jetpack_sharing_enabled":true,"jetpack_featured_media_url":"","jetpack_shortlink":"https:\/\/wp.me\/p7wKYW-4fw","jetpack-related-posts":[],"_links":{"self":[{"href":"http:\/\/blogdalucianaoliveira.com.br\/blog\/wp-json\/wp\/v2\/posts\/16338","targetHints":{"allow":["GET"]}}],"collection":[{"href":"http:\/\/blogdalucianaoliveira.com.br\/blog\/wp-json\/wp\/v2\/posts"}],"about":[{"href":"http:\/\/blogdalucianaoliveira.com.br\/blog\/wp-json\/wp\/v2\/types\/post"}],"author":[{"embeddable":true,"href":"http:\/\/blogdalucianaoliveira.com.br\/blog\/wp-json\/wp\/v2\/users\/1"}],"replies":[{"embeddable":true,"href":"http:\/\/blogdalucianaoliveira.com.br\/blog\/wp-json\/wp\/v2\/comments?post=16338"}],"version-history":[{"count":1,"href":"http:\/\/blogdalucianaoliveira.com.br\/blog\/wp-json\/wp\/v2\/posts\/16338\/revisions"}],"predecessor-version":[{"id":16340,"href":"http:\/\/blogdalucianaoliveira.com.br\/blog\/wp-json\/wp\/v2\/posts\/16338\/revisions\/16340"}],"wp:attachment":[{"href":"http:\/\/blogdalucianaoliveira.com.br\/blog\/wp-json\/wp\/v2\/media?parent=16338"}],"wp:term":[{"taxonomy":"category","embeddable":true,"href":"http:\/\/blogdalucianaoliveira.com.br\/blog\/wp-json\/wp\/v2\/categories?post=16338"},{"taxonomy":"post_tag","embeddable":true,"href":"http:\/\/blogdalucianaoliveira.com.br\/blog\/wp-json\/wp\/v2\/tags?post=16338"}],"curies":[{"name":"wp","href":"https:\/\/api.w.org\/{rel}","templated":true}]}}