{"id":16350,"date":"2018-01-29T13:11:15","date_gmt":"2018-01-29T17:11:15","guid":{"rendered":"http:\/\/blogdalucianaoliveira.com.br\/blog\/?p=16350"},"modified":"2018-01-29T13:36:12","modified_gmt":"2018-01-29T17:36:12","slug":"quem-apoiou-o-golpe-cre-na-condenacao-de-lula-como-indulgencia","status":"publish","type":"post","link":"http:\/\/blogdalucianaoliveira.com.br\/blog\/2018\/01\/29\/quem-apoiou-o-golpe-cre-na-condenacao-de-lula-como-indulgencia\/","title":{"rendered":"QUEM APOIOU O GOLPE CR\u00ca NA CONDENA\u00c7\u00c3O DE LULA COMO INDULG\u00caNCIA"},"content":{"rendered":"<p><img data-recalc-dims=\"1\" loading=\"lazy\" decoding=\"async\" data-attachment-id=\"16354\" data-permalink=\"http:\/\/blogdalucianaoliveira.com.br\/blog\/2018\/01\/29\/quem-apoiou-o-golpe-cre-na-condenacao-de-lula-como-indulgencia\/ro-4\/\" data-orig-file=\"https:\/\/i0.wp.com\/blogdalucianaoliveira.com.br\/blog\/wp-content\/uploads\/2018\/01\/ro.jpg?fit=616%2C357\" data-orig-size=\"616,357\" data-comments-opened=\"0\" data-image-meta=\"{&quot;aperture&quot;:&quot;0&quot;,&quot;credit&quot;:&quot;&quot;,&quot;camera&quot;:&quot;&quot;,&quot;caption&quot;:&quot;&quot;,&quot;created_timestamp&quot;:&quot;0&quot;,&quot;copyright&quot;:&quot;&quot;,&quot;focal_length&quot;:&quot;0&quot;,&quot;iso&quot;:&quot;0&quot;,&quot;shutter_speed&quot;:&quot;0&quot;,&quot;title&quot;:&quot;&quot;,&quot;orientation&quot;:&quot;0&quot;}\" data-image-title=\"ro\" data-image-description=\"\" data-image-caption=\"\" data-medium-file=\"https:\/\/i0.wp.com\/blogdalucianaoliveira.com.br\/blog\/wp-content\/uploads\/2018\/01\/ro.jpg?fit=300%2C174\" data-large-file=\"https:\/\/i0.wp.com\/blogdalucianaoliveira.com.br\/blog\/wp-content\/uploads\/2018\/01\/ro.jpg?fit=600%2C348\" src=\"https:\/\/i0.wp.com\/blogdalucianaoliveira.com.br\/blog\/wp-content\/uploads\/2018\/01\/ro.jpg?resize=600%2C348\" alt=\"ro\" width=\"600\" height=\"348\" class=\"alignnone size-full wp-image-16354\" srcset=\"https:\/\/i0.wp.com\/blogdalucianaoliveira.com.br\/blog\/wp-content\/uploads\/2018\/01\/ro.jpg?w=616 616w, https:\/\/i0.wp.com\/blogdalucianaoliveira.com.br\/blog\/wp-content\/uploads\/2018\/01\/ro.jpg?resize=300%2C174 300w, https:\/\/i0.wp.com\/blogdalucianaoliveira.com.br\/blog\/wp-content\/uploads\/2018\/01\/ro.jpg?resize=518%2C300 518w\" sizes=\"auto, (max-width: 600px) 100vw, 600px\" \/><\/p>\n<p>\u201cA culpa n\u00e3o \u00e9 minha, votei no A\u00e9cio\u201d, dizia a torcida pela deposi\u00e7\u00e3o da presidenta eleita Dilma Rousseff, quando a crise pol\u00edtica e econ\u00f4mica no pa\u00eds se estabelecia com boicote parlamentar, midi\u00e1tico e judicial.<\/p>\n<p>A frase virou estampa de camiseta de famosos e viralizou como \u2018meme\u2019 na internet.<\/p>\n<p>A verdade n\u00e3o demorou a vir \u00e0 tona e com fartas provas em \u00e1udios e v\u00eddeos.<\/p>\n<p>Foi golpe, sim.  Os canalhas que articularam o golpe foram desmascarados e A\u00e9cio Neves, al\u00e9m de provado corrupto,<br \/>\nfoi flagrado amea\u00e7ando de morte quem o delatasse. <!--more--><\/p>\n<p>Como algu\u00e9m que acreditou no discurso de A\u00e9cio, que teve Eduardo Cunha como bandido favorito e o juiz S\u00e9rgio Moro como s\u00edmbolo de isen\u00e7\u00e3o, pode amenizar o peso de sua consci\u00eancia num pa\u00eds com todos os poderes desmoralizados?<\/p>\n<p>Ao que vemos, exaltando uma condena\u00e7\u00e3o ainda que sem provas, como demonstra\u00e7\u00e3o de justi\u00e7a. <\/p>\n<p>S\u00f3 que n\u00e3o pode haver perd\u00e3o para quem apoia tal tipo de julgamento, como alertava Martinho Lutero no s\u00e9culo XVI sobre a absolvi\u00e7\u00e3o de pecados por meio de indulg\u00eancias.<\/p>\n<p>N\u00e3o se alcan\u00e7a a f\u00e9 por ordem do papa.<br \/>\nNem a justi\u00e7a, por for\u00e7a de senten\u00e7a injusta.<\/p>\n<p><img data-recalc-dims=\"1\" loading=\"lazy\" decoding=\"async\" data-attachment-id=\"16352\" data-permalink=\"http:\/\/blogdalucianaoliveira.com.br\/blog\/2018\/01\/29\/quem-apoiou-o-golpe-cre-na-condenacao-de-lula-como-indulgencia\/poa\/\" data-orig-file=\"https:\/\/i0.wp.com\/blogdalucianaoliveira.com.br\/blog\/wp-content\/uploads\/2018\/01\/POA.jpg?fit=780%2C490\" data-orig-size=\"780,490\" data-comments-opened=\"0\" data-image-meta=\"{&quot;aperture&quot;:&quot;0&quot;,&quot;credit&quot;:&quot;&quot;,&quot;camera&quot;:&quot;&quot;,&quot;caption&quot;:&quot;&quot;,&quot;created_timestamp&quot;:&quot;0&quot;,&quot;copyright&quot;:&quot;&quot;,&quot;focal_length&quot;:&quot;0&quot;,&quot;iso&quot;:&quot;0&quot;,&quot;shutter_speed&quot;:&quot;0&quot;,&quot;title&quot;:&quot;&quot;,&quot;orientation&quot;:&quot;0&quot;}\" data-image-title=\"POA\" data-image-description=\"\" data-image-caption=\"\" data-medium-file=\"https:\/\/i0.wp.com\/blogdalucianaoliveira.com.br\/blog\/wp-content\/uploads\/2018\/01\/POA.jpg?fit=300%2C188\" data-large-file=\"https:\/\/i0.wp.com\/blogdalucianaoliveira.com.br\/blog\/wp-content\/uploads\/2018\/01\/POA.jpg?fit=600%2C377\" src=\"https:\/\/i0.wp.com\/blogdalucianaoliveira.com.br\/blog\/wp-content\/uploads\/2018\/01\/POA.jpg?resize=600%2C377\" alt=\"POA\" width=\"600\" height=\"377\" class=\"alignnone size-full wp-image-16352\" srcset=\"https:\/\/i0.wp.com\/blogdalucianaoliveira.com.br\/blog\/wp-content\/uploads\/2018\/01\/POA.jpg?w=780 780w, https:\/\/i0.wp.com\/blogdalucianaoliveira.com.br\/blog\/wp-content\/uploads\/2018\/01\/POA.jpg?resize=300%2C188 300w, https:\/\/i0.wp.com\/blogdalucianaoliveira.com.br\/blog\/wp-content\/uploads\/2018\/01\/POA.jpg?resize=768%2C482 768w, https:\/\/i0.wp.com\/blogdalucianaoliveira.com.br\/blog\/wp-content\/uploads\/2018\/01\/POA.jpg?resize=478%2C300 478w\" sizes=\"auto, (max-width: 600px) 100vw, 600px\" \/><\/p>\n<p>A igreja protestante nasceu combatendo a mentira de que se salvaria quem depositasse a f\u00e9 num peda\u00e7o de papel.<\/p>\n<p>Repito Lutero a quem se regozija com a confirma\u00e7\u00e3o de uma senten\u00e7a viciada contra o ex-presidente Lula: \u201cEu lhe suplico, deixe sua cabe\u00e7a mais leve e o c\u00e9rebro mais limpo\u201d.<\/p>\n<p>Se quer perd\u00e3o por apoiar o golpe \u00e0 democracia e se omitir \u00e0 destrui\u00e7\u00e3o de direitos que o governo corrupto promove, n\u00e3o recorra \u00e0 decis\u00e3o imunda de S\u00e9rgio Moro confirmada no TRF-4.<\/p>\n<p>N\u00e3o h\u00e1 justi\u00e7a, nem a m\u00ednima sensa\u00e7\u00e3o de para\u00edso numa senten\u00e7a que imp\u00f5e inseguran\u00e7a jur\u00eddica a todos.<\/p>\n<p>A f\u00e9 na justi\u00e7a depende de pr\u00e1tica, de viver com no\u00e7\u00f5es claras sobre o certo e o errado.<br \/>\nMuitos seguem o caminho da degusta\u00e7\u00e3o de senten\u00e7as que o agradam. Pior, \u00e9 o que prova a injusti\u00e7a s\u00f3 para ver os mais pobres ainda mais pobres.<\/p>\n<p>Com rebeldia, desprezando a excomunh\u00e3o injusta, Lutero mudou o mapa do cristianismo, o mundo.<\/p>\n<p>\u201cMesmo se eu soubesse que amanh\u00e3 o mundo se partiria em peda\u00e7os, eu ainda plantaria a minha macieira.\u201d<\/p>\n<p>Assim foi com Nelson Mandela, condenado por trai\u00e7\u00e3o e preso por quase tr\u00eas d\u00e9cadas por defender a popula\u00e7\u00e3o negra contra o racismo.<\/p>\n<p>As ideias dos que foram submetidos a senten\u00e7as injustas estar\u00e3o sempre acima da lei.<\/p>\n<p>E quem recusar a verdade, como bem disse Lutero, que experimente o inferno do triunfo da injusti\u00e7a \u201cjuntamente com os seus mestres, aqueles que julgam obter certeza de sua salva\u00e7\u00e3o mediante breves de indulg\u00eancia.\u201d<\/p>\n<p>N\u00e3o implorem por al\u00edvio celebrando a condena\u00e7\u00e3o de Lula sem provas, gra\u00e7as a um juiz partid\u00e1rio que priorizou o interesse pelo lucro ao bem estar do povo.<\/p>\n<p>Moro agiu como Johann Tetzel, o maior vendedor de indulg\u00eancias da Santa S\u00e9 que Lutero definia como \u201cum nojento, um idiota, um monte de bostas, filhote de cobra, um mentiroso, um imbecil louco de boca espumante com cara de meretriz.\u201d<\/p>\n<p><img data-recalc-dims=\"1\" loading=\"lazy\" decoding=\"async\" data-attachment-id=\"16356\" data-permalink=\"http:\/\/blogdalucianaoliveira.com.br\/blog\/2018\/01\/29\/quem-apoiou-o-golpe-cre-na-condenacao-de-lula-como-indulgencia\/mere\/\" data-orig-file=\"https:\/\/i0.wp.com\/blogdalucianaoliveira.com.br\/blog\/wp-content\/uploads\/2018\/01\/mere.jpg?fit=300%2C168\" data-orig-size=\"300,168\" data-comments-opened=\"0\" data-image-meta=\"{&quot;aperture&quot;:&quot;0&quot;,&quot;credit&quot;:&quot;&quot;,&quot;camera&quot;:&quot;&quot;,&quot;caption&quot;:&quot;&quot;,&quot;created_timestamp&quot;:&quot;0&quot;,&quot;copyright&quot;:&quot;&quot;,&quot;focal_length&quot;:&quot;0&quot;,&quot;iso&quot;:&quot;0&quot;,&quot;shutter_speed&quot;:&quot;0&quot;,&quot;title&quot;:&quot;&quot;,&quot;orientation&quot;:&quot;0&quot;}\" data-image-title=\"mere\" data-image-description=\"\" data-image-caption=\"\" data-medium-file=\"https:\/\/i0.wp.com\/blogdalucianaoliveira.com.br\/blog\/wp-content\/uploads\/2018\/01\/mere.jpg?fit=300%2C168\" data-large-file=\"https:\/\/i0.wp.com\/blogdalucianaoliveira.com.br\/blog\/wp-content\/uploads\/2018\/01\/mere.jpg?fit=300%2C168\" src=\"https:\/\/i0.wp.com\/blogdalucianaoliveira.com.br\/blog\/wp-content\/uploads\/2018\/01\/mere.jpg?resize=300%2C168\" alt=\"mere\" width=\"300\" height=\"168\" class=\"alignnone size-full wp-image-16356\" \/><\/p>\n","protected":false},"excerpt":{"rendered":"<p>\u201cA culpa n\u00e3o \u00e9 minha, votei no A\u00e9cio\u201d, dizia a torcida pela deposi\u00e7\u00e3o da presidenta eleita Dilma Rousseff, quando a crise pol\u00edtica e econ\u00f4mica no pa\u00eds se estabelecia com boicote parlamentar, midi\u00e1tico e judicial. A frase virou estampa de camiseta de famosos e viralizou como \u2018meme\u2019 na internet. A verdade n\u00e3o demorou a vir \u00e0&#8230;<a class=\"more-link\" href=\"http:\/\/blogdalucianaoliveira.com.br\/blog\/2018\/01\/29\/quem-apoiou-o-golpe-cre-na-condenacao-de-lula-como-indulgencia\/\">Continue a leitura <span class=\"meta-nav\">&raquo;<\/span><\/a><\/p>\n","protected":false},"author":1,"featured_media":16354,"comment_status":"closed","ping_status":"open","sticky":false,"template":"","format":"standard","meta":{"_exactmetrics_skip_tracking":false,"_exactmetrics_sitenote_active":false,"_exactmetrics_sitenote_note":"","_exactmetrics_sitenote_category":0,"jetpack_post_was_ever_published":false,"_jetpack_newsletter_access":"","_jetpack_dont_email_post_to_subs":false,"_jetpack_newsletter_tier_id":0,"_jetpack_memberships_contains_paywalled_content":false,"_jetpack_memberships_contains_paid_content":false,"footnotes":"","jetpack_publicize_message":"","jetpack_publicize_feature_enabled":true,"jetpack_social_post_already_shared":true,"jetpack_social_options":{"image_generator_settings":{"template":"highway","enabled":false},"version":2}},"categories":[1],"tags":[],"class_list":["post-16350","post","type-post","status-publish","format-standard","has-post-thumbnail","hentry","category-notas"],"jetpack_publicize_connections":[],"jetpack_sharing_enabled":true,"jetpack_featured_media_url":"https:\/\/i0.wp.com\/blogdalucianaoliveira.com.br\/blog\/wp-content\/uploads\/2018\/01\/ro.jpg?fit=616%2C357","jetpack_shortlink":"https:\/\/wp.me\/p7wKYW-4fI","jetpack-related-posts":[],"_links":{"self":[{"href":"http:\/\/blogdalucianaoliveira.com.br\/blog\/wp-json\/wp\/v2\/posts\/16350","targetHints":{"allow":["GET"]}}],"collection":[{"href":"http:\/\/blogdalucianaoliveira.com.br\/blog\/wp-json\/wp\/v2\/posts"}],"about":[{"href":"http:\/\/blogdalucianaoliveira.com.br\/blog\/wp-json\/wp\/v2\/types\/post"}],"author":[{"embeddable":true,"href":"http:\/\/blogdalucianaoliveira.com.br\/blog\/wp-json\/wp\/v2\/users\/1"}],"replies":[{"embeddable":true,"href":"http:\/\/blogdalucianaoliveira.com.br\/blog\/wp-json\/wp\/v2\/comments?post=16350"}],"version-history":[{"count":3,"href":"http:\/\/blogdalucianaoliveira.com.br\/blog\/wp-json\/wp\/v2\/posts\/16350\/revisions"}],"predecessor-version":[{"id":16357,"href":"http:\/\/blogdalucianaoliveira.com.br\/blog\/wp-json\/wp\/v2\/posts\/16350\/revisions\/16357"}],"wp:featuredmedia":[{"embeddable":true,"href":"http:\/\/blogdalucianaoliveira.com.br\/blog\/wp-json\/wp\/v2\/media\/16354"}],"wp:attachment":[{"href":"http:\/\/blogdalucianaoliveira.com.br\/blog\/wp-json\/wp\/v2\/media?parent=16350"}],"wp:term":[{"taxonomy":"category","embeddable":true,"href":"http:\/\/blogdalucianaoliveira.com.br\/blog\/wp-json\/wp\/v2\/categories?post=16350"},{"taxonomy":"post_tag","embeddable":true,"href":"http:\/\/blogdalucianaoliveira.com.br\/blog\/wp-json\/wp\/v2\/tags?post=16350"}],"curies":[{"name":"wp","href":"https:\/\/api.w.org\/{rel}","templated":true}]}}