{"id":16371,"date":"2018-01-30T13:32:08","date_gmt":"2018-01-30T17:32:08","guid":{"rendered":"http:\/\/blogdalucianaoliveira.com.br\/blog\/?p=16371"},"modified":"2018-01-30T13:32:08","modified_gmt":"2018-01-30T17:32:08","slug":"os-intocaveis-uma-historia-real-sobre-os-gargalos-do-poder","status":"publish","type":"post","link":"http:\/\/blogdalucianaoliveira.com.br\/blog\/2018\/01\/30\/os-intocaveis-uma-historia-real-sobre-os-gargalos-do-poder\/","title":{"rendered":"Os Intoc\u00e1veis \u2013 Uma hist\u00f3ria real sobre os gargalos do Poder"},"content":{"rendered":"<p><img data-recalc-dims=\"1\" loading=\"lazy\" decoding=\"async\" data-attachment-id=\"16372\" data-permalink=\"http:\/\/blogdalucianaoliveira.com.br\/blog\/2018\/01\/30\/os-intocaveis-uma-historia-real-sobre-os-gargalos-do-poder\/into\/\" data-orig-file=\"https:\/\/i0.wp.com\/blogdalucianaoliveira.com.br\/blog\/wp-content\/uploads\/2018\/01\/into.jpg?fit=700%2C700\" data-orig-size=\"700,700\" data-comments-opened=\"0\" data-image-meta=\"{&quot;aperture&quot;:&quot;0&quot;,&quot;credit&quot;:&quot;&quot;,&quot;camera&quot;:&quot;&quot;,&quot;caption&quot;:&quot;&quot;,&quot;created_timestamp&quot;:&quot;0&quot;,&quot;copyright&quot;:&quot;&quot;,&quot;focal_length&quot;:&quot;0&quot;,&quot;iso&quot;:&quot;0&quot;,&quot;shutter_speed&quot;:&quot;0&quot;,&quot;title&quot;:&quot;&quot;,&quot;orientation&quot;:&quot;1&quot;}\" data-image-title=\"into\" data-image-description=\"\" data-image-caption=\"\" data-medium-file=\"https:\/\/i0.wp.com\/blogdalucianaoliveira.com.br\/blog\/wp-content\/uploads\/2018\/01\/into.jpg?fit=300%2C300\" data-large-file=\"https:\/\/i0.wp.com\/blogdalucianaoliveira.com.br\/blog\/wp-content\/uploads\/2018\/01\/into.jpg?fit=600%2C600\" src=\"https:\/\/i0.wp.com\/blogdalucianaoliveira.com.br\/blog\/wp-content\/uploads\/2018\/01\/into.jpg?resize=600%2C600\" alt=\"into\" width=\"600\" height=\"600\" class=\"alignnone size-full wp-image-16372\" srcset=\"https:\/\/i0.wp.com\/blogdalucianaoliveira.com.br\/blog\/wp-content\/uploads\/2018\/01\/into.jpg?w=700 700w, https:\/\/i0.wp.com\/blogdalucianaoliveira.com.br\/blog\/wp-content\/uploads\/2018\/01\/into.jpg?resize=150%2C150 150w, https:\/\/i0.wp.com\/blogdalucianaoliveira.com.br\/blog\/wp-content\/uploads\/2018\/01\/into.jpg?resize=300%2C300 300w\" sizes=\"auto, (max-width: 600px) 100vw, 600px\" \/><\/p>\n<p><strong>No Rond\u00f4nia Din\u00e2mica, por Vin\u00edcius Canova <\/strong>\u2013 A luta contra a corrup\u00e7\u00e3o e o combate \u00e0 imoralidade na vida p\u00fablica s\u00e3o desorganizados e segmentados: s\u00f3 existem para alimentar levantes sect\u00e1rios, narcisistas, pretensiosamente ideol\u00f3gicos.<!--more--><\/p>\n<p>O cidad\u00e3o de bem \u201cempiriquitado\u201d de verde-amarelo, munido dos c\u00e2nticos nacionalistas e que costuma empunhar a bandeira brasileira ao vociferar contra a politicagem e seus desmandos consegue retornar ao lar e recostar a cabe\u00e7a no travesseiro dando parab\u00e9ns a si e crendo \u2013 inacreditavelmente \u2013 ter feito um trabalho excepcional.<\/p>\n<p>\u00c0 risca, o restante da insurg\u00eancia \u00e9 desenvolvido atrav\u00e9s das redes sociais com o bumbum devidamente acomodado numa garbosa cadeira de couro gordo; o territ\u00f3rio \u00e9 f\u00e9rtil para bobajada que, absolvida rapidamente por outros guerrilheiros apedeutas, ganha o mundo em segundos embrulhada \u00e0s tonalidades de combate eficiente \u2013 como se fosse algo significativo e real.<\/p>\n<p>Com o ac\u00f3rd\u00e3o que sacramentou a condena\u00e7\u00e3o do ex-presidente Lula no caso tr\u00edplex, o Brasil comemora o fim da corrup\u00e7\u00e3o: n\u00e3o existem mais malas de dinheiro correndo aqui e acol\u00e1; n\u00e3o h\u00e1 mais compra de deputados para aprova\u00e7\u00e3o de pleitos do Executivo; os criminosos do colarinho branco est\u00e3o apenas na fic\u00e7\u00e3o e o Planeta Terra passa a ser um lugar mais seguro, limpo, rico e maravilhoso para se viver.<\/p>\n<p>N\u00e3o!<\/p>\n<p>A sociedade civil desorganizada, ora cega, surda e muda, resolveu tirar f\u00e9rias por tempo indeterminado. Com a esquerda e o lulismo \u201cvencidos\u201d, digamos assim, n\u00e3o h\u00e1 mais raz\u00e3o para pelejar gratuitamente.<\/p>\n<p>E j\u00e1 que a ca\u00e7a \u00e0s bruxas encerrou com cabe\u00e7as decepadas e corpos queimados, n\u00e3o h\u00e1 motivos para questionar o &#8220;ilibad\u00edssimo&#8221; deputado presidenci\u00e1vel Jair Bolsonaro (PSL) sobre a ascens\u00e3o de seu patrim\u00f4nio em tr\u00eas d\u00e9cadas de um vazio gritante e muito menos acerca do recebimento indiscriminado do imoral\u00edssimo aux\u00edlio-moradia.<\/p>\n<p>Com a turba ensandecida de seguidores relativizando pro seu lado e tentando justificar o injustific\u00e1vel, formou-se um abre-alas para que hist\u00f3rias semelhantes fossem compreendidas e aceitas da mesma forma. O status viral de inquestionabilidade contaminou geral.<\/p>\n<p>O juiz federal Marcelo Bretas, que concorre com S\u00e9rgio Moro pelo t\u00edtulo de her\u00f3i do Pa\u00eds, precisa morar duas vezes.<\/p>\n<p>Quem explica melhor \u00e9 o jornalista Reinaldo Azevedo que, embora tenha s\u00e9rias diverg\u00eancias com praticamente 90% do que diz e escreve, \u00e0s vezes \u00e9 t\u00e3o visceral que d\u00e1 pra enxergar a situa\u00e7\u00e3o em carne viva, pulsando em gl\u00f3bulos vermelhos!<\/p>\n<p>\u201cPois bem! A coluna \u201cPainel\u201d desta segunda, da Folha, revelou algo realmente impressionante. O juiz Marcelo Bretas, da 7\u00aa Vara Federal do Rio \u2014 aquele que j\u00e1 \u00e9 bem mais famoso do que S\u00e9rgio Cabral, seu r\u00e9u de estima\u00e7\u00e3o \u2014, que gosta de disputar com S\u00e9rgio Moro, a sua vers\u00e3o mais chique, o galard\u00e3o de homem de moral mais ilibada do pa\u00eds, \u00e9 benefici\u00e1rio n\u00e3o de um, mas de dois aux\u00edlios-moradia. Explica-se: sua mulher tamb\u00e9m \u00e9 ju\u00edza. E, parece, eles precisam morar, sei l\u00e1, duas vezes\u2026  S\u00f3 o aux\u00edlio-moradia rende ao casal R$ 8.755,46 por m\u00eas, mais de quatro vezes o rendimento m\u00e9dio do trabalhador de Ban\u00e2nia. O pagamento do benef\u00edcio, que alcan\u00e7a quase 18 mil ju\u00edzes e 13 mil membros do Minist\u00e9rio P\u00fablico custa R$ 1,6 bilh\u00e3o aos cofres p\u00fablicos. N\u00e3o sei se ocorre ao leitor: n\u00e3o existe \u201ccofre p\u00fablico\u201d. Existe \u00e9 o seu dinheiro \u2013 Reinaldo Azevedo\u201d.<\/p>\n<p>Quando voc\u00ea alardeia tanto sobre qualidades positivas de determinadas figuras p\u00fablicas, entendo, \u00e9 dif\u00edcil voltar atr\u00e1s e reconhecer a estupidez. Talvez seja por isso que tanta gente resolveu aquartelar-se de repente, sem mais nem menos: a vergonha inexor\u00e1vel \u00e9 o casco da tartaruga encurralada, o buraco da avestruz de c\u00fatis enrubescida.  <\/p>\n<p>Ser instrumento, mero part\u00edcipe num esquema para derrubar pol\u00edticos j\u00e1 depostos, fora do meti\u00ea, n\u00e3o o credencia ao hero\u00edsmo; pelo contr\u00e1rio, imp\u00f5e \u00e0 sua identidade as amarras que controlam o boneco de ventr\u00edloquo.<\/p>\n<p>Uma marionete do sistema sem coragem para rebelar-se contra os verdadeiros acintes, contra todos eles.<\/p>\n<p>E o medo de demonstrar indigna\u00e7\u00e3o com o disp\u00eandio dos novos Intoc\u00e1veis denota claramente um novo momento de letargia popular, coletiva.<\/p>\n<p>Durma bem enquanto seus \u00eddolos, sob pretexto de agir dentro da legalidade \u2013 ainda que da maneira mais imoral poss\u00edvel \u2013 continuam a contribuir com o esvaziamento dos cofres p\u00fablicos ao mesmo tempo em que recebem seus aplausos e urros de clamor.<\/p>\n<p>Durma bem. E apague a luz.<\/p>\n","protected":false},"excerpt":{"rendered":"<p>No Rond\u00f4nia Din\u00e2mica, por Vin\u00edcius Canova \u2013 A luta contra a corrup\u00e7\u00e3o e o combate \u00e0 imoralidade na vida p\u00fablica s\u00e3o desorganizados e segmentados: s\u00f3 existem para alimentar levantes sect\u00e1rios, narcisistas, pretensiosamente ideol\u00f3gicos.<\/p>\n","protected":false},"author":1,"featured_media":0,"comment_status":"closed","ping_status":"open","sticky":false,"template":"","format":"standard","meta":{"_exactmetrics_skip_tracking":false,"_exactmetrics_sitenote_active":false,"_exactmetrics_sitenote_note":"","_exactmetrics_sitenote_category":0,"jetpack_post_was_ever_published":false,"_jetpack_newsletter_access":"","_jetpack_dont_email_post_to_subs":false,"_jetpack_newsletter_tier_id":0,"_jetpack_memberships_contains_paywalled_content":false,"_jetpack_memberships_contains_paid_content":false,"footnotes":"","jetpack_publicize_message":"","jetpack_publicize_feature_enabled":true,"jetpack_social_post_already_shared":true,"jetpack_social_options":{"image_generator_settings":{"template":"highway","enabled":false},"version":2}},"categories":[1],"tags":[],"class_list":["post-16371","post","type-post","status-publish","format-standard","hentry","category-notas"],"jetpack_publicize_connections":[],"jetpack_sharing_enabled":true,"jetpack_featured_media_url":"","jetpack_shortlink":"https:\/\/wp.me\/p7wKYW-4g3","jetpack-related-posts":[],"_links":{"self":[{"href":"http:\/\/blogdalucianaoliveira.com.br\/blog\/wp-json\/wp\/v2\/posts\/16371","targetHints":{"allow":["GET"]}}],"collection":[{"href":"http:\/\/blogdalucianaoliveira.com.br\/blog\/wp-json\/wp\/v2\/posts"}],"about":[{"href":"http:\/\/blogdalucianaoliveira.com.br\/blog\/wp-json\/wp\/v2\/types\/post"}],"author":[{"embeddable":true,"href":"http:\/\/blogdalucianaoliveira.com.br\/blog\/wp-json\/wp\/v2\/users\/1"}],"replies":[{"embeddable":true,"href":"http:\/\/blogdalucianaoliveira.com.br\/blog\/wp-json\/wp\/v2\/comments?post=16371"}],"version-history":[{"count":1,"href":"http:\/\/blogdalucianaoliveira.com.br\/blog\/wp-json\/wp\/v2\/posts\/16371\/revisions"}],"predecessor-version":[{"id":16373,"href":"http:\/\/blogdalucianaoliveira.com.br\/blog\/wp-json\/wp\/v2\/posts\/16371\/revisions\/16373"}],"wp:attachment":[{"href":"http:\/\/blogdalucianaoliveira.com.br\/blog\/wp-json\/wp\/v2\/media?parent=16371"}],"wp:term":[{"taxonomy":"category","embeddable":true,"href":"http:\/\/blogdalucianaoliveira.com.br\/blog\/wp-json\/wp\/v2\/categories?post=16371"},{"taxonomy":"post_tag","embeddable":true,"href":"http:\/\/blogdalucianaoliveira.com.br\/blog\/wp-json\/wp\/v2\/tags?post=16371"}],"curies":[{"name":"wp","href":"https:\/\/api.w.org\/{rel}","templated":true}]}}